{"id":41111,"date":"2017-05-20T15:48:00","date_gmt":"2017-05-20T12:48:00","guid":{"rendered":"http:\/\/gzone.com.tr\/?p=41111"},"modified":"2017-05-20T15:48:00","modified_gmt":"2017-05-20T12:48:00","slug":"litvanya-cecenistandan-kacan-escinsellere-kapilarini-acti","status":"publish","type":"post","link":"http:\/\/www.gzone.com.tr\/index.php\/2017\/05\/20\/litvanya-cecenistandan-kacan-escinsellere-kapilarini-acti\/","title":{"rendered":"L\u0130TVANYA, \u00c7E\u00c7EN\u0130STAN&#8217;DAN KA\u00c7AN E\u015eC\u0130NSELLERE KAPILARINI A\u00c7TI"},"content":{"rendered":"<p><strong>T\u00fcm d\u00fcnyan\u0131n g\u00fcndemine oturan \u00c7e\u00e7enistan&#8217;da e\u015fcinsellere kar\u015f\u0131 yap\u0131lan soyk\u0131r\u0131m giri\u015fimine Litvanya&#8217;dan tepki geldi. Litvanya d\u0131\u015fi\u015fleri bakan\u0131\u00a0Linas Linkevi\u010dius \u015fu zamana kadar iki \u00c7e\u00e7enistan vatanda\u015f\u0131n\u0131n s\u0131\u011f\u0131nma taleplerini kabul ettiklerini a\u00e7\u0131klad\u0131.<\/strong><\/p>\n<p>Ba\u015fkan\u00a0Dalia Grybauskait\u0117&#8217;in emri ile \u00c7e\u00e7enistan&#8217;dan s\u0131\u011f\u0131nma talebinde bulunan t\u00fcm e\u015fcinsellerin kabul edilece\u011fini a\u00e7\u0131klayan d\u0131\u015f i\u015fleri bakan\u0131\u00a0Linas Linkevi\u010dius,\u00a0\u015fu zamana dek iki ki\u015finin s\u0131\u011f\u0131nma i\u015flemlerini sonland\u0131rd\u0131klar\u0131n\u0131 s\u00f6yledi. Balkan haber ajans\u0131na konu\u015fan\u00a0Linkevi\u010dius, &#8221;Cinsel y\u00f6nelimleri sebebiyle insanlar\u0131n katledilmesine g\u00f6z yumamay\u0131z. Bu insanl\u0131\u011fa ayk\u0131r\u0131d\u0131r.&#8221; s\u00f6zleriyle \u00c7e\u00e7enistan&#8217;da ya\u015fananlardan etkilenen bireylere kap\u0131lar\u0131n\u0131n a\u00e7\u0131k oldu\u011funu a\u00e7\u0131klayan d\u0131\u015f i\u015fleri bakan\u0131, 17 May\u0131s homofobiye kar\u015f\u0131tl\u0131k g\u00fcn\u00fcnde de mesaj\u0131n\u0131 sosyal medya \u00fczerinden yay\u0131nlad\u0131.<\/p>\n<p>&nbsp;<\/p>\n<blockquote class=\"twitter-tweet\" data-width=\"550\" data-dnt=\"true\">\n<p lang=\"en\" dir=\"ltr\">Today is zero-tolerance day against hatred, fear, discrimination of all forms of sexuality. Denying reality is not an option | <a href=\"https:\/\/twitter.com\/hashtag\/IDAHOT2017?src=hash&amp;ref_src=twsrc%5Etfw\">#IDAHOT2017<\/a><\/p>\n<p>&mdash; Linas Linkevicius (@LinkeviciusL) <a href=\"https:\/\/twitter.com\/LinkeviciusL\/status\/864736114023825408?ref_src=twsrc%5Etfw\">May 17, 2017<\/a><\/p><\/blockquote>\n<p><script async src=\"https:\/\/platform.twitter.com\/widgets.js\" charset=\"utf-8\"><\/script><\/p>\n<p>&nbsp;<\/p>\n<p>AB \u00fclkeleri aras\u0131nda \u00c7e\u00e7en e\u015fcinsellere kap\u0131lar\u0131n\u0131 a\u00e7an ilk \u00fclke olan Litvanya ba\u015fkan\u0131\u00a0Linas Linkevi\u010dius, di\u011fer Avrupa \u00fclkelerini bu insanl\u0131k d\u0131\u015f\u0131 katliama kar\u015f\u0131 gelmek i\u00e7in birlik olmaya davet etti.<\/p>\n<p>&nbsp;<\/p>\n","protected":false},"excerpt":{"rendered":"<p>T\u00fcm d\u00fcnyan\u0131n g\u00fcndemine oturan \u00c7e\u00e7enistan&#8217;da e\u015fcinsellere kar\u015f\u0131 yap\u0131lan soyk\u0131r\u0131m giri\u015fimine Litvanya&#8217;dan tepki geldi. Litvanya d\u0131\u015fi\u015fleri bakan\u0131\u00a0Linas Linkevi\u010dius \u015fu zamana kadar iki \u00c7e\u00e7enistan vatanda\u015f\u0131n\u0131n s\u0131\u011f\u0131nma taleplerini kabul ettiklerini a\u00e7\u0131klad\u0131. Ba\u015fkan\u00a0Dalia Grybauskait\u0117&#8217;in emri ile \u00c7e\u00e7enistan&#8217;dan s\u0131\u011f\u0131nma talebinde bulunan t\u00fcm e\u015fcinsellerin kabul edilece\u011fini a\u00e7\u0131klayan d\u0131\u015f i\u015fleri bakan\u0131\u00a0Linas Linkevi\u010dius,\u00a0\u015fu zamana dek iki ki\u015finin s\u0131\u011f\u0131nma i\u015flemlerini sonland\u0131rd\u0131klar\u0131n\u0131 s\u00f6yledi. Balkan haber &hellip;<\/p>\n","protected":false},"author":1,"featured_media":41112,"comment_status":"closed","ping_status":"open","sticky":false,"template":"","format":"standard","meta":{"footnotes":""},"categories":[92,91],"tags":[7082,113,112,465,2085],"class_list":["post-41111","post","type-post","status-publish","format-standard","has-post-thumbnail","","category-dunya","category-haberler","tag-cecenistan","tag-dunya-2","tag-haberler-2","tag-homofobi","tag-litvanya"],"_links":{"self":[{"href":"http:\/\/www.gzone.com.tr\/index.php\/wp-json\/wp\/v2\/posts\/41111","targetHints":{"allow":["GET"]}}],"collection":[{"href":"http:\/\/www.gzone.com.tr\/index.php\/wp-json\/wp\/v2\/posts"}],"about":[{"href":"http:\/\/www.gzone.com.tr\/index.php\/wp-json\/wp\/v2\/types\/post"}],"author":[{"embeddable":true,"href":"http:\/\/www.gzone.com.tr\/index.php\/wp-json\/wp\/v2\/users\/1"}],"replies":[{"embeddable":true,"href":"http:\/\/www.gzone.com.tr\/index.php\/wp-json\/wp\/v2\/comments?post=41111"}],"version-history":[{"count":1,"href":"http:\/\/www.gzone.com.tr\/index.php\/wp-json\/wp\/v2\/posts\/41111\/revisions"}],"predecessor-version":[{"id":41113,"href":"http:\/\/www.gzone.com.tr\/index.php\/wp-json\/wp\/v2\/posts\/41111\/revisions\/41113"}],"wp:featuredmedia":[{"embeddable":true,"href":"http:\/\/www.gzone.com.tr\/index.php\/wp-json\/wp\/v2\/media\/41112"}],"wp:attachment":[{"href":"http:\/\/www.gzone.com.tr\/index.php\/wp-json\/wp\/v2\/media?parent=41111"}],"wp:term":[{"taxonomy":"category","embeddable":true,"href":"http:\/\/www.gzone.com.tr\/index.php\/wp-json\/wp\/v2\/categories?post=41111"},{"taxonomy":"post_tag","embeddable":true,"href":"http:\/\/www.gzone.com.tr\/index.php\/wp-json\/wp\/v2\/tags?post=41111"}],"curies":[{"name":"wp","href":"https:\/\/api.w.org\/{rel}","templated":true}]}}