{"id":41093,"date":"2017-05-20T07:59:48","date_gmt":"2017-05-20T04:59:48","guid":{"rendered":"http:\/\/gzone.com.tr\/?p=41093"},"modified":"2017-05-20T07:59:48","modified_gmt":"2017-05-20T04:59:48","slug":"bu-dunyadan-naif-bir-sait-faik-gecti","status":"publish","type":"post","link":"http:\/\/www.gzone.com.tr\/index.php\/2017\/05\/20\/bu-dunyadan-naif-bir-sait-faik-gecti\/","title":{"rendered":"BU D\u00dcNYADAN NA\u0130F B\u0130R SA\u0130T FA\u0130K GE\u00c7T\u0130"},"content":{"rendered":"<p class=\"p1\" style=\"text-align: center;\"><strong>GZone Dergi ya\u015fam yazarlar\u0131ndan Kaan Arer, T\u00fcrk Edebiyat\u0131&#8217;n\u0131n en \u00f6nemli isimlerinden biri olan Sait Faik Abas\u0131yan\u0131k&#8217;\u0131n biyografisini kaleme ald\u0131.<\/strong><\/p>\n<p class=\"p1\" style=\"text-align: center;\"><strong>Sait Faik&#8217;in e\u015fcinsel oldu\u011funa dair s\u00f6ylentileri, yine edebiyat d\u00fcnyas\u0131ndan arkada\u015flar\u0131n\u0131n tan\u0131kl\u0131klar\u0131n\u0131n izinden ara\u015ft\u0131ran yaz\u0131n\u0131n giri\u015f b\u00f6l\u00fcm\u00fc a\u015fa\u011f\u0131da:\u00a0<\/strong><\/p>\n<p class=\"p1\"><span class=\"s1\">\u201cOrhan Veli\u2019yle arkadas\u0327lar\u0131 s\u0327iirin bi\u00e7imini yeniles\u0327tirirken, ayn\u0131 y\u0131llarda, Sait Faik de, sessiz sedas\u0131z, hik\u00e2yenin bi\u00e7imini yeniles\u0327tirmis\u0327tir.\u201d<\/span><\/p>\n<p class=\"p1\"><span class=\"s1\">\u201cSait Faik, son d\u00f6neminde diledig\u0306ini yazma \u00f6zg\u00fcrl\u00fcg\u0306\u00fcn\u00fc g\u00f6nl\u00fcnce kullanmaya bas\u0327lay\u0131nca, o zamana kadar a\u00e7\u0131k\u00e7a anlatamad\u0131g\u0306\u0131 cinsel y\u00f6nelimini, kimseyi umursamadan, hi\u00e7bir s\u0327eye ald\u0131rmadan, edebiyat\u0131m\u0131zda o g\u00fcne kadar g\u00f6r\u00fclmemis\u0327 bir g\u00f6z\u00fcpeklikle yazmaya bas\u0327lar; art\u0131k bir tek e\u015fcinselli\u011fi yazmak \u00f6nemlidir onun i\u00e7in.\u201d <\/span><\/p>\n<p class=\"p3\"><span class=\"s1\"><b>Bir zamanlar Sait Faik de \u00e7ocuktu<\/b><\/span><\/p>\n<p class=\"p3\"><span class=\"s1\">Sait Faik, 18 Kas\u0131m 1906 tarihinde, Adapazar\u0131\u2019nda d\u00fcnyaya geldi. Babas\u0131 kereste ve ceviz k\u00fct\u00fc\u011f\u00fc ticareti ile u\u011fra\u015fan Mehmet Faik, annesi ise kentin ileri gelenlerinden Hac\u0131 R\u0131za Efendi&#8217;nin k\u0131z\u0131 Makbule Han\u0131m&#8217;d\u0131r. Kurtulu\u015f Sava\u015f\u0131 y\u0131llar\u0131nda bir sene boyunca Adapazar\u0131 belediye ba\u015fkanl\u0131\u011f\u0131n\u0131 y\u00fcr\u00fcten babas\u0131na, hizmetlerine kar\u015f\u0131l\u0131k \u0130stiklal Madalyas\u0131 verildi. Sait Faik do\u011fdu\u011funda, kendisine Mehmet Sait ismi verildi ancak yazar, ismine babas\u0131n\u0131n ad\u0131n\u0131 ekleyip Mehmet&#8217;i atarak Sait Faik ad\u0131n\u0131 kullanmaya ba\u015flad\u0131. Soyad\u0131 Kanunu \u00e7\u0131kt\u0131\u011f\u0131nda, kendi iste\u011fi ile Abas\u0131yan\u0131k soyad\u0131n\u0131 ald\u0131.<\/span><\/p>\n<p class=\"p3\"><span class=\"s1\">Yazar, ilk\u00f6\u011frenimini Rehber-i Terakki isimli \u00f6zel okulda tamamlad\u0131. Bu okul yabanc\u0131 dilde e\u011fitim verdi\u011fi i\u00e7in, \u015fehirde G\u00e2vur Mektebi olarak an\u0131l\u0131yordu. Sait Faik daha sonra, \u00e7ocuklu\u011funda &#8220;ha\u015far\u0131 bir burjuva \u00e7ocu\u011fu&#8221; oldu\u011fundan bahsetmi\u015ftir. Abas\u0131yan\u0131k&#8217;\u0131n ilk\u00f6\u011frenimi s\u0131ras\u0131nda anne ve babas\u0131 ge\u00e7imsizlik sebebiyle ayr\u0131ld\u0131lar. \u00dc\u00e7 bu\u00e7uk y\u0131l s\u00fcren ayr\u0131l\u0131k d\u00f6neminde Sait Faik, babas\u0131 ile birlikte kald\u0131. Rehber-i Terakki&#8217;yi bitirdikten sonra Adapazar\u0131 \u0130dadisi&#8217;ne devam etti. 1920&#8217;de Yunan i\u015fgali sebebiyle e\u011fitimine ara verdi.<\/span><\/p>\n<p class=\"p3\"><strong>BU \u00d6ZEL DOSYAYA ER\u0130\u015eMEK\u00a0GZONE DERG\u0130&#8217;N\u0130N &#8220;MAYIS 2017\u00a0&#8221; SAYISINI\u00a0<\/strong><strong>A\u015eA\u011eIDAK\u0130 BA\u011eLANTILARA \u00dcZER\u0130NDEN \u00dcCRETS\u0130Z OKUYAB\u0130L\u0130RS\u0130N\u0130Z&#8230;<\/strong><\/p>\n<p><iframe title=\"Gzone Dergi May\u0131s 2017\" src=\"https:\/\/e.issuu.com\/embed.html?u=gzonemag&#038;d=gzone_dergi_mayis_2017&#038;pageNumber=52\" style=\"border:none; width: 618px; height: 474px;\" allow=\"clipboard-write,allow-top-navigation,allow-top-navigation-by-user-activation,allow-downloads,allow-scripts,allow-same-origin,allow-popups,allow-modals,allow-popups-to-escape-sandbox,allow-forms\"  allowfullscreen=\"true\"><\/iframe><\/p>\n<p>&nbsp;<\/p>\n<p class=\"p3\"><a href=\"http:\/\/www.gzone.com.tr\/gzonedergi\/mayis2017.pdf\"><img loading=\"lazy\" decoding=\"async\" class=\"alignnone\" src=\"https:\/\/s21.postimg.org\/3zhxl5c5j\/18553672_120332000816749740_849906013_o.jpg\" width=\"599\" height=\"800\" \/><\/a><\/p>\n","protected":false},"excerpt":{"rendered":"<p>GZone Dergi ya\u015fam yazarlar\u0131ndan Kaan Arer, T\u00fcrk Edebiyat\u0131&#8217;n\u0131n en \u00f6nemli isimlerinden biri olan Sait Faik Abas\u0131yan\u0131k&#8217;\u0131n biyografisini kaleme ald\u0131. Sait Faik&#8217;in e\u015fcinsel oldu\u011funa dair s\u00f6ylentileri, yine edebiyat d\u00fcnyas\u0131ndan arkada\u015flar\u0131n\u0131n tan\u0131kl\u0131klar\u0131n\u0131n izinden ara\u015ft\u0131ran yaz\u0131n\u0131n giri\u015f b\u00f6l\u00fcm\u00fc a\u015fa\u011f\u0131da:\u00a0 \u201cOrhan Veli\u2019yle arkadas\u0327lar\u0131 s\u0327iirin bi\u00e7imini yeniles\u0327tirirken, ayn\u0131 y\u0131llarda, Sait Faik de, sessiz sedas\u0131z, hik\u00e2yenin bi\u00e7imini yeniles\u0327tirmis\u0327tir.\u201d \u201cSait Faik, son &hellip;<\/p>\n","protected":false},"author":1,"featured_media":41094,"comment_status":"closed","ping_status":"open","sticky":false,"template":"","format":"standard","meta":{"footnotes":""},"categories":[1777,7185],"tags":[7082,2365,7180,2113,7182,7178,7179,7181,7184,2202,7183,2275],"class_list":["post-41093","post","type-post","status-publish","format-standard","has-post-thumbnail","","category-bu-ay-gzone-dergide","category-mayis-2017","tag-cecenistan","tag-guvenli-seks","tag-lara-di-lara","tag-mayo","tag-muge-zumrutbel","tag-ozgun","tag-sait-faik","tag-seckin","tag-seri-katil","tag-seyhan-arman","tag-sosyal-medya-gaflari","tag-yasemin-sefik"],"_links":{"self":[{"href":"http:\/\/www.gzone.com.tr\/index.php\/wp-json\/wp\/v2\/posts\/41093","targetHints":{"allow":["GET"]}}],"collection":[{"href":"http:\/\/www.gzone.com.tr\/index.php\/wp-json\/wp\/v2\/posts"}],"about":[{"href":"http:\/\/www.gzone.com.tr\/index.php\/wp-json\/wp\/v2\/types\/post"}],"author":[{"embeddable":true,"href":"http:\/\/www.gzone.com.tr\/index.php\/wp-json\/wp\/v2\/users\/1"}],"replies":[{"embeddable":true,"href":"http:\/\/www.gzone.com.tr\/index.php\/wp-json\/wp\/v2\/comments?post=41093"}],"version-history":[{"count":1,"href":"http:\/\/www.gzone.com.tr\/index.php\/wp-json\/wp\/v2\/posts\/41093\/revisions"}],"predecessor-version":[{"id":41095,"href":"http:\/\/www.gzone.com.tr\/index.php\/wp-json\/wp\/v2\/posts\/41093\/revisions\/41095"}],"wp:featuredmedia":[{"embeddable":true,"href":"http:\/\/www.gzone.com.tr\/index.php\/wp-json\/wp\/v2\/media\/41094"}],"wp:attachment":[{"href":"http:\/\/www.gzone.com.tr\/index.php\/wp-json\/wp\/v2\/media?parent=41093"}],"wp:term":[{"taxonomy":"category","embeddable":true,"href":"http:\/\/www.gzone.com.tr\/index.php\/wp-json\/wp\/v2\/categories?post=41093"},{"taxonomy":"post_tag","embeddable":true,"href":"http:\/\/www.gzone.com.tr\/index.php\/wp-json\/wp\/v2\/tags?post=41093"}],"curies":[{"name":"wp","href":"https:\/\/api.w.org\/{rel}","templated":true}]}}