{"id":40519,"date":"2017-04-23T09:38:13","date_gmt":"2017-04-23T06:38:13","guid":{"rendered":"http:\/\/gzone.com.tr\/?p=40519"},"modified":"2017-04-23T09:38:13","modified_gmt":"2017-04-23T06:38:13","slug":"ankaradaki-hangi-lokanta-translara-hizmet-vermeyi-reddetti","status":"publish","type":"post","link":"http:\/\/www.gzone.com.tr\/index.php\/2017\/04\/23\/ankaradaki-hangi-lokanta-translara-hizmet-vermeyi-reddetti\/","title":{"rendered":"ANKARA&#8217;DAK\u0130 HANG\u0130 LOKANTA TRANSLARA H\u0130ZMET VERMEY\u0130 REDDETT\u0130?"},"content":{"rendered":"<p><strong>\u0130ddialara g\u00f6re, Ankara-Gaziosmanpa\u015fa&#8217;da yer alan K\u00f6ro\u011flu \u0130\u015fkembecisi isimli lokanta trans bireylere ayr\u0131mc\u0131l\u0131k yaparak &#8220;Travestilere servis a\u00e7m\u0131yoruz&#8221; dedi ve hizmet vermeyi reddetti. Bu olaydan \u015fikayet\u00e7i olan trans bireyler, karakolda da farkl\u0131 bir ayr\u0131mc\u0131l\u0131\u011fa maruz kald\u0131.<\/strong><\/p>\n<p>Trans birey Janset Kalan, olanlar\u0131 \u015fu s\u00f6zlerle anlatt\u0131:<\/p>\n<p><em>D\u00fcn gece (21 Nisan) K\u00f6ro\u011flu \u0130\u015fkembecisi&#8217;nde ayr\u0131mc\u0131l\u0131k, hakaret, tehdit ve \u015fiddete maruz kald\u0131k (ben ve iki arkada\u015f\u0131m). \u0130\u00e7eriye giremezsiniz patronun kesin emri var travestilere servis a\u00e7m\u0131yoruz, m\u00fc\u015fteriler rahats\u0131z oluyor sizleri istemiyorlar denildi. Daha \u00f6nce defalarca gitti\u011fimiz g\u00fcler y\u00fczle kar\u015f\u0131land\u0131\u011f\u0131m\u0131z iyi hizmet edildi\u011fimiz bir mekan d\u00fcn gece garip bir \u015fekilde bu tavr\u0131 sergiledi. Biz buraya \u00e7orba i\u00e7meye geldik, bo\u015f masan\u0131z da var hangi gerek\u00e7eyle ve hangi hakla hizmet vermeyi reddedebilirsiniz diyip bah\u00e7e kat\u0131nda bir masaya oturduk. \u00d6n\u00fcm\u00fczden derhal servisler topland\u0131 masa bo\u015falt\u0131ld\u0131. Arkada\u015f\u0131m\u0131n kolundan zorla tutarak kald\u0131rmak istediler. O da do\u011fal olarak herkese sordu bizi burada istemeyen, bizden rahats\u0131z olan var m\u0131 diye. T\u00fcm m\u00fc\u015fteriler alk\u0131\u015flad\u0131 ve biz sizi istiyoruz o nereden \u00e7\u0131kt\u0131, niye servis a\u00e7mayacaklarm\u0131\u015f diye tepki de g\u00f6sterdiler \u00e7al\u0131\u015fanlara.<\/em><\/p>\n<p><em>\u015eef gelerek burada bir hafta kadar \u00f6nce sizden birileriyle sorun ya\u015fad\u0131k, olay \u00e7\u0131kard\u0131lar. O y\u00fczden art\u0131k alm\u0131yoruz sizinkileri dedi. Biz elbette buna da tepki g\u00f6sterdik. Burada herhangi ba\u015fka kmlikten birisi olay ya\u015fad\u0131\u011f\u0131nda siz t\u00fcm o kimli\u011fe mensup insanlara ayr\u0131mc\u0131l\u0131k uygulayamazs\u0131n\u0131z da dedik. Polisi \u00e7a\u011f\u0131rmalar\u0131n\u0131 istedik. Bakt\u0131k \u00e7a\u011f\u0131rm\u0131yorlar ben 155&#8217;i arayarak bir ekip arabas\u0131 istedim. 155 Esat Karakolu&#8217;na y\u00f6nlendirdi kendi m\u0131nt\u0131kalar\u0131 oldu\u011fu i\u00e7in. Telefonda Karakol \u00f6nce ekip g\u00f6ndermeyi reddetti, bana ba\u011f\u0131rmaya kalkt\u0131 memur. Ben de ona g\u00f6ndermek zorundas\u0131n\u0131z ne m\u00fcnasebet \u015fiddete darpa u\u011fruyoruz burada dedim. Mecburen g\u00f6nderdiler.<\/em><\/p>\n<p><em>Gelen iki polis memuru gayet lakay\u0131t davranarak &#8220;cicim&#8221; &#8220;biz sizleri iyi tan\u0131r\u0131z&#8221; vs tavr\u0131 tak\u0131nmaya kalkt\u0131lar. Derhal ciddiyetimizi koruyarak mesafeli konu\u015fmalar\u0131 gerekti\u011fini s\u00f6yledik. Polislere olay\u0131 aktar\u0131rken ve tutanak tutmalar\u0131n\u0131 isterken bir anda mekan sahibi oldu\u011funu iddia eden bir adam geldi ve &#8220;kalk\u0131n lan burdan, size \u00e7orba morba yok&#8221; diyerek el kol hareketleri yaparak oturdu\u011fumuz masada \u00fcst\u00fcm\u00fcze y\u00fcr\u00fcd\u00fc. Polis sanki adam\u0131n 40 y\u0131ll\u0131k ahbab\u0131 gibi sakin ol karde\u015fim tamam biz g\u00f6t\u00fcr\u00fcyoruz \u015fimdi bunlar\u0131 diyip adam\u0131n bize vurmas\u0131na engel oldu.<\/em><\/p>\n<p><em>Sonras\u0131nda polisler kalk\u0131n karakolda ifade verip \u015fikayet\u00e7i olman\u0131z gerekiyor burda tutanak falan tutmay\u0131z biz sonra gelir kimlik tespiti yapar\u0131z vs diyince onlarla da tart\u0131\u015ft\u0131k. G\u00f6revlerini ve sorumluluklar\u0131n\u0131 hat\u0131rlatt\u0131k. Gece amiri bir anda sinirlenip bize ba\u011f\u0131rd\u0131 kalk\u0131n lan sizle mi u\u011fra\u015faca\u011f\u0131m vs \u015feklinde. Biz de do\u011fal olarak mesafesini korumas\u0131n\u0131, fiziksel temasta bulunma hakk\u0131n\u0131n olmad\u0131\u011f\u0131n\u0131 sesini al\u00e7altmas\u0131n\u0131 ve g\u00f6revini d\u00fczg\u00fcn yapmas\u0131 gerekti\u011fini hat\u0131rlatt\u0131k.<\/em><\/p>\n<p><em>Kalkt\u0131k ve ifade verip davac\u0131 ve \u015fikayet\u00e7i olmak \u00fczere Esat Karakolu&#8217;na vard\u0131k. Biz mekandan \u00e7\u0131karken polislerle beraber o mekan sahibi oldu\u011funu iddia eden adam hala arkam\u0131zdan gelip tehditler k\u00fcf\u00fcrler savurmaya devam etti bu arada.<\/em><\/p>\n<p><em>Karakol i\u00e7erisinde arkada\u015f\u0131m tuvaleti sordu\u011funda erkekler tuvaleti diye belirtilmi\u015f yere ille de y\u00f6nlendirilmek istendi, &#8220;ameliyatl\u0131&#8221; olup olmad\u0131\u011f\u0131 soruldu. Bana s\u00fcrekli &#8220;gel bakal\u0131m Ali&#8221; &#8220;Alicim&#8221; &#8220;cicim&#8221; falan diye hitap edilmeye kalk\u0131ld\u0131. Ben de gayet d\u00fczg\u00fcn bir \u015fekilde say\u0131n memur bey bana Janset diye hitap edeceksiniz, ayr\u0131ca bu ne samimiyet mesafenizi koruyun dedim. Trans erkek arkada\u015f\u0131m\u0131za fl\u00f6rt etmeye kalkt\u0131 memur vs.<\/em><\/p>\n<p><em>Neyse al takke ver k\u00fclah derken karakolda resmi yaz\u0131l\u0131 ifade ve su\u00e7 duyurusunda bulunmam\u0131z\u0131 zorlad\u0131k, ba\u015fard\u0131k.<\/em><\/p>\n<p><em>Sa\u011f olsunlar H\u00fcner anne, A\u015fk\u0131n anne ve Nora karakola geldiler. Moral ve destek oldular. O arada arayan ya da mesajla ula\u015f\u0131p gelelim mi diye soran arkada\u015flar oldu. Ben gerek olmad\u0131\u011f\u0131n\u0131, bo\u015funa yorulmamalar\u0131n\u0131 s\u00f6yledim. O ilk \u00e7a\u011fr\u0131y\u0131 K\u00f6ro\u011flu \u0130\u015fkembecisi mekan\u0131 i\u00e7in yapt\u0131\u011f\u0131m\u0131, orada trans g\u00f6r\u00fcn\u00fcrl\u00fc\u011f\u00fcne daha fazla ihtiya\u00e7 oldu\u011funu \u015fimdi karakol a\u015famas\u0131nda bir sorun olmad\u0131\u011f\u0131n\u0131 belirttim.<\/em><\/p>\n<p><em>Sabaha kar\u015f\u0131 saat 04:30&#8217;du i\u015flemler bitip \u00e7\u0131kabildi\u011fimizde. \u0130yi k\u00f6t\u00fc, haset ya da dayan\u0131\u015fmac\u0131, pislik \u00fcreten basit ya da d\u00fczg\u00fcn insan gibi yorum yapm\u0131\u015f, mesaj atm\u0131\u015f herkesi sonras\u0131nda g\u00f6rebildim. Herkese iyisiyle k\u00f6t\u00fcs\u00fcyle te\u015fekk\u00fcrler.<\/em><\/p>\n<p><em>Olay bundan ibaret. Beni tan\u0131yanlar \u00e7ok \u00e7ok iyi bilirler ki ta\u015fk\u0131nl\u0131k \u00e7\u0131karacak, kimseyi rahats\u0131z edecek, g\u00f6rg\u00fcs\u00fcz davranacak birisi hi\u00e7bir zaman olmad\u0131m. Arkada\u015f \u00e7evremi de d\u00fczg\u00fcn, kaliteli, kendini bilen insanlardan se\u00e7erim. Dolay\u0131s\u0131yla mekanda &#8220;aaa ama biz gittik bir \u015fey olmam\u0131\u015ft\u0131&#8221; &#8221; kim bilir napt\u0131n\u0131z da \u00f6yle oldu&#8221; gibi pislik kafalar\u0131yla yorumlayanlara \u00f6zellikle belirtiyorum ki anlas\u0131nlar. Sadece ve sadece cinsiyet kimli\u011fimizden kaynakl\u0131 bir ayr\u0131mc\u0131l\u0131\u011fa u\u011frad\u0131k, a\u00e7\u0131k\u00e7a travesti oldu\u011funuz i\u00e7in size servis a\u00e7m\u0131yoruz denildi.<\/em><\/p>\n<p><img loading=\"lazy\" decoding=\"async\" class=\"alignnone\" src=\"https:\/\/b.zmtcdn.com\/data\/pictures\/5\/6002965\/6957ecbe6904273dd69b8e9d28beb306_featured_v2.jpg\" width=\"675\" height=\"504\" \/><\/p>\n","protected":false},"excerpt":{"rendered":"<p>\u0130ddialara g\u00f6re, Ankara-Gaziosmanpa\u015fa&#8217;da yer alan K\u00f6ro\u011flu \u0130\u015fkembecisi isimli lokanta trans bireylere ayr\u0131mc\u0131l\u0131k yaparak &#8220;Travestilere servis a\u00e7m\u0131yoruz&#8221; dedi ve hizmet vermeyi reddetti. Bu olaydan \u015fikayet\u00e7i olan trans bireyler, karakolda da farkl\u0131 bir ayr\u0131mc\u0131l\u0131\u011fa maruz kald\u0131. Trans birey Janset Kalan, olanlar\u0131 \u015fu s\u00f6zlerle anlatt\u0131: D\u00fcn gece (21 Nisan) K\u00f6ro\u011flu \u0130\u015fkembecisi&#8217;nde ayr\u0131mc\u0131l\u0131k, hakaret, tehdit ve \u015fiddete maruz kald\u0131k &hellip;<\/p>\n","protected":false},"author":1,"featured_media":40520,"comment_status":"closed","ping_status":"open","sticky":false,"template":"","format":"standard","meta":{"footnotes":""},"categories":[91,96],"tags":[399,112,599,529],"class_list":["post-40519","post","type-post","status-publish","format-standard","has-post-thumbnail","","category-haberler","category-turkiye","tag-ankara","tag-haberler-2","tag-trans","tag-turkiye-2"],"_links":{"self":[{"href":"http:\/\/www.gzone.com.tr\/index.php\/wp-json\/wp\/v2\/posts\/40519","targetHints":{"allow":["GET"]}}],"collection":[{"href":"http:\/\/www.gzone.com.tr\/index.php\/wp-json\/wp\/v2\/posts"}],"about":[{"href":"http:\/\/www.gzone.com.tr\/index.php\/wp-json\/wp\/v2\/types\/post"}],"author":[{"embeddable":true,"href":"http:\/\/www.gzone.com.tr\/index.php\/wp-json\/wp\/v2\/users\/1"}],"replies":[{"embeddable":true,"href":"http:\/\/www.gzone.com.tr\/index.php\/wp-json\/wp\/v2\/comments?post=40519"}],"version-history":[{"count":1,"href":"http:\/\/www.gzone.com.tr\/index.php\/wp-json\/wp\/v2\/posts\/40519\/revisions"}],"predecessor-version":[{"id":40521,"href":"http:\/\/www.gzone.com.tr\/index.php\/wp-json\/wp\/v2\/posts\/40519\/revisions\/40521"}],"wp:featuredmedia":[{"embeddable":true,"href":"http:\/\/www.gzone.com.tr\/index.php\/wp-json\/wp\/v2\/media\/40520"}],"wp:attachment":[{"href":"http:\/\/www.gzone.com.tr\/index.php\/wp-json\/wp\/v2\/media?parent=40519"}],"wp:term":[{"taxonomy":"category","embeddable":true,"href":"http:\/\/www.gzone.com.tr\/index.php\/wp-json\/wp\/v2\/categories?post=40519"},{"taxonomy":"post_tag","embeddable":true,"href":"http:\/\/www.gzone.com.tr\/index.php\/wp-json\/wp\/v2\/tags?post=40519"}],"curies":[{"name":"wp","href":"https:\/\/api.w.org\/{rel}","templated":true}]}}