{"id":40294,"date":"2017-04-15T12:29:04","date_gmt":"2017-04-15T09:29:04","guid":{"rendered":"http:\/\/gzone.com.tr\/?p=40294"},"modified":"2017-04-15T12:30:11","modified_gmt":"2017-04-15T09:30:11","slug":"36-istanbul-film-festivali-odulleri-sahiplerini-buldu","status":"publish","type":"post","link":"http:\/\/www.gzone.com.tr\/index.php\/2017\/04\/15\/36-istanbul-film-festivali-odulleri-sahiplerini-buldu\/","title":{"rendered":"36. \u0130STANBUL F\u0130LM FEST\u0130VAL\u0130 \u00d6D\u00dcLLER\u0130 SAH\u0130PLER\u0130N\u0130 BULDU"},"content":{"rendered":"<p class=\"p5\"><strong><span class=\"s5\">\u0130stanbul K\u00fclt\u00fcr Sanat Vakf\u0131 <\/span>(<span class=\"s5\">\u0130KSV<\/span>)<span class=\"s5\"> taraf\u0131ndan d\u00fczenlenen 36. \u0130stanbul Film Festivali<\/span>\u2019<span class=\"s5\">nin \u00f6d\u00fclleri<\/span>,<span class=\"s5\"> 14 Nisan Cuma gecesi Soho House \u0130stanbul Big Room\u2019da ger\u00e7ekle\u015ftirilen t\u00f6renle sahiplerini buldu<span style=\"background-color: #d5d5d5;\">.<\/span><\/span><\/strong><\/p>\n<p class=\"p6\"><span class=\"s5\">Yekta Kopan<\/span>\u2019\u0131n sunuculu\u011fu \u00fcstlenece\u011fi <span class=\"s5\">36. \u0130stanbul Film Festivali \u00d6d\u00fcl T\u00f6reni<\/span>\u2019nde <span class=\"s5\">Uluslararas\u0131 ve Ulusal Alt\u0131n Lale <\/span>\u00f6d\u00fcllerinin yan\u0131 s\u0131ra, Alt\u0131n Lale Ulusal Yar\u0131\u015fmas\u0131 b\u00f6l\u00fcm\u00fcnde <span class=\"s5\">En \u0130yi Y\u00f6netmen<\/span>, <span class=\"s5\">J\u00fcri \u00d6zel \u00d6d\u00fcl\u00fc<\/span>, <span class=\"s5\">En \u0130yi Kad\u0131n Oyuncu<\/span>, <span class=\"s5\">En \u0130yi Erkek Oyuncu<\/span>, <span class=\"s5\">En \u0130yi Senaryo<\/span>, <span class=\"s5\">En \u0130yi G\u00f6r\u00fcnt\u00fc Y\u00f6netmeni<\/span>, <span class=\"s5\">En \u0130yi Kurgu<\/span> ve <span class=\"s5\">En \u0130yi \u00d6zg\u00fcn M\u00fczik<\/span> \u00f6d\u00fclleri takdim edildi. \u00d6d\u00fcl T\u00f6reni\u2019nde ayr\u0131ca <span class=\"s5\">FACE Avrupa Konseyi Sinema \u00d6d\u00fcl\u00fc<\/span>, <span class=\"s5\">Ulusal Belgesel Yar\u0131\u015fmas\u0131 \u00d6d\u00fcl\u00fc<\/span>, <span class=\"s5\">Ulusal K\u0131sa Film Yar\u0131\u015fmas\u0131 \u00d6d\u00fcl\u00fc<\/span>, <span class=\"s5\">Seyfi Teoman En \u0130yi \u0130lk Film \u00d6d\u00fcl\u00fc <\/span>ve <span class=\"s5\">Uluslararas\u0131 Sinema Ele\u015ftirmenleri Federasyonu (FIPRESCI) \u00d6d\u00fclleri<\/span>\u2019nin kazananlar\u0131 da a\u00e7\u0131kland\u0131.<\/p>\n<p class=\"p7\"><strong><span class=\"s2\">Alt\u0131n Lale Uluslararas\u0131 Yar\u0131\u015fma \u00d6d\u00fclleri<\/span><\/strong><\/p>\n<p class=\"p6\">Ba\u015fkanl\u0131\u011f\u0131n\u0131 <span class=\"s5\">Reha Erdem<\/span>\u2019in \u00fcstlendi\u011fi <span class=\"s5\">Alt\u0131n Lale Uluslararas\u0131 Yar\u0131\u015fma J\u00fcrisi<\/span>\u2019nde yap\u0131mc\u0131 <span class=\"s5\">Katayoon Shahabi<\/span>, y\u00f6netmenler <span class=\"s5\">Syllas Tzoumerkas<\/span> ve <span class=\"s5\">Gabe Klinger<\/span> ile sinema yazar\u0131 <span class=\"s5\">Boyd van Hoeij<\/span> yer ald\u0131.<\/p>\n<p class=\"p6\">\u0130KSV eski y\u00f6netim kurulu ba\u015fkan\u0131 ve \u0130stanbul Film Festivali kurucular\u0131ndan <span class=\"s5\">\u015eakir Eczac\u0131ba\u015f\u0131 an\u0131s\u0131na<\/span> verilen Uluslararas\u0131 Alt\u0131n Lale \u00d6d\u00fcl\u00fc i\u00e7in bu y\u0131l 11 \u00fclkeden 13 film yar\u0131\u015ft\u0131. <span class=\"s5\">Eczac\u0131ba\u015f\u0131 Toplulu\u011fu<\/span> taraf\u0131ndan <span class=\"s5\">25 bin Avroluk<\/span> para \u00f6d\u00fcl\u00fcyle desteklenen \u00f6d\u00fcl\u00fcn 10 bin Avrosu Alt\u0131n Lale\u2019nin sahibi olacak filmin y\u00f6netmenine, 10 bin Avrosu filmin T\u00fcrkiye\u2019deki da\u011f\u0131t\u0131m\u0131n\u0131 \u00fcstlenecek firmaya, 5 bin Avrosu ise J\u00fcri \u00d6zel \u00d6d\u00fcl\u00fc\u2019n\u00fc kazanacak filmin y\u00f6netmenine veriliyor.<\/p>\n<figure style=\"width: 1320px\" class=\"wp-caption alignnone\"><img loading=\"lazy\" decoding=\"async\" class=\"\" src=\"http:\/\/www.sanatatak.com\/wp-content\/uploads\/2017\/03\/Ornitolog-Ornithologist.jpg\" width=\"1320\" height=\"623\" \/><figcaption class=\"wp-caption-text\"><strong>ORN\u0130TOLOG<\/strong><\/figcaption><\/figure>\n<p class=\"p6\"><span class=\"s5\">\u015eakir Eczac\u0131ba\u015f\u0131 an\u0131s\u0131na<\/span> verilen <span class=\"s5\">Uluslararas\u0131 Yar\u0131\u015fma Alt\u0131n Lale \u00d6d\u00fcl\u00fc<\/span>\u2019ne bu y\u0131l, i\u00e7inde e\u015fcinsel \u00f6\u011feler de bar\u0131nd\u0131ran\u00a0<span class=\"s5\">Jo\u00e3o Pedro Rodrigues<\/span>\u2019in &#8220;<span class=\"s7\">Ornitolog&#8221;<\/span> isimli filmi lay\u0131k g\u00f6r\u00fcld\u00fc. J\u00fcri ba\u015fkan\u0131 <span class=\"s5\">Reha Erdem<\/span>\u2019in a\u00e7\u0131klad\u0131\u011f\u0131 \u00f6d\u00fcl\u00fc Portekiz B\u00fcy\u00fckel\u00e7ili\u011fi K\u00fclt\u00fcr Ata\u015fesi <span class=\"s5\">Mario Tiago Paixao<\/span>\u2019ya Eczac\u0131ba\u015f\u0131 Toplulu\u011fu Kurumsal \u0130leti\u015fim Grup Ba\u015fkan\u0131 <span class=\"s5\">Sedat Birol<\/span> takdim etti. T\u00f6rene kat\u0131lamayan <span class=\"s5\">Rodrigues<\/span>\u2019in yollad\u0131\u011f\u0131 video mesaj\u0131 ekranda g\u00f6sterildi. J\u00fcri, Alt\u0131n Lale\u2019yi \u201c<span class=\"s8\">\u00d6zg\u00fcn, cesur ve derinden ki\u015fisel bir inan\u00e7, azizlik ve delilik \u00f6yk\u00fcs\u00fc anlatt\u0131\u011f\u0131 i\u00e7in<\/span>\u201d bu filme verme karar\u0131 ald\u0131.<\/p>\n<p class=\"p6\">J\u00fcri \u00fcyelerinden <span class=\"s5\">Katayoon Shahabi<\/span>\u2019nin a\u00e7\u0131klad\u0131\u011f\u0131 <span class=\"s5\">Uluslararas\u0131 Alt\u0131n Lale Yar\u0131\u015fmas\u0131 J\u00fcri \u00d6zel \u00d6d\u00fcl\u00fc<\/span>\u2019n\u00fc \u201c<span class=\"s8\">Yaral\u0131 bir \u00e7ocukluk an\u0131na, kolay bir duygu bo\u015fal\u0131m\u0131 getirmeden incelikli bir \u015fekilde e\u011fildi\u011fi i\u00e7in\u201d<\/span> y\u00f6netmen <span class=\"s5\">Carla Sim\u00f3n<\/span>\u2019un <span class=\"s7\">\u201993 Yaz\u0131<\/span> adl\u0131 filmine verdi.<\/p>\n<figure style=\"width: 700px\" class=\"wp-caption alignnone\"><img loading=\"lazy\" decoding=\"async\" src=\"https:\/\/www.berlinale.de\/media\/filmstills\/2017_2\/generation_18\/201715609_2_IMG_FIX_700x700.jpg\" width=\"700\" height=\"467\" \/><figcaption class=\"wp-caption-text\"><strong>93 YAZI<\/strong><\/figcaption><\/figure>\n<p class=\"p7\"><strong><span class=\"s2\">Ulusal Alt\u0131n Lale Yar\u0131\u015fma \u00d6d\u00fclleri<\/span><\/strong><\/p>\n<p class=\"p8\"><span class=\"s5\">Ulusal Yar\u0131\u015fma<\/span>\u2019da<span class=\"s5\"> Alt\u0131n Lale \u00d6d\u00fcl\u00fc<\/span> i\u00e7in, yap\u0131m\u0131 2016-2017 sezonunda tamamlanan <span class=\"s5\">12 film<\/span> yar\u0131\u015ft\u0131. Bu y\u0131l yar\u0131\u015fmadaki <span class=\"s5\">10 filmin d\u00fcnya pr\u00f6miyeri, birinin ise T\u00fcrkiye<\/span> <span class=\"s5\">pr\u00f6miyeri <\/span>yap\u0131ld\u0131. <span class=\"s5\">Ulusal Alt\u0131n Lale Yar\u0131\u015fma <\/span>j\u00fcri ba\u015fkanl\u0131\u011f\u0131n\u0131, psikolojik gerilimden kara komedi ve kost\u00fcml\u00fc dram gibi geni\u015f bir yelpazede sinema ve TV alanlar\u0131nda \u00e7e\u015fitli yap\u0131mlara imza atan y\u00f6netmenler <span class=\"s5\">Ya\u011fmur Taylan <\/span>ve<span class=\"s5\"> Durul Taylan<\/span> \u00fcstlendi. <span class=\"s5\">Ulusal Alt\u0131n Lale Yar\u0131\u015fma J\u00fcrisi<\/span>\u2019nin <span class=\"s10\">di\u011fer \u00fcyeleri ise <\/span>roman, \u00f6yk\u00fc, tiyatro yazar\u0131 <span class=\"s5\">Sema Kaygusuz<\/span><span class=\"s10\">, g\u00f6r\u00fcnt\u00fc y\u00f6netmeni <\/span><span class=\"s11\">Emre Erkmen<\/span><span class=\"s10\"> ve<\/span> <span class=\"s10\">kurgucu<\/span><span class=\"s11\"> \u00c7i\u00e7ek Kahraman<\/span><span class=\"s10\">.<\/span><\/p>\n<p class=\"p6\"><span class=\"s5\">Ulusal Alt\u0131n Lale Yar\u0131\u015fma J\u00fcrisi<\/span> En \u0130yi Film, En \u0130yi Y\u00f6netmen, J\u00fcri \u00d6zel \u00d6d\u00fcl\u00fc, En \u0130yi Kad\u0131n Oyuncu, En \u0130yi Erkek Oyuncu, En \u0130yi Senaryo, En \u0130yi G\u00f6r\u00fcnt\u00fc Y\u00f6netmeni, En \u0130yi Kurgu ve En \u0130yi M\u00fczik olmak \u00fczere toplam <span class=\"s5\">9 dalda<\/span> \u00f6d\u00fcl verildi.<\/p>\n<p class=\"p6\"><span class=\"s11\">Ulusal Yar\u0131\u015fma<\/span><span class=\"s10\">\u2019da <\/span><span class=\"s11\">En \u0130yi Film <\/span><span class=\"s10\">dal\u0131nda <\/span><span class=\"s11\">Alt\u0131n Lale \u00d6d\u00fcl\u00fc<\/span><span class=\"s10\">\u2019ne <\/span><span class=\"s5\">Fikret Reyhan<\/span>\u2019\u0131n <span class=\"s7\">Sar\u0131 S\u0131cak<\/span> adl\u0131 filmi <span class=\"s10\">lay\u0131k g\u00f6r\u00fcld\u00fc. Yap\u0131mc\u0131lar <\/span>Nizamettin Reyhan ve Nuriye Bilici, \u00f6d\u00fcl\u00fc<span class=\"s10\"> j\u00fcri ba\u015fkanlar\u0131 <\/span><span class=\"s11\">Ya\u011fmur Taylan<\/span><span class=\"s10\"> ve <\/span><span class=\"s11\">Durul Taylan<\/span><span class=\"s10\">\u2019dan ald\u0131. Ulusal Alt\u0131n Lale En \u0130yi Film \u00d6d\u00fcl\u00fc, <\/span><span class=\"s11\">150 bin TL<\/span><span class=\"s10\"> para \u00f6d\u00fcl\u00fcyle destekleniyor.<\/span><\/p>\n<p class=\"p6\"><span class=\"s5\">En \u0130yi Y\u00f6netmen<\/span> dal\u0131nda <span class=\"s5\">Alt\u0131n Lale<\/span>, <span class=\"s7\">Teredd\u00fct<\/span> filmiyle <span class=\"s5\">Ye\u015fim Ustao\u011flu<\/span>\u2019na verildi. Y\u00f6netmen <span class=\"s5\">Jo Sol<\/span>\u2019una\u00e7\u0131klad\u0131\u011f\u0131 \u00f6d\u00fcl\u00fc <span class=\"s5\">Ustao\u011flu<\/span>\u2019na T\u00fcrk Tuborg A\u015e Operasyonel Pazarlama M\u00fcd\u00fcr\u00fc <span class=\"s5\">Cem K\u0131rmac\u0131<\/span> taraf\u0131ndan takdim edildi. Ulusal Alt\u0131n Lale En \u0130yi Y\u00f6netmen \u00f6d\u00fcl\u00fc T\u00fcrkiye Sinemas\u0131 Tema Sponsorlu\u011funu \u00fcstelenen T\u00fcrk Tuborg A\u015e, taraf\u0131ndan 50\u00a0bin TL para \u00f6d\u00fcl\u00fcyle destekleniyor.<\/p>\n<figure id=\"attachment_36544\" aria-describedby=\"caption-attachment-36544\" style=\"width: 660px\" class=\"wp-caption alignnone\"><img loading=\"lazy\" decoding=\"async\" class=\"size-full wp-image-36544\" src=\"http:\/\/gzone.com.tr\/wp-content\/uploads\/2016\/12\/tereddut.jpg\" alt=\"TEREDD\u00dcT\" width=\"660\" height=\"330\" srcset=\"http:\/\/www.gzone.com.tr\/wp-content\/uploads\/2016\/12\/tereddut.jpg 660w, http:\/\/www.gzone.com.tr\/wp-content\/uploads\/2016\/12\/tereddut-300x150.jpg 300w\" sizes=\"auto, (max-width: 660px) 100vw, 660px\" \/><figcaption id=\"caption-attachment-36544\" class=\"wp-caption-text\"><strong>TEREDD\u00dcT<\/strong><\/figcaption><\/figure>\n<p class=\"p6\"><span class=\"s5\">Onat Kutlar an\u0131s\u0131na<\/span> verilen <span class=\"s5\">J\u00fcri \u00d6zel \u00d6d\u00fcl\u00fc<\/span>\u2019ne <span class=\"s5\">B\u00fclent \u00d6zt\u00fcrk<\/span>\u2019\u00fcn <span class=\"s7\">Mavi Sessizlik<\/span> adl\u0131 filmi lay\u0131k g\u00f6r\u00fcld\u00fc. <span class=\"s5\">\u00d6zt\u00fcrk<\/span>\u2019e \u00f6d\u00fcl\u00fcn\u00fc <span class=\"s5\">Ya\u011fmur Taylan<\/span> ve <span class=\"s5\">Durul Taylan<\/span> taraf\u0131ndan takdim edildi. J\u00fcri \u00d6zel \u00d6d\u00fcl\u00fc <span class=\"s5\">50 bin TL<\/span> para \u00f6d\u00fcl\u00fcyle destekleniyor.<\/p>\n<p class=\"p6\"><span class=\"s5\">En \u0130yi Kad\u0131n Oyuncu<\/span> <span class=\"s5\">\u00d6d\u00fcl\u00fc<\/span> <span class=\"s7\">Teredd\u00fct <\/span>filmindeki rol\u00fcyle <span class=\"s5\">Ecem Uzun<\/span>\u2019un oldu. Oyuncuya \u00f6d\u00fcl\u00fcn\u00fc oyuncu <span class=\"s5\">Moe Dunford<\/span> verdi. En \u0130yi Kad\u0131n Oyuncu \u00f6d\u00fcl\u00fc <span class=\"s5\">10 bin TL<\/span> tutar\u0131ndaki para \u00f6d\u00fcl\u00fc ile destekleniyor.<\/p>\n<p class=\"p6\"><span class=\"s5\">En \u0130yi Erkek Oyuncu \u00d6d\u00fcl\u00fc<\/span>\u2019n\u00fc <span class=\"s7\">Sar\u0131 S\u0131cak<\/span> filmindeki rol\u00fcyle <span class=\"s5\">Ayta\u00e7 U\u015fun<\/span> kazand\u0131. <span class=\"s5\">U\u015fun<\/span> \u00f6d\u00fcl\u00fcn\u00fc, oyuncu <span class=\"s5\">Kerry Fox<\/span>\u2019tan ald\u0131. En \u0130yi Erkek Oyuncu \u00f6d\u00fcl\u00fc <span class=\"s5\">10 bin TL<\/span> tutar\u0131ndaki para \u00f6d\u00fcl\u00fc ile destekleniyor.<\/p>\n<p class=\"p6\"><span class=\"s5\">En \u0130yi Senaryo \u00d6d\u00fcl\u00fc<\/span>\u2019n\u00fc <span class=\"s7\">Mavi Sessizlik<\/span> filmiyle<span class=\"s5\"> B\u00fclent \u00d6zt\u00fcrk<\/span> kazand\u0131. \u00d6d\u00fcl\u00fc j\u00fcri \u00fcyesi, yazar <span class=\"s5\">Sema Kaygusuz<\/span> verdi.<\/p>\n<p class=\"p6\"><span class=\"s5\">En \u0130yi G\u00f6r\u00fcnt\u00fc Y\u00f6netmeni \u00d6d\u00fcl\u00fc<\/span>\u2019n\u00fc <span class=\"s7\">Sar\u0131 S\u0131cak<\/span> filmiyle <span class=\"s5\">Marton Miklauzic<\/span> kazand\u0131. \u00d6d\u00fcl\u00fc j\u00fcri \u00fcyesi, g\u00f6r\u00fcnt\u00fc y\u00f6netmeni <span class=\"s5\">Emre Erkmen<\/span> verdi.<\/p>\n<p class=\"p6\"><span class=\"s5\">En \u0130yi Kurgu \u00d6d\u00fcl\u00fc<\/span>\u2019n\u00fc <span class=\"s7\">Sar\u0131 S\u0131cak<\/span> filmiyle <span class=\"s5\">\u00d6mer G\u00fcn\u00fcvar ve Fikret Reyhan <\/span>kazand\u0131. \u00d6d\u00fcl\u00fc j\u00fcri \u00fcyesi kurgucu <span class=\"s5\">\u00c7i\u00e7ek Kahraman<\/span> takdim etti.<\/p>\n<p class=\"p6\"><span class=\"s5\">En \u0130yi \u00d6zg\u00fcn M\u00fczik \u00d6d\u00fcl\u00fc<\/span> <span class=\"s5\">\u00d6d\u00fcl\u00fc<\/span> <span class=\"s7\">Teredd\u00fct<\/span> filmiyle <span class=\"s5\">Antoni Komasa-Lazarkiewicz<\/span>\u2019e verildi. \u00d6d\u00fcl\u00fc j\u00fcri \u00fcyelerinden y\u00f6netmen <span class=\"s5\">Gabe Klinger<\/span> takdim etti.<\/p>\n<p class=\"p7\"><strong><span class=\"s2\">Ulusal K\u0131sa Film Yar\u0131\u015fmas\u0131<\/span><\/strong><\/p>\n<p class=\"p9\">\u0130stanbul Film Festivali 35. ya\u015f\u0131nda, k\u0131sa film yap\u0131m\u0131n\u0131 \u00f6zendirmek, bu alanda geli\u015fimi desteklemek ve nitelikli filmleri izleyiciyle bulu\u015fturmak amac\u0131yla <span class=\"s5\">Ulusal K\u0131sa Film Yar\u0131\u015fmas\u0131<\/span>\u2019n\u0131 ba\u015flatt\u0131.<\/p>\n<p class=\"p8\">Bu y\u0131l <span class=\"s5\">11 filmin <\/span>yer ald\u0131\u011f\u0131 <span class=\"s5\">Ulusal K\u0131sa Film Yar\u0131\u015fmas\u0131<\/span> j\u00fcrisinde y\u00f6netmenler <span class=\"s5\">Vincent Dieutre,<\/span> <span class=\"s5\">G\u00fcrcan Keltek<\/span>, <span class=\"s5\">Ziya Demirel <\/span>yer ald\u0131 <span class=\"s5\">En \u0130yi K\u0131sa Film <\/span>\u00f6d\u00fcl\u00fc<span class=\"s5\"> 5.000 TL<\/span> para \u00f6d\u00fcl\u00fc ile destekleniyor.<\/p>\n<p class=\"p8\"><span class=\"s5\">En \u0130yi K\u0131sa Film \u00d6d\u00fcl\u00fc<\/span>\u2019n\u00fc <span class=\"s5\">Filiz I\u015f\u0131k Bulut<\/span>\u2019un <span class=\"s7\">Zelal<\/span> adl\u0131 filmi kazand\u0131. <span class=\"s5\">Bulut<\/span>\u2019a \u00f6d\u00fcl\u00fc y\u00f6netmene festivalin konu\u011fu Frans\u0131z y\u00f6netmen <span class=\"s5\">Vincent Dieutre<\/span> verdi. <span class=\"s5\">P\u0131nar Yorganc\u0131o\u011flu<\/span>\u2019nun <span class=\"s7\">Nebile Han\u0131m\u2019\u0131n Solucandeli\u011fi<\/span> adl\u0131 filmi ise <span class=\"s5\">Mansiyon\u2019<\/span>a lay\u0131k g\u00f6r\u00fcld\u00fc.<\/p>\n<p class=\"p7\"><strong><span class=\"s2\">Ulusal Belgesel Yar\u0131\u015fmas\u0131<\/span><\/strong><\/p>\n<p class=\"p9\">T\u00fcrkiye\u2019de belgesel \u00fcretimine uzun y\u0131llard\u0131r ilgi g\u00f6steren \u0130stanbul Film Festivali\u2019nin, belgesel sinemay\u0131 ve sinemac\u0131lar\u0131 desteklemek amac\u0131yla ba\u015flatt\u0131\u011f\u0131 <span class=\"s5\">Ulusal Belgesel Yar\u0131\u015fmas\u0131<\/span>\u2019nda bu y\u0131l <span class=\"s5\">9 film <\/span>yar\u0131\u015ft\u0131. <span class=\"s5\">Ulusal Belgesel Yar\u0131\u015fmas\u0131<\/span> j\u00fcrisinde y\u00f6netmenler <span class=\"s5\">Ay\u015fe Polat<\/span> ile <span class=\"s5\">Lusin Dink<\/span> ve gazeteci <span class=\"s5\">Erkan Aktu\u011f <\/span>yer al\u0131yor.<\/p>\n<p class=\"p6\"><span class=\"s5\">Ay\u015fe Polat<\/span>\u2019\u0131n a\u00e7\u0131klad\u0131\u011f\u0131 En \u0130yi Belgesel \u00d6d\u00fcl\u00fc <span class=\"s5\">Serdar \u00d6nal<\/span>\u2019\u0131n y\u00f6netti\u011fi <span class=\"s7\">Derdo Ana ve Ceviz A\u011fac\u0131<\/span> filmine verildi. <span class=\"s5\">En \u0130yi Belgesel <\/span>\u00f6d\u00fcl\u00fc<span class=\"s5\"> 10.000 TL<\/span> para \u00f6d\u00fcl\u00fc ile destekleniyor. <span class=\"s5\">Mehmet Sertan \u00dcnver<\/span>\u2019in y\u00f6netti\u011fi <span class=\"s7\">Blue<\/span> filmi ise <span class=\"s5\">Mansiyon<\/span>\u2019a lay\u0131k g\u00f6r\u00fcld\u00fc.<\/p>\n<p class=\"p7\"><strong><span class=\"s2\">Seyfi Teoman En \u0130yi \u0130lk Film \u00d6d\u00fcl\u00fc<\/span><\/strong><\/p>\n<p class=\"p8\">\u0130stanbul Film Festivali, 2013 y\u0131l\u0131nda kaybetti\u011fimiz y\u00f6netmen ve yap\u0131mc\u0131 Seyfi Teoman an\u0131s\u0131na bir \u00f6d\u00fcl veriliyor. Festivalin T\u00fcrkiye Sinemas\u0131 (Alt\u0131n Lale Ulusal Yar\u0131\u015fma, Yeni T\u00fcrkiye Sinemas\u0131) b\u00f6l\u00fcmlerinde yer alan <span class=\"s5\">T\u00fcrkiye yap\u0131m\u0131 13 ilk filmin <\/span>aday oldu\u011fu <span class=\"s5\">Seyfi Teoman En \u0130yi \u0130lk Film \u00d6d\u00fcl\u00fc<\/span> j\u00fcrisinde yap\u0131mc\u0131 <span class=\"s5\">\u00c7i\u011fdem Mater,<\/span> oyuncu <span class=\"s5\">\u015eebnem Bozoklu<\/span> ve yap\u0131mc\u0131<span class=\"s5\"> Sinan Yabgu \u00dcnal <\/span>yer ald\u0131.<\/p>\n<p class=\"p8\"><span class=\"s5\">Seyfi Teoman En \u0130yi \u0130lk Film \u00d6d\u00fcl\u00fc<\/span>\u2019n\u00fc kazanan <span class=\"s7\">Mavi Sessizlik<\/span> filminin y\u00f6netmeni <span class=\"s5\">B\u00fclent \u00d6zt\u00fcrk<\/span>, <span class=\"s5\">CMYLMZ Fikirsanat <\/span>arac\u0131l\u0131\u011f\u0131yla verilen <span class=\"s5\">30<\/span>.<span class=\"s5\">000 TL<\/span> para \u00f6d\u00fcl\u00fcn\u00fcn de sahibi oldu. J\u00fcri, bu \u00f6d\u00fcl\u00fc, \u201c<span class=\"s8\">Yaratt\u0131\u011f\u0131 \u00e7ok g\u00fc\u00e7l\u00fc anti-kahraman\u0131yla ve i\u00e7 yak\u0131c\u0131 atmosferiyle, oyunculuk, g\u00f6r\u00fcnt\u00fc, kurgu ve ses b\u00fct\u00fcnl\u00fc\u011f\u00fcyle hepimizi \u00e7ok etkileyen, \u00fclkemizin en yak\u0131c\u0131 konular\u0131ndan birine, bug\u00fcne kadar bak\u0131lmayan taraftan bakt\u0131\u011f\u0131\u201d<\/span> gerek\u00e7esiyle verdi.<\/p>\n<figure style=\"width: 525px\" class=\"wp-caption alignnone\"><img loading=\"lazy\" decoding=\"async\" class=\"\" src=\"http:\/\/www.ikstestftp.com\/film2017\/29_1.jpg\" width=\"525\" height=\"280\" \/><figcaption class=\"wp-caption-text\"><strong>MAV\u0130 SESS\u0130ZL\u0130K<\/strong><\/figcaption><\/figure>\n<p class=\"p7\"><strong><span class=\"s2\">FACE Avrupa Konseyi Sinema \u00d6d\u00fcl\u00fc<\/span><\/strong><\/p>\n<p class=\"p8\">11 y\u0131ld\u0131r d\u00fcnyada sadece \u0130stanbul Film Festivali\u2019nde verilen <span class=\"s5\">FACE<\/span> <span class=\"s5\">Avrupa Konseyi Sinema \u00d6d\u00fcl\u00fc <\/span>bu y\u0131l da festivalin <span class=\"s5\">Sinemada \u0130nsan Haklar\u0131<\/span> b\u00f6l\u00fcm\u00fcnde g\u00f6sterilen filmlerden birine verildi. FACE \u00d6d\u00fcl\u00fc, Avrupa Konseyi ve Eurimages fonunun da ortak destek oldu\u011fu <span class=\"s5\">10 bin Avro para \u00f6d\u00fcl\u00fc <\/span>ile destekleniyor.<\/p>\n<p class=\"p8\">FACE J\u00fcrisi\u2019nde oyuncu ve y\u00f6netmen <span class=\"s5\">Derya Durmaz<\/span>, Avrupa Konseyi S\u00f6zc\u00fc ve Bas\u0131n Dan\u0131\u015fman\u0131 <span class=\"s5\">Can Fi\u015fek<\/span>, senarist ve y\u00f6netmen <span class=\"s5\">Jo Sol<\/span> ve Eurimages fonu proje y\u00f6neticisi <span class=\"s5\">Susan Newman-Baudais <\/span>yer ald\u0131.<\/p>\n<p class=\"p8\"><span class=\"s5\">FACE Avrupa Konseyi Sinema \u00d6d\u00fcl\u00fc<\/span>\u2019n\u00fc \u201c<span class=\"s8\">kad\u0131n\u0131n verili cinsel kimlik tan\u0131mlamalar\u0131n\u0131n s\u0131n\u0131rlar\u0131 i\u00e7erisinde bir \u201cmotif\u201d olarak de\u011fil kendi hayat\u0131na sahip \u00e7\u0131kan, y\u00f6n veren bir \u201cbirey\u201d olarak ele ald\u0131\u011f\u0131 i\u00e7in; g\u00fcc\u00fcn\u00fc geli\u015fmi\u015f teknik olanaklardan de\u011fil, aksine, bu olanaks\u0131zl\u0131klar\u0131 kendi avantaj\u0131na \u00e7evirip \u00e7ok cesur ve duyulara hitap eden, kompleks bir sinema dili yaratt\u0131\u011f\u0131 i\u00e7in\u201d<\/span> <span class=\"s5\">Alain Gomis<\/span>\u2019in y\u00f6netmenli\u011fini \u00fcstlendi\u011fi <span class=\"s7\">F\u00e9licit\u00e9<\/span>\u2019y\u0131 lay\u0131k g\u00f6rd\u00fc.<\/p>\n<p class=\"p6\">Y\u00f6netmen <span class=\"s5\">B\u00fclent \u00d6zt\u00fcrk<\/span>\u2019\u00fcn <span class=\"s7\">Mavi Sessizlik <\/span>adl\u0131 filmi ise <span class=\"s5\">Mansiyon<\/span>\u2019a lay\u0131k g\u00f6r\u00fcld\u00fc. J\u00fcri bu \u00f6d\u00fcl\u00fc <span class=\"s8\">\u201cSinema dilinin ve \u00f6zellikle ses tasar\u0131m\u0131n\u0131n her y\u00f6n\u00fcn\u00fc b\u00fcy\u00fck olgunluk ve ustal\u0131kla kavrayan bir ilk yap\u0131ta, mansiyonun te\u015fvik edici boyutu da vurgulanarak; ayn\u0131 zamanda son derece karma\u015f\u0131k bir dram kar\u015f\u0131s\u0131nda olgun ve tarafs\u0131z g\u00f6zlemde bulundu\u011fu i\u00e7in\u201d<\/span> verdi.<\/p>\n<p class=\"p7\"><strong><span class=\"s2\">FIPRESCI Uluslararas\u0131, Ulusal ve Ulusal K\u0131sa Film Yar\u0131\u015fma \u00d6d\u00fclleri<\/span><\/strong><\/p>\n<p class=\"p8\">Her y\u0131l \u0130stanbul Film Festivali\u2019nin uluslararas\u0131, ulusal ve k\u0131sa film yar\u0131\u015fmalar\u0131 kapsam\u0131nda \u00fc\u00e7 \u00f6d\u00fcl veren Uluslararas\u0131 Film Ele\u015ftirmenleri Federasyonu FIPRESCI j\u00fcrisinde ba\u015fkanl\u0131\u011f\u0131 Almanya\u2019dan <span class=\"s5\">Klaus Eder<\/span> \u00fcstlendi. Ayr\u0131ca j\u00fcride \u0130talya\u2019dan <span class=\"s5\">Alberto Castellano<\/span>, \u0130srail\u2019den <span class=\"s5\">Ofer Liebergall<\/span>, Slovakya\u2019dan <span class=\"s5\">Ladislav Volko<\/span> ve T\u00fcrkiye\u2019den <span class=\"s5\">Abbas Bozkurt<\/span> ve <span class=\"s5\">Evrim Kaya<\/span> g\u00f6rev ald\u0131.<\/p>\n<p class=\"p8\">FIPRESCI \u00d6d\u00fcllerini <span class=\"s5\">Uluslararas\u0131 Alt\u0131n Lale<\/span> <span class=\"s5\">Yar\u0131\u015fmas\u0131<\/span>\u2019nda<span class=\"s5\"> Maysaloun Hamoud<\/span>\u2019un y\u00f6netti\u011fi<span class=\"s7\"> Duvarlar Aras\u0131nda<\/span>, <span class=\"s5\">Ulusal Alt\u0131n Lale<\/span> <span class=\"s5\">Yar\u0131\u015fmas\u0131<\/span>\u2019nda<span class=\"s5\"> Pelin Esmer<\/span>\u2019in y\u00f6netti\u011fi <span class=\"s7\">\u0130\u015fe Yarar Bir \u015eey<\/span> ve <span class=\"s5\">Ulusal K\u0131sa Film Yar\u0131\u015fmas\u0131<\/span>\u2019nda da <span class=\"s5\">Sinan Kesova\u2019<\/span>n\u0131n y\u00f6netti\u011fi <span class=\"s7\">Hinterland<\/span> filmleri kazand\u0131. \u00d6d\u00fclleri j\u00fcri ba\u015fkan\u0131 <span class=\"s5\">Klaus Eder<\/span> a\u00e7\u0131klad\u0131.<\/p>\n","protected":false},"excerpt":{"rendered":"<p>\u0130stanbul K\u00fclt\u00fcr Sanat Vakf\u0131 (\u0130KSV) taraf\u0131ndan d\u00fczenlenen 36. \u0130stanbul Film Festivali\u2019nin \u00f6d\u00fclleri, 14 Nisan Cuma gecesi Soho House \u0130stanbul Big Room\u2019da ger\u00e7ekle\u015ftirilen t\u00f6renle sahiplerini buldu. Yekta Kopan\u2019\u0131n sunuculu\u011fu \u00fcstlenece\u011fi 36. \u0130stanbul Film Festivali \u00d6d\u00fcl T\u00f6reni\u2019nde Uluslararas\u0131 ve Ulusal Alt\u0131n Lale \u00f6d\u00fcllerinin yan\u0131 s\u0131ra, Alt\u0131n Lale Ulusal Yar\u0131\u015fmas\u0131 b\u00f6l\u00fcm\u00fcnde En \u0130yi Y\u00f6netmen, J\u00fcri \u00d6zel \u00d6d\u00fcl\u00fc, En &hellip;<\/p>\n","protected":false},"author":1,"featured_media":40295,"comment_status":"closed","ping_status":"open","sticky":false,"template":"","format":"standard","meta":{"footnotes":""},"categories":[28,61],"tags":[551,415,509],"class_list":["post-40294","post","type-post","status-publish","format-standard","has-post-thumbnail","","category-pop","category-sinematv","tag-film-festivali","tag-pop-2","tag-sinema-tv"],"_links":{"self":[{"href":"http:\/\/www.gzone.com.tr\/index.php\/wp-json\/wp\/v2\/posts\/40294","targetHints":{"allow":["GET"]}}],"collection":[{"href":"http:\/\/www.gzone.com.tr\/index.php\/wp-json\/wp\/v2\/posts"}],"about":[{"href":"http:\/\/www.gzone.com.tr\/index.php\/wp-json\/wp\/v2\/types\/post"}],"author":[{"embeddable":true,"href":"http:\/\/www.gzone.com.tr\/index.php\/wp-json\/wp\/v2\/users\/1"}],"replies":[{"embeddable":true,"href":"http:\/\/www.gzone.com.tr\/index.php\/wp-json\/wp\/v2\/comments?post=40294"}],"version-history":[{"count":1,"href":"http:\/\/www.gzone.com.tr\/index.php\/wp-json\/wp\/v2\/posts\/40294\/revisions"}],"predecessor-version":[{"id":40297,"href":"http:\/\/www.gzone.com.tr\/index.php\/wp-json\/wp\/v2\/posts\/40294\/revisions\/40297"}],"wp:featuredmedia":[{"embeddable":true,"href":"http:\/\/www.gzone.com.tr\/index.php\/wp-json\/wp\/v2\/media\/40295"}],"wp:attachment":[{"href":"http:\/\/www.gzone.com.tr\/index.php\/wp-json\/wp\/v2\/media?parent=40294"}],"wp:term":[{"taxonomy":"category","embeddable":true,"href":"http:\/\/www.gzone.com.tr\/index.php\/wp-json\/wp\/v2\/categories?post=40294"},{"taxonomy":"post_tag","embeddable":true,"href":"http:\/\/www.gzone.com.tr\/index.php\/wp-json\/wp\/v2\/tags?post=40294"}],"curies":[{"name":"wp","href":"https:\/\/api.w.org\/{rel}","templated":true}]}}