{"id":40222,"date":"2017-04-13T12:13:37","date_gmt":"2017-04-13T09:13:37","guid":{"rendered":"http:\/\/gzone.com.tr\/?p=40222"},"modified":"2017-04-13T12:15:16","modified_gmt":"2017-04-13T09:15:16","slug":"lgbt-aktivisti-uganda-devlet-baskanina-hakaretten-tutuklandi","status":"publish","type":"post","link":"http:\/\/www.gzone.com.tr\/index.php\/2017\/04\/13\/lgbt-aktivisti-uganda-devlet-baskanina-hakaretten-tutuklandi\/","title":{"rendered":"LGBT AKT\u0130V\u0130ST\u0130, UGANDA DEVLET BA\u015eKANINA HAKARETTEN TUTUKLANDI"},"content":{"rendered":"<p><strong>Ugandal\u0131 akademisyen, insan haklar\u0131 savunucusu ve LGBT aktivisti Stella Nyanzi, Devlet Ba\u015fkan\u0131 Yoweri Museveni\u2019ye hakaretten tutukland\u0131. Tutuklanan Nyanzi, Uganda Devlet Ba\u015fkan\u0131&#8217;n\u0131 \u00f6mr\u00fc boyunca koltu\u011fundan kalkmayaca\u011f\u0131 konusunda ele\u015ftirmi\u015fti.<\/strong><\/p>\n<p>Uganda&#8217;da Makerere \u00dcniversitesinden akademisyen Stella Nyanzi, ge\u00e7en cuma okul \u00e7a\u011f\u0131ndaki k\u0131zlara hijyenik ped sa\u011flamak i\u00e7in d\u00fczenledi\u011fi kaynak geli\u015ftirme aktivitesinin ard\u0131ndan, h\u00fck\u00fcmeti ele\u015ftirdi\u011fi ve huzuru bozdu\u011fu\u00a0gerek\u00e7esiyle g\u00f6zalt\u0131na al\u0131nd\u0131.<\/p>\n<p><em>KaosGL<\/em>&#8216;de yer alan habere g\u00f6re Nyanzi, cumhurba\u015fkan\u0131n\u0131n e\u015fi ve ayn\u0131 zamanda E\u011fitim Bakan\u0131 olan Janet Museveni\u2019yi se\u00e7im kampanyas\u0131 s\u0131ras\u0131nda b\u00fct\u00e7e ay\u0131rmaya s\u00f6z verip yerine getirmedi\u011fi, maddi durumu iyi olmayan k\u0131z \u00f6\u011frenciler i\u00e7in hijyenik ped sa\u011flanmas\u0131 konusunda ele\u015ftirdi.<\/p>\n<p>Daha \u00f6nce de,\u00a01986\u2019dan beri g\u00f6revde olan Ba\u015fkan Yoweri Museveni\u2019yi \u00f6mr\u00fc boyunca koltu\u011fundan kalkmayaca\u011f\u0131 konusunda ele\u015ftiren Nyanzi, son olarak Ba\u015fkan\u2019a ki\u015fisel Facebook sayfas\u0131 \u00fczerinden \u201ck\u0131\u00e7\u0131m\u0131n kenar\u0131\u201d (pair of buttocks) demekle su\u00e7land\u0131.<\/p>\n<figure style=\"width: 960px\" class=\"wp-caption alignnone\"><img loading=\"lazy\" decoding=\"async\" class=\"\" src=\"http:\/\/www.redpepper.co.ug\/wp-content\/uploads\/2016\/01\/nyanzi.jpg\" width=\"960\" height=\"638\" \/><figcaption class=\"wp-caption-text\">Stella Nyanzi<\/figcaption><\/figure>\n<p>Uganda\u2019da devlet ba\u015fkan\u0131n\u0131 ele\u015ftirme veya dalga ge\u00e7meyi su\u00e7 sayan herhangi bir yasa bulunmamas\u0131na ra\u011fmen Nyanzi, \u201cBilgisayarlar\u0131n K\u00f6t\u00fcye Kullan\u0131m\u0131\u201d \u00fczerine yasal d\u00fczenlemeler kapsam\u0131nda &#8220;sald\u0131rganl\u0131k, huzuru bozmak ve \u00f6zel hayat\u0131 ihlal etmek&#8221;\u00a0ile su\u00e7land\u0131.<\/p>\n<p>\u201cBir\u00a0bilim insan\u0131, \u015fair, yazar ve Facebook kullan\u0131c\u0131s\u0131 olarak g\u00fcn\u00fcm\u00fcz\u00fcn yozla\u015fm\u0131\u015f tiranlar\u0131n\u0131 sert bir \u015fekilde ele\u015ftirmek benim sorumlulu\u011fum\u201d diyen Nyanzi, e\u015fcinsel ili\u015fkiye girme durumunda yedi y\u0131l hapis cezas\u0131na \u00e7arpt\u0131r\u0131lman\u0131n m\u00fcmk\u00fcn oldu\u011fu Uganda\u2019da LGBT\u00a0haklar\u0131yla ilgili konu\u015fan birka\u00e7 ki\u015fiden biri olarak tan\u0131n\u0131yor.<\/p>\n<figure style=\"width: 600px\" class=\"wp-caption alignnone\"><img loading=\"lazy\" decoding=\"async\" class=\"\" src=\"http:\/\/ugandanews.co.ug\/sites\/default\/files\/articles\/yoweeri_1.jpg\" width=\"600\" height=\"402\" \/><figcaption class=\"wp-caption-text\">Uganda Devlet Ba\u015fkan\u0131: Yoweri Museveni<\/figcaption><\/figure>\n<p>Kaynak: Kaos GL<\/p>\n","protected":false},"excerpt":{"rendered":"<p>Ugandal\u0131 akademisyen, insan haklar\u0131 savunucusu ve LGBT aktivisti Stella Nyanzi, Devlet Ba\u015fkan\u0131 Yoweri Museveni\u2019ye hakaretten tutukland\u0131. Tutuklanan Nyanzi, Uganda Devlet Ba\u015fkan\u0131&#8217;n\u0131 \u00f6mr\u00fc boyunca koltu\u011fundan kalkmayaca\u011f\u0131 konusunda ele\u015ftirmi\u015fti. Uganda&#8217;da Makerere \u00dcniversitesinden akademisyen Stella Nyanzi, ge\u00e7en cuma okul \u00e7a\u011f\u0131ndaki k\u0131zlara hijyenik ped sa\u011flamak i\u00e7in d\u00fczenledi\u011fi kaynak geli\u015ftirme aktivitesinin ard\u0131ndan, h\u00fck\u00fcmeti ele\u015ftirdi\u011fi ve huzuru bozdu\u011fu\u00a0gerek\u00e7esiyle g\u00f6zalt\u0131na al\u0131nd\u0131. KaosGL&#8216;de &hellip;<\/p>\n","protected":false},"author":1,"featured_media":35122,"comment_status":"closed","ping_status":"open","sticky":false,"template":"","format":"standard","meta":{"footnotes":""},"categories":[92,91],"tags":[113,112,2259],"class_list":["post-40222","post","type-post","status-publish","format-standard","has-post-thumbnail","","category-dunya","category-haberler","tag-dunya-2","tag-haberler-2","tag-uganda"],"_links":{"self":[{"href":"http:\/\/www.gzone.com.tr\/index.php\/wp-json\/wp\/v2\/posts\/40222","targetHints":{"allow":["GET"]}}],"collection":[{"href":"http:\/\/www.gzone.com.tr\/index.php\/wp-json\/wp\/v2\/posts"}],"about":[{"href":"http:\/\/www.gzone.com.tr\/index.php\/wp-json\/wp\/v2\/types\/post"}],"author":[{"embeddable":true,"href":"http:\/\/www.gzone.com.tr\/index.php\/wp-json\/wp\/v2\/users\/1"}],"replies":[{"embeddable":true,"href":"http:\/\/www.gzone.com.tr\/index.php\/wp-json\/wp\/v2\/comments?post=40222"}],"version-history":[{"count":1,"href":"http:\/\/www.gzone.com.tr\/index.php\/wp-json\/wp\/v2\/posts\/40222\/revisions"}],"predecessor-version":[{"id":40224,"href":"http:\/\/www.gzone.com.tr\/index.php\/wp-json\/wp\/v2\/posts\/40222\/revisions\/40224"}],"wp:featuredmedia":[{"embeddable":true,"href":"http:\/\/www.gzone.com.tr\/index.php\/wp-json\/wp\/v2\/media\/35122"}],"wp:attachment":[{"href":"http:\/\/www.gzone.com.tr\/index.php\/wp-json\/wp\/v2\/media?parent=40222"}],"wp:term":[{"taxonomy":"category","embeddable":true,"href":"http:\/\/www.gzone.com.tr\/index.php\/wp-json\/wp\/v2\/categories?post=40222"},{"taxonomy":"post_tag","embeddable":true,"href":"http:\/\/www.gzone.com.tr\/index.php\/wp-json\/wp\/v2\/tags?post=40222"}],"curies":[{"name":"wp","href":"https:\/\/api.w.org\/{rel}","templated":true}]}}