{"id":40173,"date":"2017-04-11T22:43:36","date_gmt":"2017-04-11T19:43:36","guid":{"rendered":"http:\/\/gzone.com.tr\/?p=40173"},"modified":"2017-04-11T22:43:36","modified_gmt":"2017-04-11T19:43:36","slug":"serdar-ortacdan-biseksuel-iddialarina-yanit","status":"publish","type":"post","link":"http:\/\/www.gzone.com.tr\/index.php\/2017\/04\/11\/serdar-ortacdan-biseksuel-iddialarina-yanit\/","title":{"rendered":"SERDAR ORTA\u00c7&#8217;DAN B\u0130SEKS\u00dcEL \u0130DD\u0130ALARINA YANIT"},"content":{"rendered":"<p><strong>Serdar Orta\u00e7, hakk\u0131nda ortaya at\u0131lan biseks\u00fcel iddialar\u0131na y\u00f6nelik kendisine sorulan &#8220;Biseks\u00fcel misiniz? &#8221; sorusuna net bir yan\u0131t verdi. \u00dcnl\u00fc \u015fark\u0131c\u0131, &#8220;Binlerce erkek seven adam var. Ben de erkek sevseydim \u00e7\u0131kar s\u00f6ylerdim. Bunu gizlemezdim&#8221; dedi.<\/strong><\/p>\n<p>Serdar Orta\u00e7, son a\u00e7\u0131klamalar\u0131yla \u00e7ok konu\u015fulacak. Hafta sonunda Posta Gazetesi\u2019ne r\u00f6portaj veren\u00a0\u00fcnl\u00fc \u015fark\u0131c\u0131, kendisine ve evlili\u011fine dair\u00a0birbirinden ilgin\u00e7 a\u00e7\u0131klamalar yapt\u0131. Kumar tutkusunun h\u00e2l\u00e2 s\u00fcrd\u00fc\u011f\u00fcn\u00fc ancak bunu t\u00f6rp\u00fclemek i\u00e7in kendince baz\u0131 y\u00f6ntemler geli\u015ftirdi\u011fini belirten\u00a0sanat\u00e7\u0131, \u201cEskisi gibi b\u00fcy\u00fck paralarla kumar oynam\u0131yorum. \u015eimdi kendimi me\u015fgul edecek, depresif havadan \u00e7\u0131karacak ba\u015fka bir \u015feye ba\u015flad\u0131m. Kendime bir at ald\u0131m. New York\u2019ta yar\u0131\u015flara \u00e7\u0131k\u0131yor. Hatta \u00fc\u00e7\u00fcnc\u00fc oldu. \u015eimdi de tay al\u0131yorum. Chloe ismini verece\u011fim. O da ko\u015facak\u201d dedi.<\/p>\n<p><strong>\u201cC\u0130NSEL A\u00c7IDAN YETMESEYD\u0130M,\u2026\u201d<\/strong><\/p>\n<p>Gen\u00e7 bir kad\u0131nla evlenmenin zorluklar\u0131na da de\u011finilen r\u00f6portajda Orta\u00e7, kendisine y\u00f6neltilen \u201c46 ya\u015f\u0131ndas\u0131n\u0131z. \u00c7ok gen\u00e7 bir kad\u0131n\u0131n kocas\u0131 olarak her anlamda, buna cinsellik de dahil yetebilme korkusu ya\u015f\u0131yor musunuz?\u201d sorusuna \u201c46 ya\u015f\u0131nday\u0131m ama \u00f6yle hissetmiyorum. E\u011fer \u00f6yle olsayd\u0131m Chloe bana sabretmezdi\u201d cevab\u0131n\u0131 verdi.<\/p>\n<p><strong>\u201cERKEK SEVEN B\u0130NLERCE ADAM YOK MU?\u201d<\/strong><\/p>\n<p>Orta\u00e7\u2019\u0131n en cesur yan\u0131t\u0131 ise hakk\u0131nda ortaya at\u0131lan \u2018biseks\u00fcel\u2019 iddias\u0131na y\u00f6nelikti. Serdar Orta\u00e7, \u201c30 senedir 30 \u00fclkeden 30 kad\u0131nla ya\u015fad\u0131m. Bu kadar kad\u0131n seven bir adam neden biseks\u00fcel olsun? Erkek sevseydim, biseks\u00fcel olsayd\u0131m a\u00e7\u0131klard\u0131m. Binlerce adam yok mu erkek seven? Gizleyerek nefes alamazd\u0131m ki\u201d diye konu\u015ftu. Orta\u00e7, bu iddialar\u0131 e\u015finin de bildi\u011fini ama umurunda bile olmad\u0131\u011f\u0131n\u0131 da dile getirmeyi ihmal etmedi.<\/p>\n","protected":false},"excerpt":{"rendered":"<p>Serdar Orta\u00e7, hakk\u0131nda ortaya at\u0131lan biseks\u00fcel iddialar\u0131na y\u00f6nelik kendisine sorulan &#8220;Biseks\u00fcel misiniz? &#8221; sorusuna net bir yan\u0131t verdi. \u00dcnl\u00fc \u015fark\u0131c\u0131, &#8220;Binlerce erkek seven adam var. Ben de erkek sevseydim \u00e7\u0131kar s\u00f6ylerdim. Bunu gizlemezdim&#8221; dedi. Serdar Orta\u00e7, son a\u00e7\u0131klamalar\u0131yla \u00e7ok konu\u015fulacak. Hafta sonunda Posta Gazetesi\u2019ne r\u00f6portaj veren\u00a0\u00fcnl\u00fc \u015fark\u0131c\u0131, kendisine ve evlili\u011fine dair\u00a0birbirinden ilgin\u00e7 a\u00e7\u0131klamalar yapt\u0131. Kumar &hellip;<\/p>\n","protected":false},"author":1,"featured_media":40174,"comment_status":"closed","ping_status":"open","sticky":false,"template":"","format":"standard","meta":{"footnotes":""},"categories":[39,28],"tags":[153,275,3153],"class_list":["post-40173","post","type-post","status-publish","format-standard","has-post-thumbnail","","category-muzik","category-pop","tag-biseksuel","tag-muzik-2","tag-serdar-ortac"],"_links":{"self":[{"href":"http:\/\/www.gzone.com.tr\/index.php\/wp-json\/wp\/v2\/posts\/40173","targetHints":{"allow":["GET"]}}],"collection":[{"href":"http:\/\/www.gzone.com.tr\/index.php\/wp-json\/wp\/v2\/posts"}],"about":[{"href":"http:\/\/www.gzone.com.tr\/index.php\/wp-json\/wp\/v2\/types\/post"}],"author":[{"embeddable":true,"href":"http:\/\/www.gzone.com.tr\/index.php\/wp-json\/wp\/v2\/users\/1"}],"replies":[{"embeddable":true,"href":"http:\/\/www.gzone.com.tr\/index.php\/wp-json\/wp\/v2\/comments?post=40173"}],"version-history":[{"count":1,"href":"http:\/\/www.gzone.com.tr\/index.php\/wp-json\/wp\/v2\/posts\/40173\/revisions"}],"predecessor-version":[{"id":40175,"href":"http:\/\/www.gzone.com.tr\/index.php\/wp-json\/wp\/v2\/posts\/40173\/revisions\/40175"}],"wp:featuredmedia":[{"embeddable":true,"href":"http:\/\/www.gzone.com.tr\/index.php\/wp-json\/wp\/v2\/media\/40174"}],"wp:attachment":[{"href":"http:\/\/www.gzone.com.tr\/index.php\/wp-json\/wp\/v2\/media?parent=40173"}],"wp:term":[{"taxonomy":"category","embeddable":true,"href":"http:\/\/www.gzone.com.tr\/index.php\/wp-json\/wp\/v2\/categories?post=40173"},{"taxonomy":"post_tag","embeddable":true,"href":"http:\/\/www.gzone.com.tr\/index.php\/wp-json\/wp\/v2\/tags?post=40173"}],"curies":[{"name":"wp","href":"https:\/\/api.w.org\/{rel}","templated":true}]}}