{"id":40015,"date":"2017-04-05T01:03:59","date_gmt":"2017-04-04T22:03:59","guid":{"rendered":"http:\/\/gzone.com.tr\/?p=40015"},"modified":"2017-04-05T01:03:59","modified_gmt":"2017-04-04T22:03:59","slug":"melania-trumpin-beyaz-saray-portresi-sosyal-medyada-olay-yaratti","status":"publish","type":"post","link":"http:\/\/www.gzone.com.tr\/index.php\/2017\/04\/05\/melania-trumpin-beyaz-saray-portresi-sosyal-medyada-olay-yaratti\/","title":{"rendered":"MELANIA TRUMP&#8217;IN BEYAZ SARAY PORTRES\u0130 SOSYAL MEDYADA OLAY YARATTI"},"content":{"rendered":"<p><strong>Beyaz Saray, First Lady Melania Trump\u2019\u0131n resmi portresini yay\u0131mlad\u0131 ve foto\u011fraf hakk\u0131nda tart\u0131\u015fmalar ba\u015flad\u0131.<\/strong><\/p>\n<p>Donald Trump ABD ba\u015fkan\u0131 se\u00e7ildikten sonra yeni \u2018First Lady\u2019 olan Melania Trump\u2019\u0131n resmi portresi Beyaz Saray taraf\u0131ndan yay\u0131mland\u0131. Foto\u011fraf\u0131n yay\u0131mlanmas\u0131yla birlikte tart\u0131\u015fmalar da ba\u015flad\u0131.\u00a0\u00dcnl\u00fclerin foto\u011fraf\u00e7\u0131s\u0131 olarak tan\u0131nan ve ge\u00e7mi\u015fte Trump\u2019\u0131n pek \u00e7ok foto\u011fraf\u0131n\u0131 \u00e7eken Regine Mahaux imzal\u0131 foto\u011fraf, First Lady\u2019nin se\u00e7imleriyle ele\u015ftiri konusu oldu.<\/p>\n<p>&nbsp;<\/p>\n<p><img loading=\"lazy\" decoding=\"async\" class=\"alignnone\" src=\"https:\/\/i.imgsafe.org\/417529bb82.jpg\" width=\"620\" height=\"924\" \/><\/p>\n<p>&nbsp;<\/p>\n<p>Siyah ceket ve siyah fularla poz veren Melania Trump\u2019\u0131n, 13 karatl\u0131k 1,5 milyon dolar de\u011ferindeki evlilik y\u00fcz\u00fc\u011f\u00fc ve e\u015fi Donald Trump taraf\u0131ndan 10\u2019uncu evlilik y\u0131ld\u00f6n\u00fcmlerinde hediye edilen 25 karatl\u0131k p\u0131rlanta y\u00fcz\u00fc\u011f\u00fc, foto\u011fraf\u0131n en \u00e7ok \u00f6ne \u00e7\u0131kan taraf\u0131 oldu. First Lady, zenginli\u011fini g\u00f6stermek istemesiyle ele\u015ftirildi. \u201cBu y\u00fcz\u00fc\u011f\u00fcn paras\u0131yla ka\u00e7 tane a\u00e7 insan doyard\u0131?\u201d tarz\u0131 yorumlar yap\u0131ld\u0131.\u00a0Trump ayr\u0131ca foto\u011fraf\u0131na bol r\u00f6tu\u015f yap\u0131ld\u0131\u011f\u0131 i\u00e7in de sosyal medyada ele\u015ftiri i\u00e7eren yorumlara maruz kald\u0131.\u00a0Daha yetenekli bir foto\u011fraf\u00e7\u0131 ile r\u00f6tu\u015flar\u0131 daha az belli olan bir foto\u011fraf elde edilebilece\u011fini s\u00f6yleyenler, Melania Trump\u2019\u0131, daha fazla parayla daha iyi foto\u011fraf\u00e7\u0131 se\u00e7medi\u011fi i\u00e7in cimri davranmakla su\u00e7lad\u0131. Baz\u0131lar\u0131 da bu durumu tiye alarak, \u201cBeyaz Saray daha yetenekli bir foto\u011fraf\u00e7\u0131 tutmak i\u00e7in para harcamay\u0131p paray\u0131 saklad\u0131\u011f\u0131 i\u00e7in minnettar\u0131m\u201d yorumunu yapt\u0131.<\/p>\n<p>Melania Trump, resmi Beyaz Saray foto\u011fraf\u0131n\u0131 kendi Twitter hesab\u0131ndan, \u201cFirst Lady\u2019nin resmi portresi\u201d notuyla payla\u015ft\u0131.\u00a046 ya\u015f\u0131nda Slovenya k\u00f6kenli eski model, e\u015fi ba\u015fkanl\u0131k koltu\u011funu devrald\u0131ktan sonra Washington\u2019daki Beyaz Saray\u2019a ta\u015f\u0131nmad\u0131. 11 ya\u015f\u0131ndaki o\u011flu Barron ile beraber okul bitene kadar New York\u2019ta ya\u015famaya devam ediyor. Anne-o\u011fulun bu yaz Beyaz Saray\u2019a ta\u015f\u0131nmas\u0131 bekleniyor.<\/p>\n<p>Kaynak: NTV<\/p>\n","protected":false},"excerpt":{"rendered":"<p>Beyaz Saray, First Lady Melania Trump\u2019\u0131n resmi portresini yay\u0131mlad\u0131 ve foto\u011fraf hakk\u0131nda tart\u0131\u015fmalar ba\u015flad\u0131. Donald Trump ABD ba\u015fkan\u0131 se\u00e7ildikten sonra yeni \u2018First Lady\u2019 olan Melania Trump\u2019\u0131n resmi portresi Beyaz Saray taraf\u0131ndan yay\u0131mland\u0131. Foto\u011fraf\u0131n yay\u0131mlanmas\u0131yla birlikte tart\u0131\u015fmalar da ba\u015flad\u0131.\u00a0\u00dcnl\u00fclerin foto\u011fraf\u00e7\u0131s\u0131 olarak tan\u0131nan ve ge\u00e7mi\u015fte Trump\u2019\u0131n pek \u00e7ok foto\u011fraf\u0131n\u0131 \u00e7eken Regine Mahaux imzal\u0131 foto\u011fraf, First Lady\u2019nin se\u00e7imleriyle &hellip;<\/p>\n","protected":false},"author":1,"featured_media":40016,"comment_status":"closed","ping_status":"open","sticky":false,"template":"","format":"standard","meta":{"footnotes":""},"categories":[92,91],"tags":[146,1815,113,112,6547,729],"class_list":["post-40015","post","type-post","status-publish","format-standard","has-post-thumbnail","","category-dunya","category-haberler","tag-abd","tag-beyaz-saray","tag-dunya-2","tag-haberler-2","tag-melania-trump","tag-yasam-2"],"_links":{"self":[{"href":"http:\/\/www.gzone.com.tr\/index.php\/wp-json\/wp\/v2\/posts\/40015","targetHints":{"allow":["GET"]}}],"collection":[{"href":"http:\/\/www.gzone.com.tr\/index.php\/wp-json\/wp\/v2\/posts"}],"about":[{"href":"http:\/\/www.gzone.com.tr\/index.php\/wp-json\/wp\/v2\/types\/post"}],"author":[{"embeddable":true,"href":"http:\/\/www.gzone.com.tr\/index.php\/wp-json\/wp\/v2\/users\/1"}],"replies":[{"embeddable":true,"href":"http:\/\/www.gzone.com.tr\/index.php\/wp-json\/wp\/v2\/comments?post=40015"}],"version-history":[{"count":1,"href":"http:\/\/www.gzone.com.tr\/index.php\/wp-json\/wp\/v2\/posts\/40015\/revisions"}],"predecessor-version":[{"id":40017,"href":"http:\/\/www.gzone.com.tr\/index.php\/wp-json\/wp\/v2\/posts\/40015\/revisions\/40017"}],"wp:featuredmedia":[{"embeddable":true,"href":"http:\/\/www.gzone.com.tr\/index.php\/wp-json\/wp\/v2\/media\/40016"}],"wp:attachment":[{"href":"http:\/\/www.gzone.com.tr\/index.php\/wp-json\/wp\/v2\/media?parent=40015"}],"wp:term":[{"taxonomy":"category","embeddable":true,"href":"http:\/\/www.gzone.com.tr\/index.php\/wp-json\/wp\/v2\/categories?post=40015"},{"taxonomy":"post_tag","embeddable":true,"href":"http:\/\/www.gzone.com.tr\/index.php\/wp-json\/wp\/v2\/tags?post=40015"}],"curies":[{"name":"wp","href":"https:\/\/api.w.org\/{rel}","templated":true}]}}