{"id":39428,"date":"2017-03-13T18:46:16","date_gmt":"2017-03-13T15:46:16","guid":{"rendered":"http:\/\/gzone.com.tr\/?p=39428"},"modified":"2017-03-13T18:46:16","modified_gmt":"2017-03-13T15:46:16","slug":"sarkici-umut-akyurekten-homofobik-paylasim","status":"publish","type":"post","link":"http:\/\/www.gzone.com.tr\/index.php\/2017\/03\/13\/sarkici-umut-akyurekten-homofobik-paylasim\/","title":{"rendered":"\u015eARKICI UMUT AKY\u00dcREK&#8217;TEN HOMOFOB\u0130K PAYLA\u015eIM"},"content":{"rendered":"<p><strong>T\u00fcrk Sanat M\u00fczi\u011fi \u015fark\u0131c\u0131s\u0131 Umut Aky\u00fcrek, Instagram hesab\u0131ndan homofobik bir payla\u015f\u0131ma imza att\u0131.<\/strong><\/p>\n<p>Ge\u00e7ti\u011fimiz hafta sonu ya\u015fanan ve Hollanda&#8217;n\u0131n T\u00fcrk bakan ve milletvekillerini s\u0131n\u0131r d\u0131\u015f\u0131 etmesiyle sonu\u00e7lanan krizle alakal\u0131 Hollanda&#8217;ya tepki vermek isteyen Aky\u00fcrek, nefretini e\u015fcinseller \u00fczerinden yans\u0131tmaya \u00e7al\u0131\u015ft\u0131.<\/p>\n<p>Hesab\u0131 gizli olan Aky\u00fcrek, L\u00fcksemburg&#8217;un e\u015fcinsel belediye ba\u015fkan\u0131 ve e\u015finin foto\u011fraf\u0131n\u0131 koyarak nefret dolu s\u00f6zler payla\u015ft\u0131.<\/p>\n<p>Umut Aky\u00fcrek,<\/p>\n<p>\u0130\u015fte bu utand\u0131ran payla\u015f\u0131m:<\/p>\n<p><img loading=\"lazy\" decoding=\"async\" class=\"alignnone\" src=\"https:\/\/s23.postimg.org\/kb2dyjt2z\/17273589_781188132035899_1175476114_o.jpg\" width=\"1152\" height=\"2048\" \/><\/p>\n<p>&nbsp;<\/p>\n","protected":false},"excerpt":{"rendered":"<p>T\u00fcrk Sanat M\u00fczi\u011fi \u015fark\u0131c\u0131s\u0131 Umut Aky\u00fcrek, Instagram hesab\u0131ndan homofobik bir payla\u015f\u0131ma imza att\u0131. Ge\u00e7ti\u011fimiz hafta sonu ya\u015fanan ve Hollanda&#8217;n\u0131n T\u00fcrk bakan ve milletvekillerini s\u0131n\u0131r d\u0131\u015f\u0131 etmesiyle sonu\u00e7lanan krizle alakal\u0131 Hollanda&#8217;ya tepki vermek isteyen Aky\u00fcrek, nefretini e\u015fcinseller \u00fczerinden yans\u0131tmaya \u00e7al\u0131\u015ft\u0131. Hesab\u0131 gizli olan Aky\u00fcrek, L\u00fcksemburg&#8217;un e\u015fcinsel belediye ba\u015fkan\u0131 ve e\u015finin foto\u011fraf\u0131n\u0131 koyarak nefret dolu s\u00f6zler payla\u015ft\u0131. &hellip;<\/p>\n","protected":false},"author":1,"featured_media":39429,"comment_status":"closed","ping_status":"open","sticky":false,"template":"","format":"standard","meta":{"footnotes":""},"categories":[39,28],"tags":[275,415,7017],"class_list":["post-39428","post","type-post","status-publish","format-standard","has-post-thumbnail","","category-muzik","category-pop","tag-muzik-2","tag-pop-2","tag-umut-akyurek"],"_links":{"self":[{"href":"http:\/\/www.gzone.com.tr\/index.php\/wp-json\/wp\/v2\/posts\/39428","targetHints":{"allow":["GET"]}}],"collection":[{"href":"http:\/\/www.gzone.com.tr\/index.php\/wp-json\/wp\/v2\/posts"}],"about":[{"href":"http:\/\/www.gzone.com.tr\/index.php\/wp-json\/wp\/v2\/types\/post"}],"author":[{"embeddable":true,"href":"http:\/\/www.gzone.com.tr\/index.php\/wp-json\/wp\/v2\/users\/1"}],"replies":[{"embeddable":true,"href":"http:\/\/www.gzone.com.tr\/index.php\/wp-json\/wp\/v2\/comments?post=39428"}],"version-history":[{"count":1,"href":"http:\/\/www.gzone.com.tr\/index.php\/wp-json\/wp\/v2\/posts\/39428\/revisions"}],"predecessor-version":[{"id":39430,"href":"http:\/\/www.gzone.com.tr\/index.php\/wp-json\/wp\/v2\/posts\/39428\/revisions\/39430"}],"wp:featuredmedia":[{"embeddable":true,"href":"http:\/\/www.gzone.com.tr\/index.php\/wp-json\/wp\/v2\/media\/39429"}],"wp:attachment":[{"href":"http:\/\/www.gzone.com.tr\/index.php\/wp-json\/wp\/v2\/media?parent=39428"}],"wp:term":[{"taxonomy":"category","embeddable":true,"href":"http:\/\/www.gzone.com.tr\/index.php\/wp-json\/wp\/v2\/categories?post=39428"},{"taxonomy":"post_tag","embeddable":true,"href":"http:\/\/www.gzone.com.tr\/index.php\/wp-json\/wp\/v2\/tags?post=39428"}],"curies":[{"name":"wp","href":"https:\/\/api.w.org\/{rel}","templated":true}]}}