{"id":39341,"date":"2017-03-07T20:50:06","date_gmt":"2017-03-07T17:50:06","guid":{"rendered":"http:\/\/gzone.com.tr\/?p=39341"},"modified":"2017-03-07T20:50:06","modified_gmt":"2017-03-07T17:50:06","slug":"george-michaelin-olum-sebebi-resmi-olarak-aciklandi","status":"publish","type":"post","link":"http:\/\/www.gzone.com.tr\/index.php\/2017\/03\/07\/george-michaelin-olum-sebebi-resmi-olarak-aciklandi\/","title":{"rendered":"GEORGE MICHAEL&#8217;IN \u00d6L\u00dcM SEBEB\u0130 RESM\u0130 OLARAK A\u00c7IKLANDI"},"content":{"rendered":"<p><strong>D\u00fcnyaca \u00fcnl\u00fc, a\u00e7\u0131k e\u015fcinsel \u0130ngiliz \u015fark\u0131c\u0131 George Michael&#8217;\u0131n, &#8220;kalp kas\u0131 iltihab\u0131 ve karaci\u011fer ya\u011flanmas\u0131&#8221; nedeniyle ya\u015fam\u0131n\u0131 yitirdi\u011fi belirtildi<\/strong><\/p>\n<p>D\u00fcnyaca \u00fcnl\u00fc \u0130ngiliz \u015fark\u0131c\u0131, s\u00f6z yazar\u0131 ve m\u00fczisyen George Michael&#8217;\u0131n\u00a0do\u011fal nedenlerle \u00f6ld\u00fc\u011f\u00fc a\u00e7\u0131kland\u0131.\u00a0Oxfordshire Adli Tabibi Darren Salter, yapt\u0131\u011f\u0131 a\u00e7\u0131klamada, ge\u00e7en aral\u0131k ay\u0131nda hayat\u0131n\u0131 kaybeden\u00a0Michael&#8217;\u0131n, &#8220;kalp kas\u0131 iltihab\u0131 ve karaci\u011fer ya\u011flanmas\u0131&#8221; nedeniyle \u00f6ld\u00fc\u011f\u00fcn\u00fc bildirdi. \u00a0Sanat\u00e7\u0131n\u0131n \u00f6l\u00fcm nedeninin daha \u00f6nce kalp yetmezli\u011fi oldu\u011fu belirtilmi\u015f, ancak \u00f6l\u00fcm\u00fcn do\u011fal sebeplerden kaynaklan\u0131p kaynaklanmad\u0131\u011f\u0131n\u0131n tespiti i\u00e7in soru\u015fturma ba\u015flat\u0131lm\u0131\u015ft\u0131.<\/p>\n<p>&nbsp;<\/p>\n<p><img loading=\"lazy\" decoding=\"async\" class=\"alignnone\" src=\"https:\/\/i.imgsafe.org\/ef2410538d.jpg\" width=\"1080\" height=\"1074\" \/><\/p>\n<p>&nbsp;<\/p>\n<p>Salter, sanat\u00e7\u0131 eceliyle \u00f6ld\u00fc\u011f\u00fc i\u00e7in soru\u015fturman\u0131n s\u00fcrd\u00fcr\u00fclmesine ihtiya\u00e7 duyulmad\u0131\u011f\u0131n\u0131 ifade etti. \u00a0As\u0131l ad\u0131 Georgios Kyriacos Panayiotou olan ve 1963 y\u0131l\u0131nda Londra&#8217;n\u0131n kuzeyinde d\u00fcnyaya gelen Michael, 26 Aral\u0131k&#8217;ta, 53 ya\u015f\u0131ndayken Oxfordshire&#8217;daki evinde hayata g\u00f6zlerini yummu\u015ftu.\u00a01980\u2019li y\u0131llarda &#8220;Wham&#8221; grubunun solisti olarak seslendirdi\u011fi bir\u00e7ok \u015fark\u0131 liste ba\u015f\u0131 olan George Michael&#8217;\u0131n alb\u00fcmleri 100 milyonun \u00fczerinde sat\u0131ld\u0131.<\/p>\n<p>1987 y\u0131l\u0131ndan itibaren kariyerine solo alb\u00fcmlerle devam eden George Michael, &#8220;Keep the Faith&#8221; adl\u0131 par\u00e7as\u0131yla aylarca liste ba\u015f\u0131 kald\u0131.\u00dcnl\u00fc sanat\u00e7\u0131n\u0131n y\u0131llar boyunca uyu\u015fturucu ba\u011f\u0131ml\u0131l\u0131\u011f\u0131ndan kurtulmak i\u00e7in m\u00fccadele verdi\u011fi biliniyordu.Michael, Ekim 2006&#8217;da uyu\u015fturucu madde etkisindeyken ara\u00e7 kullanmaktan, 2008 y\u0131l\u0131nda da uyu\u015fturucu madde bulundurmaktan su\u00e7lu bulunmu\u015ftu.George Michael, Ekim 2010&#8217;da arac\u0131yla yoldan \u00e7\u0131karak Londra\u2019n\u0131n kuzeyinde bir d\u00fckkana girmi\u015fti.Esrar kulland\u0131\u011f\u0131n\u0131 itiraf eden sanat\u00e7\u0131, 8 haftal\u0131k hapis cezas\u0131na \u00e7arpt\u0131r\u0131lm\u0131\u015ft\u0131.<\/p>\n","protected":false},"excerpt":{"rendered":"<p>D\u00fcnyaca \u00fcnl\u00fc, a\u00e7\u0131k e\u015fcinsel \u0130ngiliz \u015fark\u0131c\u0131 George Michael&#8217;\u0131n, &#8220;kalp kas\u0131 iltihab\u0131 ve karaci\u011fer ya\u011flanmas\u0131&#8221; nedeniyle ya\u015fam\u0131n\u0131 yitirdi\u011fi belirtildi D\u00fcnyaca \u00fcnl\u00fc \u0130ngiliz \u015fark\u0131c\u0131, s\u00f6z yazar\u0131 ve m\u00fczisyen George Michael&#8217;\u0131n\u00a0do\u011fal nedenlerle \u00f6ld\u00fc\u011f\u00fc a\u00e7\u0131kland\u0131.\u00a0Oxfordshire Adli Tabibi Darren Salter, yapt\u0131\u011f\u0131 a\u00e7\u0131klamada, ge\u00e7en aral\u0131k ay\u0131nda hayat\u0131n\u0131 kaybeden\u00a0Michael&#8217;\u0131n, &#8220;kalp kas\u0131 iltihab\u0131 ve karaci\u011fer ya\u011flanmas\u0131&#8221; nedeniyle \u00f6ld\u00fc\u011f\u00fcn\u00fc bildirdi. \u00a0Sanat\u00e7\u0131n\u0131n \u00f6l\u00fcm nedeninin daha &hellip;<\/p>\n","protected":false},"author":1,"featured_media":39342,"comment_status":"closed","ping_status":"open","sticky":false,"template":"","format":"standard","meta":{"footnotes":""},"categories":[39,28],"tags":[2200,275,5768],"class_list":["post-39341","post","type-post","status-publish","format-standard","has-post-thumbnail","","category-muzik","category-pop","tag-george-michael","tag-muzik-2","tag-otopsi"],"_links":{"self":[{"href":"http:\/\/www.gzone.com.tr\/index.php\/wp-json\/wp\/v2\/posts\/39341","targetHints":{"allow":["GET"]}}],"collection":[{"href":"http:\/\/www.gzone.com.tr\/index.php\/wp-json\/wp\/v2\/posts"}],"about":[{"href":"http:\/\/www.gzone.com.tr\/index.php\/wp-json\/wp\/v2\/types\/post"}],"author":[{"embeddable":true,"href":"http:\/\/www.gzone.com.tr\/index.php\/wp-json\/wp\/v2\/users\/1"}],"replies":[{"embeddable":true,"href":"http:\/\/www.gzone.com.tr\/index.php\/wp-json\/wp\/v2\/comments?post=39341"}],"version-history":[{"count":1,"href":"http:\/\/www.gzone.com.tr\/index.php\/wp-json\/wp\/v2\/posts\/39341\/revisions"}],"predecessor-version":[{"id":39343,"href":"http:\/\/www.gzone.com.tr\/index.php\/wp-json\/wp\/v2\/posts\/39341\/revisions\/39343"}],"wp:featuredmedia":[{"embeddable":true,"href":"http:\/\/www.gzone.com.tr\/index.php\/wp-json\/wp\/v2\/media\/39342"}],"wp:attachment":[{"href":"http:\/\/www.gzone.com.tr\/index.php\/wp-json\/wp\/v2\/media?parent=39341"}],"wp:term":[{"taxonomy":"category","embeddable":true,"href":"http:\/\/www.gzone.com.tr\/index.php\/wp-json\/wp\/v2\/categories?post=39341"},{"taxonomy":"post_tag","embeddable":true,"href":"http:\/\/www.gzone.com.tr\/index.php\/wp-json\/wp\/v2\/tags?post=39341"}],"curies":[{"name":"wp","href":"https:\/\/api.w.org\/{rel}","templated":true}]}}