{"id":39202,"date":"2017-03-03T01:11:16","date_gmt":"2017-03-02T22:11:16","guid":{"rendered":"http:\/\/gzone.com.tr\/?p=39202"},"modified":"2017-03-03T01:11:16","modified_gmt":"2017-03-02T22:11:16","slug":"kivanc-tatlitug-yeniden-mavi-reklamlarinda","status":"publish","type":"post","link":"http:\/\/www.gzone.com.tr\/index.php\/2017\/03\/03\/kivanc-tatlitug-yeniden-mavi-reklamlarinda\/","title":{"rendered":"KIVAN\u00c7 TATLITU\u011e YEN\u0130DEN MAV\u0130 REKLAMLARINDA"},"content":{"rendered":"<p><strong>D\u00f6rt y\u0131l aradan sonra yeniden Mavi reklamlar\u0131nda oynamaya ba\u015flayacak olan K\u0131van\u00e7 Tatl\u0131tu\u011f\u2019un reklam filmi \u00f6ncesi ilk foto\u011fraflar\u0131 yay\u0131mland\u0131.<\/strong><\/p>\n<p>Mavi, d\u00f6rt y\u0131l aradan sonra reklam kampanyas\u0131 i\u00e7in K\u0131van\u00e7 Tatl\u0131tu\u011f ile yeniden bir araya geldi. 2017 ilkbahar\/yaz sezonundan itibaren Tatl\u0131tu\u011f ile \u00e7al\u0131\u015faca\u011f\u0131n\u0131 a\u00e7\u0131klayan marka, reklam filmi \u00f6ncesinde \u00fcnl\u00fc oyuncunun yeni iki karesini payla\u015ft\u0131.<\/p>\n<p>&nbsp;<\/p>\n<p><a href=\"https:\/\/www.instagram.com\/p\/BQmm515g4dA\/?taken-by=mavi\">https:\/\/www.instagram.com\/p\/BQmm515g4dA\/?taken-by=mavi<\/a><\/p>\n<p>&nbsp;<\/p>\n<p><a href=\"https:\/\/www.instagram.com\/p\/BRIMrMHgW-J\/?taken-by=mavi\">https:\/\/www.instagram.com\/p\/BRIMrMHgW-J\/?taken-by=mavi<\/a><\/p>\n<p>&nbsp;<\/p>\n<p>Tatl\u0131tu\u011f daha \u00f6nce \u201cModada Jean Efsanesi\u201d sloganl\u0131 Mavi reklam\u0131nda yer alm\u0131\u015ft\u0131. Marka, Tatl\u0131tu\u011f&#8217;dan \u00f6nce Serenay Sar\u0131kaya ve Kerem B\u00fcrsin\u2019in yan\u0131 s\u0131ra \u0130lker Kaleli\u2019yle anla\u015fm\u0131\u015ft\u0131.<\/p>\n","protected":false},"excerpt":{"rendered":"<p>D\u00f6rt y\u0131l aradan sonra yeniden Mavi reklamlar\u0131nda oynamaya ba\u015flayacak olan K\u0131van\u00e7 Tatl\u0131tu\u011f\u2019un reklam filmi \u00f6ncesi ilk foto\u011fraflar\u0131 yay\u0131mland\u0131. Mavi, d\u00f6rt y\u0131l aradan sonra reklam kampanyas\u0131 i\u00e7in K\u0131van\u00e7 Tatl\u0131tu\u011f ile yeniden bir araya geldi. 2017 ilkbahar\/yaz sezonundan itibaren Tatl\u0131tu\u011f ile \u00e7al\u0131\u015faca\u011f\u0131n\u0131 a\u00e7\u0131klayan marka, reklam filmi \u00f6ncesinde \u00fcnl\u00fc oyuncunun yeni iki karesini payla\u015ft\u0131. &nbsp; &nbsp; &nbsp; Tatl\u0131tu\u011f &hellip;<\/p>\n","protected":false},"author":1,"featured_media":39203,"comment_status":"closed","ping_status":"open","sticky":false,"template":"","format":"standard","meta":{"footnotes":""},"categories":[70,74],"tags":[218,841,4244,200,2588],"class_list":["post-39202","post","type-post","status-publish","format-standard","has-post-thumbnail","","category-moda","category-modahaberleri","tag-erkekler","tag-kivanc-tatlitug","tag-mavi-jeans","tag-moda","tag-moda-haberleri"],"_links":{"self":[{"href":"http:\/\/www.gzone.com.tr\/index.php\/wp-json\/wp\/v2\/posts\/39202","targetHints":{"allow":["GET"]}}],"collection":[{"href":"http:\/\/www.gzone.com.tr\/index.php\/wp-json\/wp\/v2\/posts"}],"about":[{"href":"http:\/\/www.gzone.com.tr\/index.php\/wp-json\/wp\/v2\/types\/post"}],"author":[{"embeddable":true,"href":"http:\/\/www.gzone.com.tr\/index.php\/wp-json\/wp\/v2\/users\/1"}],"replies":[{"embeddable":true,"href":"http:\/\/www.gzone.com.tr\/index.php\/wp-json\/wp\/v2\/comments?post=39202"}],"version-history":[{"count":1,"href":"http:\/\/www.gzone.com.tr\/index.php\/wp-json\/wp\/v2\/posts\/39202\/revisions"}],"predecessor-version":[{"id":39204,"href":"http:\/\/www.gzone.com.tr\/index.php\/wp-json\/wp\/v2\/posts\/39202\/revisions\/39204"}],"wp:featuredmedia":[{"embeddable":true,"href":"http:\/\/www.gzone.com.tr\/index.php\/wp-json\/wp\/v2\/media\/39203"}],"wp:attachment":[{"href":"http:\/\/www.gzone.com.tr\/index.php\/wp-json\/wp\/v2\/media?parent=39202"}],"wp:term":[{"taxonomy":"category","embeddable":true,"href":"http:\/\/www.gzone.com.tr\/index.php\/wp-json\/wp\/v2\/categories?post=39202"},{"taxonomy":"post_tag","embeddable":true,"href":"http:\/\/www.gzone.com.tr\/index.php\/wp-json\/wp\/v2\/tags?post=39202"}],"curies":[{"name":"wp","href":"https:\/\/api.w.org\/{rel}","templated":true}]}}