{"id":39197,"date":"2017-03-02T16:39:35","date_gmt":"2017-03-02T13:39:35","guid":{"rendered":"http:\/\/gzone.com.tr\/?p=39197"},"modified":"2017-03-02T16:40:52","modified_gmt":"2017-03-02T13:40:52","slug":"kemal-ordek-davasinin-tum-saniklarina-tutuklama-karari-cikti","status":"publish","type":"post","link":"http:\/\/www.gzone.com.tr\/index.php\/2017\/03\/02\/kemal-ordek-davasinin-tum-saniklarina-tutuklama-karari-cikti\/","title":{"rendered":"KEMAL \u00d6RDEK DAVASININ T\u00dcM SANIKLARINA TUTUKLAMA KARARI \u00c7IKTI"},"content":{"rendered":"<p><strong>K\u0131rm\u0131z\u0131 \u015eemsiye Derne\u011fi\u2019nden trans seks i\u015f\u00e7isi ve insan haklar\u0131 savunucusu Kemal \u00d6rdek&#8217;e yap\u0131lan sald\u0131r\u0131 ve gasp davas\u0131ndan t\u00fcm san\u0131klara tutuklama karar\u0131 \u00e7\u0131kt\u0131.\u00a0<\/strong><\/p>\n<p>Kemal \u00d6rdek\u2019in cinsel sald\u0131r\u0131 sonras\u0131 ald\u0131\u011f\u0131 \u00f6l\u00fcm tehditlerine ili\u015fkin a\u00e7t\u0131\u011f\u0131 davan\u0131n Ekim sonunda sonu\u00e7lanmas\u0131n\u0131n ard\u0131ndan, cinsel sald\u0131r\u0131 ve gaspa ili\u015fkin ana dava 18 Kas\u0131m 2016&#8217;da sonu\u00e7lanm\u0131\u015ft\u0131. Ankara 1. A\u011f\u0131r Ceza Mahkemesi \u00d6rdek\u2019e Ankara\u2019daki evinde tecav\u00fcz eden ve \u00d6rdek\u2019i gasp eden sald\u0131rganlar hakk\u0131nda nitelikli cinsel sald\u0131r\u0131, h\u0131rs\u0131zl\u0131k, tehdit, hakaret ve ki\u015finin h\u00fcrriyetini gasp etme su\u00e7lar\u0131ndan ceza verilmesine karar vermi\u015fti. San\u0131klar toplamda 20 y\u0131la yak\u0131n hapis cezas\u0131na \u00e7arpt\u0131r\u0131lm\u0131\u015ft\u0131.<\/p>\n<p>Ankara B\u00f6lge Adliye Mahkemesi 17. Ceza Dairesi&#8217;nde 2 Mart 2017&#8217;de saat 11:45&#8217;te g\u00f6r\u00fclen Kemal \u00d6rdek davas\u0131nda tutuklu san\u0131\u011f\u0131n tutuklulu\u011funun devam\u0131na, duru\u015fmaya gelen san\u0131\u011f\u0131n tutuklanmas\u0131na, duru\u015fmaya gelmeyen di\u011fer san\u0131\u011f\u0131n ise g\u00f6r\u00fcld\u00fc\u011f\u00fc yerde tutuklanmas\u0131na karar verildi.<\/p>\n<p>San\u0131k avukatlar\u0131n\u0131n gelmemesi sebebiyle ikinci duru\u015fman\u0131n 26 Nisan 2017&#8217;de saat 10:30&#8217;da g\u00f6r\u00fclmesine karar verilen mahkemede, san\u0131klar\u0131n ya\u011fma su\u00e7una dair yo\u011fu<span class=\"text_exposed_show\">n \u015f\u00fcphe bar\u0131nd\u0131rd\u0131klar\u0131, su\u00e7lar\u0131n katalog su\u00e7lardan olmas\u0131 ve san\u0131klar\u0131n ka\u00e7ma \u015f\u00fcpheleri sebebiyle tutuklanmalar\u0131na karar verildi.<\/span><\/p>\n<p>Kemal \u00d6rdek onu destekleyen herkese te\u015fekk\u00fcr ederek, avukatlar\u0131 ve dava s\u0131ras\u0131nda yan\u0131nda olan destek\u00e7ileri ile a\u015fa\u011f\u0131daki pozu verdi.<\/p>\n<p><img loading=\"lazy\" decoding=\"async\" class=\"alignnone\" src=\"https:\/\/scontent-ams3-1.xx.fbcdn.net\/v\/t1.0-9\/16998879_1138928546219427_277327384199433663_n.jpg?oh=dea59c9e85fe5b5d8d76920e962ff96f&amp;oe=596F4ED7\" width=\"720\" height=\"540\" \/><\/p>\n","protected":false},"excerpt":{"rendered":"<p>K\u0131rm\u0131z\u0131 \u015eemsiye Derne\u011fi\u2019nden trans seks i\u015f\u00e7isi ve insan haklar\u0131 savunucusu Kemal \u00d6rdek&#8217;e yap\u0131lan sald\u0131r\u0131 ve gasp davas\u0131ndan t\u00fcm san\u0131klara tutuklama karar\u0131 \u00e7\u0131kt\u0131.\u00a0 Kemal \u00d6rdek\u2019in cinsel sald\u0131r\u0131 sonras\u0131 ald\u0131\u011f\u0131 \u00f6l\u00fcm tehditlerine ili\u015fkin a\u00e7t\u0131\u011f\u0131 davan\u0131n Ekim sonunda sonu\u00e7lanmas\u0131n\u0131n ard\u0131ndan, cinsel sald\u0131r\u0131 ve gaspa ili\u015fkin ana dava 18 Kas\u0131m 2016&#8217;da sonu\u00e7lanm\u0131\u015ft\u0131. Ankara 1. A\u011f\u0131r Ceza Mahkemesi \u00d6rdek\u2019e Ankara\u2019daki &hellip;<\/p>\n","protected":false},"author":1,"featured_media":20672,"comment_status":"closed","ping_status":"open","sticky":false,"template":"","format":"standard","meta":{"footnotes":""},"categories":[91,96],"tags":[112,2771,529],"class_list":["post-39197","post","type-post","status-publish","format-standard","has-post-thumbnail","","category-haberler","category-turkiye","tag-haberler-2","tag-kemal-ordek","tag-turkiye-2"],"_links":{"self":[{"href":"http:\/\/www.gzone.com.tr\/index.php\/wp-json\/wp\/v2\/posts\/39197","targetHints":{"allow":["GET"]}}],"collection":[{"href":"http:\/\/www.gzone.com.tr\/index.php\/wp-json\/wp\/v2\/posts"}],"about":[{"href":"http:\/\/www.gzone.com.tr\/index.php\/wp-json\/wp\/v2\/types\/post"}],"author":[{"embeddable":true,"href":"http:\/\/www.gzone.com.tr\/index.php\/wp-json\/wp\/v2\/users\/1"}],"replies":[{"embeddable":true,"href":"http:\/\/www.gzone.com.tr\/index.php\/wp-json\/wp\/v2\/comments?post=39197"}],"version-history":[{"count":1,"href":"http:\/\/www.gzone.com.tr\/index.php\/wp-json\/wp\/v2\/posts\/39197\/revisions"}],"predecessor-version":[{"id":39199,"href":"http:\/\/www.gzone.com.tr\/index.php\/wp-json\/wp\/v2\/posts\/39197\/revisions\/39199"}],"wp:featuredmedia":[{"embeddable":true,"href":"http:\/\/www.gzone.com.tr\/index.php\/wp-json\/wp\/v2\/media\/20672"}],"wp:attachment":[{"href":"http:\/\/www.gzone.com.tr\/index.php\/wp-json\/wp\/v2\/media?parent=39197"}],"wp:term":[{"taxonomy":"category","embeddable":true,"href":"http:\/\/www.gzone.com.tr\/index.php\/wp-json\/wp\/v2\/categories?post=39197"},{"taxonomy":"post_tag","embeddable":true,"href":"http:\/\/www.gzone.com.tr\/index.php\/wp-json\/wp\/v2\/tags?post=39197"}],"curies":[{"name":"wp","href":"https:\/\/api.w.org\/{rel}","templated":true}]}}