{"id":39063,"date":"2017-02-25T12:51:26","date_gmt":"2017-02-25T09:51:26","guid":{"rendered":"http:\/\/gzone.com.tr\/?p=39063"},"modified":"2017-02-25T12:51:26","modified_gmt":"2017-02-25T09:51:26","slug":"christina-augileradan-2017-icin-yeni-album-mujdesi","status":"publish","type":"post","link":"http:\/\/www.gzone.com.tr\/index.php\/2017\/02\/25\/christina-augileradan-2017-icin-yeni-album-mujdesi\/","title":{"rendered":"CHRISTINA AUGILERA&#8217;DAN 2017 \u0130\u00c7\u0130N YEN\u0130 ALB\u00dcM M\u00dcJDES\u0130"},"content":{"rendered":"<p><strong>Pop m\u00fczi\u011fin krali\u00e7elerinden Christina Augilera, uzun s\u00fcren sessizli\u011fini bozdu ve sevenlerine 2017&#8217;de \u00e7\u0131karaca\u011f\u0131 yeni alb\u00fcm\u00fcn\u00fc m\u00fcjdeledi.<\/strong><\/p>\n<p>Ge\u00e7ti\u011fimiz sene ondan yeni bir alb\u00fcm bekleyen hayranlar\u0131n\u0131 hayal k\u0131r\u0131kl\u0131\u011f\u0131na u\u011fratan Augilera, Meksika-Los Cabos&#8217;ta verdi\u011fi bir konserde seyircilere &#8220;2017&#8217;de yeni alb\u00fcm var&#8221; diye seslenerek m\u00fcjdeyi verdi.<\/p>\n<p>Son birka\u00e7 y\u0131ld\u0131r &#8220;O Ses T\u00fcrkiye&#8221;nin ABD versiyonu &#8220;The Voice&#8221;taki j\u00fcri \u00fcyeli\u011fi ile ses getiren Augilera, ge\u00e7ti\u011fimiz g\u00fcnlerde Instagram&#8217;dan payla\u015ft\u0131\u011f\u0131 bir g\u00f6rselde de &#8220;Bitirirken kalbime yap\u0131lan dokununu\u015flar&#8221; diyerek bu yeni alb\u00fcm\u00fcn son a\u015famalar\u0131na geldi\u011finin ipucunu vermi\u015fti.<\/p>\n<p>https:\/\/www.instagram.com\/p\/BQQpvBeD5Nm\/?taken-by=xtina<\/p>\n<p>&nbsp;<\/p>\n","protected":false},"excerpt":{"rendered":"<p>Pop m\u00fczi\u011fin krali\u00e7elerinden Christina Augilera, uzun s\u00fcren sessizli\u011fini bozdu ve sevenlerine 2017&#8217;de \u00e7\u0131karaca\u011f\u0131 yeni alb\u00fcm\u00fcn\u00fc m\u00fcjdeledi. Ge\u00e7ti\u011fimiz sene ondan yeni bir alb\u00fcm bekleyen hayranlar\u0131n\u0131 hayal k\u0131r\u0131kl\u0131\u011f\u0131na u\u011fratan Augilera, Meksika-Los Cabos&#8217;ta verdi\u011fi bir konserde seyircilere &#8220;2017&#8217;de yeni alb\u00fcm var&#8221; diye seslenerek m\u00fcjdeyi verdi. Son birka\u00e7 y\u0131ld\u0131r &#8220;O Ses T\u00fcrkiye&#8221;nin ABD versiyonu &#8220;The Voice&#8221;taki j\u00fcri \u00fcyeli\u011fi ile &hellip;<\/p>\n","protected":false},"author":1,"featured_media":29402,"comment_status":"closed","ping_status":"open","sticky":false,"template":"","format":"standard","meta":{"footnotes":""},"categories":[39,28],"tags":[6985,275,415],"class_list":["post-39063","post","type-post","status-publish","format-standard","has-post-thumbnail","","category-muzik","category-pop","tag-christina-augilera","tag-muzik-2","tag-pop-2"],"_links":{"self":[{"href":"http:\/\/www.gzone.com.tr\/index.php\/wp-json\/wp\/v2\/posts\/39063","targetHints":{"allow":["GET"]}}],"collection":[{"href":"http:\/\/www.gzone.com.tr\/index.php\/wp-json\/wp\/v2\/posts"}],"about":[{"href":"http:\/\/www.gzone.com.tr\/index.php\/wp-json\/wp\/v2\/types\/post"}],"author":[{"embeddable":true,"href":"http:\/\/www.gzone.com.tr\/index.php\/wp-json\/wp\/v2\/users\/1"}],"replies":[{"embeddable":true,"href":"http:\/\/www.gzone.com.tr\/index.php\/wp-json\/wp\/v2\/comments?post=39063"}],"version-history":[{"count":1,"href":"http:\/\/www.gzone.com.tr\/index.php\/wp-json\/wp\/v2\/posts\/39063\/revisions"}],"predecessor-version":[{"id":39065,"href":"http:\/\/www.gzone.com.tr\/index.php\/wp-json\/wp\/v2\/posts\/39063\/revisions\/39065"}],"wp:featuredmedia":[{"embeddable":true,"href":"http:\/\/www.gzone.com.tr\/index.php\/wp-json\/wp\/v2\/media\/29402"}],"wp:attachment":[{"href":"http:\/\/www.gzone.com.tr\/index.php\/wp-json\/wp\/v2\/media?parent=39063"}],"wp:term":[{"taxonomy":"category","embeddable":true,"href":"http:\/\/www.gzone.com.tr\/index.php\/wp-json\/wp\/v2\/categories?post=39063"},{"taxonomy":"post_tag","embeddable":true,"href":"http:\/\/www.gzone.com.tr\/index.php\/wp-json\/wp\/v2\/tags?post=39063"}],"curies":[{"name":"wp","href":"https:\/\/api.w.org\/{rel}","templated":true}]}}