{"id":39032,"date":"2017-02-24T09:04:55","date_gmt":"2017-02-24T06:04:55","guid":{"rendered":"http:\/\/gzone.com.tr\/?p=39032"},"modified":"2017-02-24T09:04:55","modified_gmt":"2017-02-24T06:04:55","slug":"trumpin-trans-genclerle-ilgili-tuvalet-kararini-bozmasina-tepkiler-buyuyor","status":"publish","type":"post","link":"http:\/\/www.gzone.com.tr\/index.php\/2017\/02\/24\/trumpin-trans-genclerle-ilgili-tuvalet-kararini-bozmasina-tepkiler-buyuyor\/","title":{"rendered":"TRUMP&#8217;IN TRANS GEN\u00c7LERLE \u0130LG\u0130L\u0130 TUVALET KARARINI BOZMASINA TEPK\u0130LER B\u00dcY\u00dcYOR"},"content":{"rendered":"<p class=\"story-body__introduction\"><strong>ABD Ba\u015fkan\u0131 Donald Trump&#8217;\u0131n trans gen\u00e7lerin kamu okullar\u0131nda istedikleri tuvaleti kullanmas\u0131na izin veren y\u00f6nergeyi y\u00fcr\u00fcrl\u00fckten kald\u0131ran karar\u0131na tepki b\u00fcy\u00fcyor.<\/strong><\/p>\n<p>Eski ba\u015fkan Barack Obama d\u00f6neminde \u00e7\u0131kar\u0131lan ve trans bireylerin haklar\u0131 i\u00e7in \u00f6nemli bir ad\u0131m olarak g\u00f6r\u00fclen tuvalet y\u00f6nergesinin y\u00fcr\u00fcrl\u00fckten kald\u0131r\u0131lmas\u0131na kar\u015f\u0131 \u00fclkenin d\u00f6rt bir yan\u0131nda protesto g\u00f6sterileri d\u00fczenleniyor.<\/p>\n<p>Trump&#8217;a tepki g\u00f6steren isimlerden biri yemin t\u00f6reninde milli mar\u015f\u0131 s\u00f6yleyen 16 ya\u015f\u0131ndaki \u015fark\u0131c\u0131 Jackie Evancho oldu.<\/p>\n<p>Evancho, Trump&#8217;\u0131 bu konuda &#8216;ayd\u0131nlatmay\u0131&#8217; \u00e7ok istedi\u011fini belirterek bu karardan \u00f6t\u00fcr\u00fc b\u00fcy\u00fck bir hayal k\u0131r\u0131kl\u0131\u011f\u0131 ya\u015fad\u0131\u011f\u0131n\u0131 anlatt\u0131.<\/p>\n<p>ABC kanal\u0131na trans bir birey olan k\u0131z karde\u015fi Juliet ile beraber bir r\u00f6portaj veren Evancho, Trump&#8217;a k\u0131z karde\u015finin okulda neler ya\u015fad\u0131\u011f\u0131n\u0131 y\u00fcz y\u00fcze anlatmak istedi\u011fini belirtti.<\/p>\n<p>Evancho&#8217;nun k\u0131z karde\u015fi Juliet ise her g\u00fcn ayr\u0131mc\u0131l\u0131kla kar\u015f\u0131la\u015ft\u0131\u011f\u0131n\u0131 ve kendisine korkun\u00e7 \u015feyler s\u00f6ylendi\u011fini anlatt\u0131.<\/p>\n<p>Juliet, trans bireylerin tuvalet haklar\u0131n\u0131n ne oldu\u011funun bilinmedi\u011fi bir ortam\u0131n g\u00fcvenli olmad\u0131\u011f\u0131n\u0131 da s\u00f6zlerine ekledi.<\/p>\n<h2 class=\"story-body__crosshead\">&#8216;Bu bir insan haklar\u0131 meselesi&#8217;<\/h2>\n<p>Trump&#8217;a tepki g\u00f6steren \u00fcnl\u00fclerden bir di\u011feri ise \u00fcnl\u00fc televizyon sunucusu Ellen DeGeneres.<\/p>\n<p>Ellen DeGeneres, Twitter&#8217;dan, &#8220;Bu politikayla ilgili de\u011fil, insan haklar\u0131yla ilgili bir mesele&#8221; dedi.<\/p>\n<h2>Caitlyn Jenner: Bu bir felakettir<\/h2>\n<p>Ge\u00e7ti\u011fimiz y\u0131llarda cinsiyet ge\u00e7i\u015fi yaparak ABD ve d\u00fcnya medyas\u0131n\u0131n g\u00fcndemine oturan ve se\u00e7im \u00f6ncesinde Trump&#8217;\u0131 destekleyici a\u00e7\u0131klamalar yapt\u0131\u011f\u0131 i\u00e7in bir hayli ele\u015ftiri alan Caitlyn Jenner ise Trump&#8217;\u0131n bu y\u00f6nergeyi y\u00fcr\u00fcrl\u00fckten kald\u0131rmas\u0131na &#8220;Bu bir felakettir. Bunu hala d\u00fczeltebilirsin.LGBTQ toplumunu koruyaca\u011f\u0131na bana s\u00f6z verdin&#8221; diye tepki g\u00f6sterdi.<\/p>\n<blockquote class=\"twitter-tweet\" data-lang=\"en\">\n<p dir=\"ltr\" lang=\"en\">Well <a href=\"https:\/\/twitter.com\/realDonaldTrump\">@realDonaldTrump<\/a>, from one Republican to another, this is a disaster. You made a promise to protect the LGBTQ community. Call me. <a href=\"https:\/\/t.co\/XwYe0LNUOq\">pic.twitter.com\/XwYe0LNUOq<\/a><\/p>\n<p>\u2014 Caitlyn Jenner (@Caitlyn_Jenner) <a href=\"https:\/\/twitter.com\/Caitlyn_Jenner\/status\/834935434144731136\">February 24, 2017<\/a><\/p><\/blockquote>\n<p><script src=\"\/\/platform.twitter.com\/widgets.js\" async=\"\" charset=\"utf-8\"><\/script><\/p>\n<h2 class=\"story-body__crosshead\">Teknoloji devleri de tepki g\u00f6sterdi<\/h2>\n<p>Apple, Google, Facebook ve Microsoft gibi teknoloji devleri karara kar\u015f\u0131 \u00e7\u0131kan kurumlar aras\u0131nda yer al\u0131yor.<\/p>\n<p>Trump&#8217;\u0131n bu karar\u0131na ilk tepkiyi CEO&#8217;su Tim Cook&#8217;un e\u015fcinsel oldu\u011funu a\u00e7\u0131klad\u0131\u011f\u0131 Apple&#8217;dan geldi.<\/p>\n<p><img loading=\"lazy\" decoding=\"async\" class=\"alignnone\" src=\"http:\/\/ichef-1.bbci.co.uk\/news\/624\/cpsprodpb\/1862\/production\/_94824260_transtweet.jpg\" width=\"624\" height=\"351\" \/><\/p>\n<p>Google, yapt\u0131\u011f\u0131 a\u00e7\u0131klamada trans \u00f6\u011frencilerin haklar\u0131nda ya\u015fanan bu gerilemeden \u00f6t\u00fcr\u00fc endi\u015feli olduklar\u0131n\u0131 belirtti.<\/p>\n<p>Facebook ise e\u015fitlik ve trans bireylerin e\u015fit haklara sahip olmas\u0131 i\u00e7in destek vermeye devam edeceklerini a\u00e7\u0131klad\u0131.<\/p>\n<p>Salesforce, Microsoft ve Intel gibi \u015firketlerin y\u00f6neticileri ise #ProtectTransKids (Trans Gen\u00e7leri Koruyun) etiketiyle payla\u015f\u0131mlarda bulundu.<\/p>\n<h2 class=\"story-body__crosshead\">Yeni bir protesto dalgas\u0131<\/h2>\n<p>Di\u011fer yandan Trump&#8217;\u0131n bu karar\u0131, \u00fclke \u00e7ap\u0131nda yeni bir protesto dalgas\u0131n\u0131n do\u011fmas\u0131na neden oldu.<\/p>\n<p>ABD&#8217;nin \u00e7e\u015fitli \u015fehirlerinde trans gen\u00e7lere destek y\u00fcr\u00fcy\u00fc\u015fleri d\u00fczenleniyor.<\/p>\n<p>New Yorker dergisi, bu durumu Trump&#8217;\u0131n g\u00f6reve gelmesinden beri tek bir g\u00fcn\u00fcn bile protestosuz ge\u00e7memesi y\u00f6n\u00fcnde yorumlad\u0131.<\/p>\n<p>\u00d6zellikle Trump&#8217;\u0131n g\u00f6\u00e7menler ile ilgili yapt\u0131\u011f\u0131 a\u00e7\u0131klamalar ve ald\u0131\u011f\u0131 kararlar \u00fclke \u00e7ap\u0131nda b\u00fcy\u00fck protestolar\u0131n d\u00fczenlenmesine neden olmu\u015ftu.<\/p>\n<p>Pazar g\u00fcn\u00fc d\u00fczenlenecek Oscar \u00d6d\u00fcl T\u00f6reni&#8217;nin de protestolara sahne olmas\u0131 bekleniyor.<\/p>\n<p>Wall Street Journal gazetesi bu durumu sosyal medyadan &#8216;Pazar g\u00fcn\u00fc \u015fimdiye kadar d\u00fczenlenmi\u015f en iyi giyimli Trump protestosu olacak&#8217; diye duyurdu.<\/p>\n<p><img loading=\"lazy\" decoding=\"async\" class=\"alignnone size-full wp-image-37938\" src=\"http:\/\/gzone.com.tr\/wp-content\/uploads\/2017\/01\/donald-trump-2.jpg\" alt=\"donald-trump\" width=\"660\" height=\"330\" srcset=\"http:\/\/www.gzone.com.tr\/wp-content\/uploads\/2017\/01\/donald-trump-2.jpg 660w, http:\/\/www.gzone.com.tr\/wp-content\/uploads\/2017\/01\/donald-trump-2-300x150.jpg 300w\" sizes=\"auto, (max-width: 660px) 100vw, 660px\" \/><\/p>\n<h2 class=\"story-body__crosshead\">Karar\u0131n hemen bir etkisi olmayacak<\/h2>\n<p>Trump&#8217;\u0131n trans gen\u00e7lerle ilgili bu karar\u0131n\u0131n Obama&#8217;n\u0131n y\u00f6netmeli\u011fi Teksas&#8217;ta bir hakimin karar\u0131na tak\u0131ld\u0131\u011f\u0131 i\u00e7in hemen bir etkisinin olmas\u0131 beklenmiyor.<\/p>\n<p>Ge\u00e7en y\u0131l May\u0131s ay\u0131nda \u00e7\u0131kan y\u00f6nergenin yasal ba\u011flay\u0131c\u0131l\u0131\u011f\u0131 olmasa da Obama bu y\u00f6nergeye uymayan okullar\u0131n fonlar\u0131n\u0131 kaybedebilece\u011fini s\u00f6ylemi\u015fti.<\/p>\n<p>Y\u00f6nerge \u00fclke \u00e7ap\u0131nda tart\u0131\u015fmalara yol a\u00e7m\u0131\u015f, 13 eyalette y\u00f6nergeye kar\u015f\u0131 dava a\u00e7\u0131l\u0131rken A\u011fustos ay\u0131nda Teksas&#8217;taki bir federal yarg\u0131\u00e7 y\u00f6nergenin durdurulmas\u0131 i\u00e7in ad\u0131m atm\u0131\u015ft\u0131.<\/p>\n<p>Donald Trump se\u00e7im kampanyas\u0131n\u0131n ba\u015flang\u0131c\u0131nda translar\u0131n istedikleri tuvaleti kullanabilmeleri gerekti\u011fini s\u00f6ylemi\u015f, fakat Cumhuriyet\u00e7ilerden tepki almas\u0131 sonucu duru\u015funu de\u011fi\u015ftirmi\u015fti.<\/p>\n<p><img loading=\"lazy\" decoding=\"async\" class=\"alignnone\" src=\"http:\/\/ichef-1.bbci.co.uk\/news\/624\/cpsprodpb\/6682\/production\/_94824262_1c3cbd47-272f-408d-99f5-285c9ee06be3.jpg\" width=\"624\" height=\"351\" \/><\/p>\n<p><em>Kaynak: BBC T\u00fcrk\u00e7e &#8211; Ana foto\u011fraf: AP\u00a0<\/em><\/p>\n","protected":false},"excerpt":{"rendered":"<p>ABD Ba\u015fkan\u0131 Donald Trump&#8217;\u0131n trans gen\u00e7lerin kamu okullar\u0131nda istedikleri tuvaleti kullanmas\u0131na izin veren y\u00f6nergeyi y\u00fcr\u00fcrl\u00fckten kald\u0131ran karar\u0131na tepki b\u00fcy\u00fcyor. Eski ba\u015fkan Barack Obama d\u00f6neminde \u00e7\u0131kar\u0131lan ve trans bireylerin haklar\u0131 i\u00e7in \u00f6nemli bir ad\u0131m olarak g\u00f6r\u00fclen tuvalet y\u00f6nergesinin y\u00fcr\u00fcrl\u00fckten kald\u0131r\u0131lmas\u0131na kar\u015f\u0131 \u00fclkenin d\u00f6rt bir yan\u0131nda protesto g\u00f6sterileri d\u00fczenleniyor. Trump&#8217;a tepki g\u00f6steren isimlerden biri yemin t\u00f6reninde milli &hellip;<\/p>\n","protected":false},"author":1,"featured_media":39033,"comment_status":"closed","ping_status":"open","sticky":false,"template":"","format":"standard","meta":{"footnotes":""},"categories":[92,91],"tags":[113,112,599,3607],"class_list":["post-39032","post","type-post","status-publish","format-standard","has-post-thumbnail","","category-dunya","category-haberler","tag-dunya-2","tag-haberler-2","tag-trans","tag-trump"],"_links":{"self":[{"href":"http:\/\/www.gzone.com.tr\/index.php\/wp-json\/wp\/v2\/posts\/39032","targetHints":{"allow":["GET"]}}],"collection":[{"href":"http:\/\/www.gzone.com.tr\/index.php\/wp-json\/wp\/v2\/posts"}],"about":[{"href":"http:\/\/www.gzone.com.tr\/index.php\/wp-json\/wp\/v2\/types\/post"}],"author":[{"embeddable":true,"href":"http:\/\/www.gzone.com.tr\/index.php\/wp-json\/wp\/v2\/users\/1"}],"replies":[{"embeddable":true,"href":"http:\/\/www.gzone.com.tr\/index.php\/wp-json\/wp\/v2\/comments?post=39032"}],"version-history":[{"count":1,"href":"http:\/\/www.gzone.com.tr\/index.php\/wp-json\/wp\/v2\/posts\/39032\/revisions"}],"predecessor-version":[{"id":39034,"href":"http:\/\/www.gzone.com.tr\/index.php\/wp-json\/wp\/v2\/posts\/39032\/revisions\/39034"}],"wp:featuredmedia":[{"embeddable":true,"href":"http:\/\/www.gzone.com.tr\/index.php\/wp-json\/wp\/v2\/media\/39033"}],"wp:attachment":[{"href":"http:\/\/www.gzone.com.tr\/index.php\/wp-json\/wp\/v2\/media?parent=39032"}],"wp:term":[{"taxonomy":"category","embeddable":true,"href":"http:\/\/www.gzone.com.tr\/index.php\/wp-json\/wp\/v2\/categories?post=39032"},{"taxonomy":"post_tag","embeddable":true,"href":"http:\/\/www.gzone.com.tr\/index.php\/wp-json\/wp\/v2\/tags?post=39032"}],"curies":[{"name":"wp","href":"https:\/\/api.w.org\/{rel}","templated":true}]}}