{"id":38523,"date":"2017-02-07T13:41:31","date_gmt":"2017-02-07T10:41:31","guid":{"rendered":"http:\/\/gzone.com.tr\/?p=38523"},"modified":"2017-02-07T13:41:31","modified_gmt":"2017-02-07T10:41:31","slug":"izle-irem-derici-ve-mustafa-ceceli-dueti-kiymetlim","status":"publish","type":"post","link":"http:\/\/www.gzone.com.tr\/index.php\/2017\/02\/07\/izle-irem-derici-ve-mustafa-ceceli-dueti-kiymetlim\/","title":{"rendered":"\u0130ZLE: \u0130REM DER\u0130C\u0130 VE MUSTAFA CECEL\u0130 D\u00dcET\u0130, &#8221;KIYMETL\u0130M&#8221;"},"content":{"rendered":"<p class=\"detail-description m-b-lg\"><strong>Mustafa Ceceli&#8217;nin yeni alb\u00fcm\u00fc\u00a0&#8220;Zincirimi k\u0131rd\u0131 a\u015fk&#8221;\u0131n ilk video klip \u015fark\u0131s\u0131, \u0130rem Derici ile d\u00fceti olan &#8221;K\u0131ymetlim&#8221;e \u00e7ekildi. Klibin y\u00f6netmenli\u011fini Umut Eker \u00fcstlendi.\u00a0<\/strong><\/p>\n<p class=\"detail-description m-b-lg\">5 Ayl\u0131k s\u00fcre\u00e7 i\u00e7erisinde 4. klibini yay\u0131nlayan \u0130rem Derici, &#8220;Dur Yava\u015f&#8221; \u015fark\u0131s\u0131n\u0131n ard\u0131ndan \u00f6nce Harun Kol\u00e7ak ile d\u00fcet yapt\u0131\u011f\u0131 &#8220;Gir Kan\u0131ma&#8221; \u015fark\u0131s\u0131n\u0131n klibini ard\u0131ndan da Bana Hi\u00e7bir \u015eey Olmaz&#8217;\u0131n klibini m\u00fczikseverlerin be\u011fenisine sunmu\u015ftu.\u00a0Mustafa Ceceli&#8217;nin &#8220;Zincirimi k\u0131rd\u0131 a\u015fk&#8221; alb\u00fcm\u00fc i\u00e7erisinde yer alan K\u0131ymetlim \u015fark\u0131s\u0131n\u0131 birlikte seslendiren ikili Umut Eker&#8217;in y\u00f6netmenli\u011finde \u00e7ekilen klibi takip\u00e7ileriyle payla\u015ft\u0131.<\/p>\n<p class=\"detail-description m-b-lg\">Youtube&#8217;da Netd platformu alt\u0131nda yay\u0131nlanan klibin ait oldu\u011funu alb\u00fcm k\u0131sa bir s\u00fcre \u00f6nce DMC etiketiyle piyasaya s\u00fcr\u00fclm\u00fc\u015ft\u00fc.\u00a0S\u00f6z ve m\u00fczi\u011fi Sinan Ak\u00e7\u0131l&#8217;a ait olan duygusal par\u00e7ada Derici ve Ceceli, birlikte rol ald\u0131.\u00a0\u0130kili sosyal medya hesaplar\u0131ndan yapt\u0131klar\u0131 payla\u015f\u0131mlarda kliplerinin yay\u0131nda oldu\u011funu duyururken Ceceli, \u015fark\u0131s\u0131 i\u00e7in &#8220;K\u0131ymetlim&#8221; ifadesini kulland\u0131.<\/p>\n<p><iframe loading=\"lazy\" title=\"Mustafa Ceceli &amp; \u0130rem Derici - K\u0131ymetlim\" width=\"618\" height=\"348\" src=\"https:\/\/www.youtube.com\/embed\/OzXmvO_M6ic?feature=oembed\" frameborder=\"0\" allow=\"accelerometer; autoplay; clipboard-write; encrypted-media; gyroscope; picture-in-picture; web-share\" referrerpolicy=\"strict-origin-when-cross-origin\" allowfullscreen><\/iframe><\/p>\n","protected":false},"excerpt":{"rendered":"<p>Mustafa Ceceli&#8217;nin yeni alb\u00fcm\u00fc\u00a0&#8220;Zincirimi k\u0131rd\u0131 a\u015fk&#8221;\u0131n ilk video klip \u015fark\u0131s\u0131, \u0130rem Derici ile d\u00fceti olan &#8221;K\u0131ymetlim&#8221;e \u00e7ekildi. Klibin y\u00f6netmenli\u011fini Umut Eker \u00fcstlendi.\u00a0 5 Ayl\u0131k s\u00fcre\u00e7 i\u00e7erisinde 4. klibini yay\u0131nlayan \u0130rem Derici, &#8220;Dur Yava\u015f&#8221; \u015fark\u0131s\u0131n\u0131n ard\u0131ndan \u00f6nce Harun Kol\u00e7ak ile d\u00fcet yapt\u0131\u011f\u0131 &#8220;Gir Kan\u0131ma&#8221; \u015fark\u0131s\u0131n\u0131n klibini ard\u0131ndan da Bana Hi\u00e7bir \u015eey Olmaz&#8217;\u0131n klibini m\u00fczikseverlerin be\u011fenisine sunmu\u015ftu.\u00a0Mustafa &hellip;<\/p>\n","protected":false},"author":1,"featured_media":38524,"comment_status":"closed","ping_status":"open","sticky":false,"template":"","format":"standard","meta":{"footnotes":""},"categories":[39,28],"tags":[2855,5590,275,3323,1450],"class_list":["post-38523","post","type-post","status-publish","format-standard","has-post-thumbnail","","category-muzik","category-pop","tag-irem-derici","tag-mustafa-ceceli","tag-muzik-2","tag-sinan-akcil","tag-umut-eker"],"_links":{"self":[{"href":"http:\/\/www.gzone.com.tr\/index.php\/wp-json\/wp\/v2\/posts\/38523","targetHints":{"allow":["GET"]}}],"collection":[{"href":"http:\/\/www.gzone.com.tr\/index.php\/wp-json\/wp\/v2\/posts"}],"about":[{"href":"http:\/\/www.gzone.com.tr\/index.php\/wp-json\/wp\/v2\/types\/post"}],"author":[{"embeddable":true,"href":"http:\/\/www.gzone.com.tr\/index.php\/wp-json\/wp\/v2\/users\/1"}],"replies":[{"embeddable":true,"href":"http:\/\/www.gzone.com.tr\/index.php\/wp-json\/wp\/v2\/comments?post=38523"}],"version-history":[{"count":1,"href":"http:\/\/www.gzone.com.tr\/index.php\/wp-json\/wp\/v2\/posts\/38523\/revisions"}],"predecessor-version":[{"id":38525,"href":"http:\/\/www.gzone.com.tr\/index.php\/wp-json\/wp\/v2\/posts\/38523\/revisions\/38525"}],"wp:featuredmedia":[{"embeddable":true,"href":"http:\/\/www.gzone.com.tr\/index.php\/wp-json\/wp\/v2\/media\/38524"}],"wp:attachment":[{"href":"http:\/\/www.gzone.com.tr\/index.php\/wp-json\/wp\/v2\/media?parent=38523"}],"wp:term":[{"taxonomy":"category","embeddable":true,"href":"http:\/\/www.gzone.com.tr\/index.php\/wp-json\/wp\/v2\/categories?post=38523"},{"taxonomy":"post_tag","embeddable":true,"href":"http:\/\/www.gzone.com.tr\/index.php\/wp-json\/wp\/v2\/tags?post=38523"}],"curies":[{"name":"wp","href":"https:\/\/api.w.org\/{rel}","templated":true}]}}