{"id":38310,"date":"2017-02-01T02:13:48","date_gmt":"2017-01-31T23:13:48","guid":{"rendered":"http:\/\/gzone.com.tr\/?p=38310"},"modified":"2017-02-01T02:13:48","modified_gmt":"2017-01-31T23:13:48","slug":"besiktas-taraftarindan-barcelonaya-arda-turan-icerikli-tek-baskanlik-mektubu","status":"publish","type":"post","link":"http:\/\/www.gzone.com.tr\/index.php\/2017\/02\/01\/besiktas-taraftarindan-barcelonaya-arda-turan-icerikli-tek-baskanlik-mektubu\/","title":{"rendered":"BE\u015e\u0130KTA\u015e TARAFTARINDAN BARCELONA&#8217;YA ARDA TURAN \u0130\u00c7ER\u0130KL\u0130 TEK BA\u015eKANLIK MEKTUBU"},"content":{"rendered":"<p><strong>Be\u015fikta\u015f taraftar grubu Bele\u015ftepe, referandum \u00f6ncesi &#8216;evet&#8217; kampanyas\u0131n\u0131n bir par\u00e7as\u0131 olan Arda Turan i\u00e7in kul\u00fcb\u00fc Barcelona&#8217;ya iki dilde mektup yazd\u0131.<\/strong><\/p>\n<p>Anayasa de\u011fi\u015fikli\u011fi referandumu \u00f6ncesinde R\u0131dvan Dilmen\u2019in sosyal medyadan ba\u015flatt\u0131\u011f\u0131 \u2018evet\u2019 kampanyas\u0131 futbolcu Arda Turan ve Burak Y\u0131lmaz\u2019a uzanarak tepkilere neden olmu\u015ftu. T\u00fcrkiye\u2019den bir\u00e7ok taraftar\u0131n \u00f6zellikle Arda Turan\u2019a tepki amac\u0131yla Twitter\u2019dan ba\u015flatt\u0131\u011f\u0131 payla\u015f\u0131mlar kul\u00fcb\u00fc Barcelona\u2019ya kadar uzanm\u0131\u015ft\u0131.<\/p>\n<p>Son olarak Be\u015fikta\u015f taraftar grubu Bele\u015ftepe, Arda Turan i\u00e7in kul\u00fcb\u00fc Barcelona\u2019ya T\u00fcrk\u00e7e ve \u0130spanyolca mektup yazd\u0131. Taraftarlar ayr\u0131ca, referandum \u00f6ncesinde ba\u015fkanl\u0131k sistemine kar\u015f\u0131 m\u00fccadele edeceklerini belirterek; \u201cYak\u0131ndan ilgilendi\u011fimiz futbol alan\u0131nda ise \u201cEvet\u201d \u00e7al\u0131\u015fmalar\u0131n\u0131n borazanl\u0131\u011f\u0131n\u0131 yapan her t\u00fcrl\u00fc yalaka, saray soytar\u0131s\u0131 ki\u015filerle ister kul\u00fcb\u00fcm\u00fczde yer als\u0131n, ister ba\u015fka camiada yer als\u0131n, bunlara kar\u015f\u0131 m\u00fccadele etmek g\u00f6revimizdir.\u201d \u0130fadelerini kulland\u0131.<\/p>\n<p><img loading=\"lazy\" decoding=\"async\" class=\"alignnone\" src=\"https:\/\/i.imgsafe.org\/1199375dbc.jpg\" width=\"1634\" height=\"1080\" \/><\/p>\n<p><strong>Mektubun tam hali \u015f\u00f6yle;<\/strong><\/p>\n<p>\u201cMerhaba bir kul\u00fcpten daha fazlas\u0131 olan Barcelona kul\u00fcb\u00fc, Fa\u015fist Franco\u2019 ya kar\u015f\u0131 d\u00f6v\u00fc\u015fenlerin \u00e7ocuklara. Merhaba Katalunya halk\u0131.<\/p>\n<p>Sizlere, kul\u00fcb\u00fcn\u00fcz\u00fcn oyuncusu Arda Turan\u2019\u0131n \u00fclkesi T\u00fcrkiye\u2019den sesleniyoruz. Arda Turan neden ortak g\u00fcndemimiz oldu onu anlatmaya \u00e7al\u0131\u015faca\u011f\u0131z. Cumhuriyet rejiminin tek adam rejimine d\u00f6n\u00fc\u015fmesini sa\u011flamak \u00fczere iktidar\u0131n dayatt\u0131\u011f\u0131 18 maddelik yeni anayasa de\u011fi\u015fiklik paketi 2017 Nisan ayr\u0131nda referandum ile T\u00fcrkiye halk\u0131na sunulacak. Bu de\u011fi\u015fikliklerle g\u00fc\u00e7 tek bir ki\u015fide toplanacak, her t\u00fcrl\u00fc muhalefet sindirilip yok edilecek, Fa\u015fizm art\u0131k di\u015flerini saklama gere\u011fi bile duymadan t\u00fcm \u00e7\u0131plakl\u0131\u011f\u0131yla halklar\u0131m\u0131z\u0131n \u00fczerine \u00e7\u00f6kecek.<\/p>\n<p>\u00dclkemiz vatanda\u015f\u0131 ve kul\u00fcb\u00fcn\u00fcz\u00fcn oyuncusu Arda Turan ve birka\u00e7 di\u011fer T\u00fcrk futbolcu futbolcu bu de\u011fi\u015fikliklere evet diyeceklerini a\u00e7\u0131klayarak sosyal medyada topluma \u201cevet \u201c demeleri \u00e7a\u011fr\u0131s\u0131nda bulundular. Bizler, Be\u015fikta\u015f taraftar\u0131 olarak kul\u00fcb\u00fcm\u00fczde oynayan ve oynayacak olan oyuncular\u0131n \u00f6nce iyi insan olmalar\u0131 y\u00f6n\u00fcnde tav\u0131r belirleyen bir gelenekten geliyoruz. Bu nedenledir ki nice \u201ciyi\u201d oyuncunun \u00e7abucak kovuldu\u011fu kul\u00fcb\u00fcm\u00fczde nice vasat oyuncular da efsanemiz olabilmi\u015ftir bu sayede.<\/p>\n<p>\u201cNo Pasaran \u201c slogan\u0131n\u0131 bayrak edip Franco fa\u015fizmine kar\u015f\u0131 m\u00fccadele etmi\u015f Barcelona halk\u0131n\u0131n kul\u00fcb\u00fcn\u00fcn de bizler gibi d\u00fc\u015f\u00fcnece\u011finden hareketle Arda\u2019n\u0131n anlay\u0131\u015f bi\u00e7iminin fark\u0131na varmalar\u0131n\u0131 istedik.<\/p>\n<p>Bu anlay\u0131\u015f; \u0131rk\u00e7\u0131d\u0131r, mezhep\u00e7idir, laiklik d\u00fc\u015fman\u0131d\u0131r. Bu anlay\u0131\u015f sava\u015f \u00e7\u0131\u011fl\u0131klar\u0131 at\u0131p bar\u0131\u015f diyenleri tutuklar. Bu anlay\u0131\u015f kad\u0131n d\u00fc\u015fman\u0131d\u0131r; kad\u0131n\u0131 ikinci s\u0131n\u0131f vatanda\u015f olarak g\u00f6r\u00fcr. Bu anlay\u0131\u015f; h\u0131rs\u0131zd\u0131r, adlar\u0131 yolsuzluklara kar\u0131\u015fm\u0131\u015ft\u0131r, Bu anlay\u0131\u015f t\u00fcm bu su\u00e7lar\u0131n\u0131n yan\u0131nda, g\u00fcc\u00fc yeni anayasa ile tamamen kendi tekellerine al\u0131p halk\u0131 ve muhalefeti sindirmek istemektedir. \u0130\u015fte Arda Turan evet dedi\u011fi anlay\u0131\u015f budur.<br \/>\n\u0130\u015fte bu y\u00fczden \u00fclkemizde ve d\u00fcnyada bir \u00e7ok taraftar\u0131 olan Barcelona kul\u00fcb\u00fcne ve felsefesine yak\u0131\u015fmamaktad\u0131r. Arda Turan\u2019s\u0131z bir Barcelona ile \u0130stanbul\u2019da bir g\u00fcn g\u00f6r\u00fc\u015fmek dile\u011fiyle .<\/p>\n<p>\u201cNo Pasaran\u201d HAYIR !<\/p>\n<p>Bar\u0131\u015ftan ve \u00d6zg\u00fcrl\u00fckten yana olan Be\u015fikta\u015fl\u0131lar\u201d<\/p>\n<h3><strong>Mektubun \u0130spanyolcas\u0131<\/strong><\/h3>\n<p>\u201cHola FC Barcelona, que sois m\u00e1s que un club de f\u00fatbol, los hijos de los que lucharon contra Franco. Hola pueblo de Catalu\u00f1a, Les hacemos esta llamada desde Turqu\u00eda,<\/p>\n<p>el pa\u00eds de vuestro jugador Arda Turan. Vamos a tratar de explicar por qu\u00e9 Arda Turan se ha convertido en un asunto de inter\u00e9s en com\u00fan: El gobierno turco va a someter a refer\u00e9ndum (referendo?) el cambio de 18 art\u00edculos de la constituci\u00f3n en abril de 2017 para convertir la Rep\u00fablica de Turqu\u00eda en un r\u00e9gimen de un solo hombre. Con este cambio el poder se va a concentrar en solo una persona y cualquier forma de oposici\u00f3n va a ser oprimida y eliminada. El fascismo va a invadir los pueblos de Turqu\u00eda sin necesidad de esconderse. Arda Turan, ciudadano de nuestro pa\u00eds y jugador de vuestro equipo, y algunos otros futbolistas turcos han declarado que van a decir \u201cs\u00ed\u201d y han hecho llamadas en medios sociales para convencer a la gente a votar \u201cs\u00ed\u201d en el refer\u00e9ndum y as\u00ed aprobar los cambios en la constituci\u00f3n turca. Nosotros, los aficionados del club Be\u015fikta\u015f, procedemos de una tradici\u00f3n en la que se prima la buena personalidad de nuestros jugadores, actuales y futuros.<\/p>\n<p>Por este motivo, muchos \u201cbuenos\u201d jugadores fueron despedidos r\u00e1pidamente de nuestro club mientras que otros jugadores mediocres se pudieron convertir en leyendas. Asumiendo que el club de f\u00fatbol del pueblo de Barcelona que convirti\u00f3 el eslogan \u201cNo pasar\u00e1n!\u201d en su bandera y lucho contra el fascismo de Franco pensar\u00e1 como nosotros, hemos querido que se dieran cuenta de la actitud de Arda Turan. Esta actitud es racista, sectaria y enemigo del laicismo.<\/p>\n<p>Esta actitud lanza gritos de guerra y detiene a los que reclaman la paz. Esta actitud es mis\u00f3gina y considera a la mujer como un ser humano de segunda clase. Esta actitud es la de ladrones y corruptos. Esta actitud junto con todos estos delitos quiere apoderarse del monopolio de todo el poder a trav\u00e9s de la nueva constituci\u00f3n para poder reprimir al pueblo y a la oposici\u00f3n. Al lado de todas estas culpas la gente con esta actitud quiere unir el poder en una sola mano y intimidar al pueblo y a la oposici\u00f3n con el cambio de la constituci\u00f3n turca. Esta es la actitud a la que Arda Turan dice \u201cs\u00ed\u201d y por todo lo explicado va en contra de un club que cuenta con aficionados en nuestro pa\u00eds y en todo el mundo que es el F\u00fatbol Club Barcelona y de su filosof\u00eda.<\/p>\n<p>Con el deseo de ver a un FC Barcelona sin Arda Turan en Estambul alg\u00fan d\u00eda.\u201d<\/p>\n<p>\u201cNo Pasaran!\u201d HAYIR!<\/p>\n<p>Los aficionados del Be\u015fikta\u015f defensores de la paz y libertad.\u201d<\/p>\n","protected":false},"excerpt":{"rendered":"<p>Be\u015fikta\u015f taraftar grubu Bele\u015ftepe, referandum \u00f6ncesi &#8216;evet&#8217; kampanyas\u0131n\u0131n bir par\u00e7as\u0131 olan Arda Turan i\u00e7in kul\u00fcb\u00fc Barcelona&#8217;ya iki dilde mektup yazd\u0131. Anayasa de\u011fi\u015fikli\u011fi referandumu \u00f6ncesinde R\u0131dvan Dilmen\u2019in sosyal medyadan ba\u015flatt\u0131\u011f\u0131 \u2018evet\u2019 kampanyas\u0131 futbolcu Arda Turan ve Burak Y\u0131lmaz\u2019a uzanarak tepkilere neden olmu\u015ftu. T\u00fcrkiye\u2019den bir\u00e7ok taraftar\u0131n \u00f6zellikle Arda Turan\u2019a tepki amac\u0131yla Twitter\u2019dan ba\u015flatt\u0131\u011f\u0131 payla\u015f\u0131mlar kul\u00fcb\u00fc Barcelona\u2019ya kadar &hellip;<\/p>\n","protected":false},"author":1,"featured_media":38311,"comment_status":"closed","ping_status":"open","sticky":false,"template":"","format":"standard","meta":{"footnotes":""},"categories":[81],"tags":[6908,230,1253,6887,5257,165,6876,729],"class_list":["post-38310","post","type-post","status-publish","format-standard","has-post-thumbnail","","category-spor","tag-arda-turan","tag-barcelona","tag-besiktas","tag-hayir","tag-referandum","tag-spor","tag-tek-baskanlik","tag-yasam-2"],"_links":{"self":[{"href":"http:\/\/www.gzone.com.tr\/index.php\/wp-json\/wp\/v2\/posts\/38310","targetHints":{"allow":["GET"]}}],"collection":[{"href":"http:\/\/www.gzone.com.tr\/index.php\/wp-json\/wp\/v2\/posts"}],"about":[{"href":"http:\/\/www.gzone.com.tr\/index.php\/wp-json\/wp\/v2\/types\/post"}],"author":[{"embeddable":true,"href":"http:\/\/www.gzone.com.tr\/index.php\/wp-json\/wp\/v2\/users\/1"}],"replies":[{"embeddable":true,"href":"http:\/\/www.gzone.com.tr\/index.php\/wp-json\/wp\/v2\/comments?post=38310"}],"version-history":[{"count":1,"href":"http:\/\/www.gzone.com.tr\/index.php\/wp-json\/wp\/v2\/posts\/38310\/revisions"}],"predecessor-version":[{"id":38312,"href":"http:\/\/www.gzone.com.tr\/index.php\/wp-json\/wp\/v2\/posts\/38310\/revisions\/38312"}],"wp:featuredmedia":[{"embeddable":true,"href":"http:\/\/www.gzone.com.tr\/index.php\/wp-json\/wp\/v2\/media\/38311"}],"wp:attachment":[{"href":"http:\/\/www.gzone.com.tr\/index.php\/wp-json\/wp\/v2\/media?parent=38310"}],"wp:term":[{"taxonomy":"category","embeddable":true,"href":"http:\/\/www.gzone.com.tr\/index.php\/wp-json\/wp\/v2\/categories?post=38310"},{"taxonomy":"post_tag","embeddable":true,"href":"http:\/\/www.gzone.com.tr\/index.php\/wp-json\/wp\/v2\/tags?post=38310"}],"curies":[{"name":"wp","href":"https:\/\/api.w.org\/{rel}","templated":true}]}}