{"id":38282,"date":"2017-01-31T09:56:00","date_gmt":"2017-01-31T06:56:00","guid":{"rendered":"http:\/\/gzone.com.tr\/?p=38282"},"modified":"2017-01-31T09:56:00","modified_gmt":"2017-01-31T06:56:00","slug":"cem-adrian-kurk-kullanimina-savas-acti","status":"publish","type":"post","link":"http:\/\/www.gzone.com.tr\/index.php\/2017\/01\/31\/cem-adrian-kurk-kullanimina-savas-acti\/","title":{"rendered":"CEM ADR\u0130AN K\u00dcRK KULLANIMINA SAVA\u015e A\u00c7TI"},"content":{"rendered":"<p><strong>Hayvan sevgisiyle tan\u0131nan \u015fark\u0131c\u0131 Cem Adrian, \u00fcr\u00fcnlerinde ger\u00e7ek k\u00fcrk kullanan giyim markalar\u0131n\u0131 durdurmak sosyal medya hesab\u0131 \u00fczerinden\u00a0duyuru yapt\u0131.<\/strong><\/p>\n<p>\u015eark\u0131c\u0131 Cem Adrian, \u00fcr\u00fcnlerinde ger\u00e7ek k\u00fcrk kullanan giyim markalar\u0131n\u0131 durdurmaya y\u00f6nelik sosyal medya hesab\u0131 \u00fczerinden bir kampanya y\u00fcr\u00fct\u00fcyor.<\/p>\n<p>Markalara, \u201cK\u00fcrk\u00fc i\u00e7in \u00f6ld\u00fcrtt\u00fc\u011f\u00fcn\u00fcz hayvanlar\u0131n da asl\u0131nda kedilerden, k\u00f6peklerden farkl\u0131 duygular\u0131 yok. Onlar\u0131 canl\u0131yken sevin\u201d diyen Adrian, Instagram\u2019dan \u015fu s\u00f6zlerle \u00e7a\u011fr\u0131 yapt\u0131.<\/p>\n<p>\u201c\u00dcr\u00fcnlerinde k\u00fcrk kullanan b\u00fcy\u00fck ve k\u00f6kl\u00fc markalarla ki\u015fisel olarak ileti\u015fime ge\u00e7ip yapt\u0131klar\u0131 yanl\u0131\u015ftan d\u00f6nmeleri ve art\u0131k k\u00fcrk kullanmayacaklar\u0131n\u0131 beyan etmelerini istedim. Pazartesi d\u00f6n\u00fc\u015f yapacaklar. Olumsuz d\u00f6n\u00fc\u015f yapan ya da hi\u00e7 d\u00f6n\u00fc\u015f yapmayan t\u00fcm firmalara kar\u015f\u0131 b\u00fcy\u00fck bir kampanya ba\u015flataca\u011f\u0131m. Herkesi bu markalar\u0131 protesto etmeye davet edece\u011fim. L\u00fctfen benzeri g\u00f6r\u00fclmemi\u015f bir destekle bu vah\u015feti \u00fclkemizden silelim. Sonra da d\u00fcnyadan&#8230; Neden olamas\u0131n?\u201d<\/p>\n<p>Adrian, Bennu Y\u0131ld\u0131r\u0131mlar, Levent \u00dcz\u00fcmc\u00fc, Mert F\u0131rat, \u00d6zg\u00fcr \u00c7evik gibi \u00fcnl\u00fclerin ge\u00e7en y\u0131l haz\u0131rlad\u0131klar\u0131 \u201cK\u00fcrk\u00fcn\u00fc \u00e7\u0131kar, vicdan\u0131n\u0131 giy\u201d temal\u0131 videosunu payla\u015farak, \u201cYar\u0131ndan itibaren \u00fcr\u00fcnlerinde ger\u00e7ek k\u00fcrk bulunan ve ma\u011fazalar\u0131nda satan, hepimizin bildi\u011fi markalar\u0131 if\u015fa etmeye ba\u015fl\u0131yoruz. Evet bu bir if\u015fad\u0131r. Bundan vazge\u00e7tiklerini a\u00e7\u0131klayana kadar da boykot ve payla\u015f\u0131mlar\u0131m\u0131z devam edecek. Ya bu canili\u011fe bir son verecekler ya da o \u00e7ok \u00f6nem verdikleri prestijleri yerle bir olacak\u201d a\u00e7\u0131klamas\u0131n\u0131 yapt\u0131.<\/p>\n<p>&nbsp;<\/p>\n<p><a href=\"https:\/\/www.instagram.com\/p\/BP0bu3rDpYE\/\">https:\/\/www.instagram.com\/p\/BP0bu3rDpYE\/<\/a><\/p>\n<p>&nbsp;<\/p>\n<p>\u00dcr\u00fcnlerinde ger\u00e7ek k\u00fcrk kullanan markalara seslenen Adrian, markalar\u0131 \u00fcr\u00fcnlerinden bir daha ger\u00e7ek k\u00fcrk kullanmad\u0131klar\u0131n\u0131 a\u00e7\u0131klamaya davet ediyor.<\/p>\n","protected":false},"excerpt":{"rendered":"<p>Hayvan sevgisiyle tan\u0131nan \u015fark\u0131c\u0131 Cem Adrian, \u00fcr\u00fcnlerinde ger\u00e7ek k\u00fcrk kullanan giyim markalar\u0131n\u0131 durdurmak sosyal medya hesab\u0131 \u00fczerinden\u00a0duyuru yapt\u0131. \u015eark\u0131c\u0131 Cem Adrian, \u00fcr\u00fcnlerinde ger\u00e7ek k\u00fcrk kullanan giyim markalar\u0131n\u0131 durdurmaya y\u00f6nelik sosyal medya hesab\u0131 \u00fczerinden bir kampanya y\u00fcr\u00fct\u00fcyor. Markalara, \u201cK\u00fcrk\u00fc i\u00e7in \u00f6ld\u00fcrtt\u00fc\u011f\u00fcn\u00fcz hayvanlar\u0131n da asl\u0131nda kedilerden, k\u00f6peklerden farkl\u0131 duygular\u0131 yok. Onlar\u0131 canl\u0131yken sevin\u201d diyen Adrian, Instagram\u2019dan \u015fu &hellip;<\/p>\n","protected":false},"author":1,"featured_media":38283,"comment_status":"closed","ping_status":"open","sticky":false,"template":"","format":"standard","meta":{"footnotes":""},"categories":[39,28],"tags":[718,2701,4114,275],"class_list":["post-38282","post","type-post","status-publish","format-standard","has-post-thumbnail","","category-muzik","category-pop","tag-cem-adrian","tag-hayvan-haklari","tag-kurk","tag-muzik-2"],"_links":{"self":[{"href":"http:\/\/www.gzone.com.tr\/index.php\/wp-json\/wp\/v2\/posts\/38282","targetHints":{"allow":["GET"]}}],"collection":[{"href":"http:\/\/www.gzone.com.tr\/index.php\/wp-json\/wp\/v2\/posts"}],"about":[{"href":"http:\/\/www.gzone.com.tr\/index.php\/wp-json\/wp\/v2\/types\/post"}],"author":[{"embeddable":true,"href":"http:\/\/www.gzone.com.tr\/index.php\/wp-json\/wp\/v2\/users\/1"}],"replies":[{"embeddable":true,"href":"http:\/\/www.gzone.com.tr\/index.php\/wp-json\/wp\/v2\/comments?post=38282"}],"version-history":[{"count":1,"href":"http:\/\/www.gzone.com.tr\/index.php\/wp-json\/wp\/v2\/posts\/38282\/revisions"}],"predecessor-version":[{"id":38284,"href":"http:\/\/www.gzone.com.tr\/index.php\/wp-json\/wp\/v2\/posts\/38282\/revisions\/38284"}],"wp:featuredmedia":[{"embeddable":true,"href":"http:\/\/www.gzone.com.tr\/index.php\/wp-json\/wp\/v2\/media\/38283"}],"wp:attachment":[{"href":"http:\/\/www.gzone.com.tr\/index.php\/wp-json\/wp\/v2\/media?parent=38282"}],"wp:term":[{"taxonomy":"category","embeddable":true,"href":"http:\/\/www.gzone.com.tr\/index.php\/wp-json\/wp\/v2\/categories?post=38282"},{"taxonomy":"post_tag","embeddable":true,"href":"http:\/\/www.gzone.com.tr\/index.php\/wp-json\/wp\/v2\/tags?post=38282"}],"curies":[{"name":"wp","href":"https:\/\/api.w.org\/{rel}","templated":true}]}}