{"id":37549,"date":"2017-01-09T13:30:25","date_gmt":"2017-01-09T10:30:25","guid":{"rendered":"http:\/\/gzone.com.tr\/?p=37549"},"modified":"2017-01-09T13:30:25","modified_gmt":"2017-01-09T10:30:25","slug":"izle-banu-alkanin-bayilmasina-sebep-olan-kamera-sakasi","status":"publish","type":"post","link":"http:\/\/www.gzone.com.tr\/index.php\/2017\/01\/09\/izle-banu-alkanin-bayilmasina-sebep-olan-kamera-sakasi\/","title":{"rendered":"\u0130ZLE: BANU ALKAN&#8217;IN BAYILMASINA SEBEP OLAN KAMERA \u015eAKASI"},"content":{"rendered":"<p><strong>Demet Akba\u011f&#8217;\u0131n sundu\u011fu kamera \u015fakas\u0131 program\u0131 &#8220;\u00c7ok Aram\u0131zda&#8221;, T\u00fcrkiye Sinemas\u0131&#8217;n\u0131n Afrodit&#8217;i Banu Alkan&#8217;a \u00e7ok konu\u015fulacak bir \u015faka yapt\u0131.<\/strong><\/p>\n<p>Dar\u0131ca Hayvanat Bah\u00e7esi&#8217;nde yap\u0131lan kamera \u015fakas\u0131nda Show Tv Magazin ekibi ile r\u00f6portaj yapan Banu Alkan, kaplanlar\u0131n kafesinin a\u00e7\u0131k kald\u0131\u011f\u0131na inand\u0131r\u0131larak b\u00fcy\u00fck panik ya\u015fad\u0131.<\/p>\n<p>\u015eakan\u0131n sonunda fenala\u015farak bay\u0131lan ve her kamera \u015fakas\u0131nda adet oldu\u011fu \u00fczere Demet Akba\u011f ile y\u00fczle\u015femeyen Banu Alkan&#8217;\u0131n zor anlar\u0131 videoya b\u00f6yle yans\u0131d\u0131:<\/p>\n<p><iframe loading=\"lazy\" src=\"https:\/\/www.youtube.com\/embed\/kLY9_juNszs\" width=\"560\" height=\"315\" frameborder=\"0\" allowfullscreen=\"allowfullscreen\"><\/iframe><\/p>\n<p>&nbsp;<\/p>\n","protected":false},"excerpt":{"rendered":"<p>Demet Akba\u011f&#8217;\u0131n sundu\u011fu kamera \u015fakas\u0131 program\u0131 &#8220;\u00c7ok Aram\u0131zda&#8221;, T\u00fcrkiye Sinemas\u0131&#8217;n\u0131n Afrodit&#8217;i Banu Alkan&#8217;a \u00e7ok konu\u015fulacak bir \u015faka yapt\u0131. Dar\u0131ca Hayvanat Bah\u00e7esi&#8217;nde yap\u0131lan kamera \u015fakas\u0131nda Show Tv Magazin ekibi ile r\u00f6portaj yapan Banu Alkan, kaplanlar\u0131n kafesinin a\u00e7\u0131k kald\u0131\u011f\u0131na inand\u0131r\u0131larak b\u00fcy\u00fck panik ya\u015fad\u0131. \u015eakan\u0131n sonunda fenala\u015farak bay\u0131lan ve her kamera \u015fakas\u0131nda adet oldu\u011fu \u00fczere Demet Akba\u011f ile &hellip;<\/p>\n","protected":false},"author":1,"featured_media":37551,"comment_status":"closed","ping_status":"open","sticky":false,"template":"","format":"standard","meta":{"footnotes":""},"categories":[28,61],"tags":[6785,415,509],"class_list":["post-37549","post","type-post","status-publish","format-standard","has-post-thumbnail","","category-pop","category-sinematv","tag-banu-alkan","tag-pop-2","tag-sinema-tv"],"_links":{"self":[{"href":"http:\/\/www.gzone.com.tr\/index.php\/wp-json\/wp\/v2\/posts\/37549","targetHints":{"allow":["GET"]}}],"collection":[{"href":"http:\/\/www.gzone.com.tr\/index.php\/wp-json\/wp\/v2\/posts"}],"about":[{"href":"http:\/\/www.gzone.com.tr\/index.php\/wp-json\/wp\/v2\/types\/post"}],"author":[{"embeddable":true,"href":"http:\/\/www.gzone.com.tr\/index.php\/wp-json\/wp\/v2\/users\/1"}],"replies":[{"embeddable":true,"href":"http:\/\/www.gzone.com.tr\/index.php\/wp-json\/wp\/v2\/comments?post=37549"}],"version-history":[{"count":1,"href":"http:\/\/www.gzone.com.tr\/index.php\/wp-json\/wp\/v2\/posts\/37549\/revisions"}],"predecessor-version":[{"id":37552,"href":"http:\/\/www.gzone.com.tr\/index.php\/wp-json\/wp\/v2\/posts\/37549\/revisions\/37552"}],"wp:featuredmedia":[{"embeddable":true,"href":"http:\/\/www.gzone.com.tr\/index.php\/wp-json\/wp\/v2\/media\/37551"}],"wp:attachment":[{"href":"http:\/\/www.gzone.com.tr\/index.php\/wp-json\/wp\/v2\/media?parent=37549"}],"wp:term":[{"taxonomy":"category","embeddable":true,"href":"http:\/\/www.gzone.com.tr\/index.php\/wp-json\/wp\/v2\/categories?post=37549"},{"taxonomy":"post_tag","embeddable":true,"href":"http:\/\/www.gzone.com.tr\/index.php\/wp-json\/wp\/v2\/tags?post=37549"}],"curies":[{"name":"wp","href":"https:\/\/api.w.org\/{rel}","templated":true}]}}