{"id":37104,"date":"2016-12-29T13:39:33","date_gmt":"2016-12-29T10:39:33","guid":{"rendered":"http:\/\/gzone.com.tr\/?p=37104"},"modified":"2016-12-29T18:14:24","modified_gmt":"2016-12-29T15:14:24","slug":"meir-ozveren-yazdi-yeni-yili-yaratmak","status":"publish","type":"post","link":"http:\/\/www.gzone.com.tr\/index.php\/2016\/12\/29\/meir-ozveren-yazdi-yeni-yili-yaratmak\/","title":{"rendered":"ME\u0130R \u00d6ZVEREN YAZDI: YEN\u0130 YILI YARATMAK"},"content":{"rendered":"<p class=\"b-header\"><strong>GZone\u2019a \u00f6zel yaz\u0131lar\u0131yla ruhani d\u00fcnyam\u0131zda yeni ufuklar a\u00e7an sezgisel terapist Meir \u00d6zveren, yeni makalesinde\u00a0YEN\u0130 YILI YARATMAYI konu edindi.<\/strong><\/p>\n<div class=\"b-page b-page_text\">\n<div class=\"b-page__body\">\n<div dir=\"ltr\" lang=\"en-GB\" xml:lang=\"en-GB\">\n<p class=\"p1\"><strong>\u0130\u015fte bu yaz\u0131:<\/strong><\/p>\n<p><span style=\"font-family: 'Times New Roman', serif;\"><span style=\"font-size: large;\">Bu<\/span><\/span><span style=\"font-family: 'Times New Roman', serif;\"><span style=\"font-size: large;\"><span lang=\"tr-TR\" xml:lang=\"tr-TR\"> haftaki<\/span><\/span><\/span><span style=\"font-family: 'Times New Roman', serif;\"><span style=\"font-size: large;\"> yaz\u0131ma ba\u015flamadan \u00f6nce yak\u0131n zamanda aram\u0131zdan ayr\u0131lan;<\/span><\/span><\/p>\n<p><span style=\"font-family: 'Times New Roman', serif;\"><span style=\"font-size: large;\">\u00fclkemizde spirit\u00fcel konularda ba\u015far\u0131l\u0131 \u00e7al\u0131\u015fmalara imza atm\u0131\u015f g\u00fczel insane Beki Ikala Erikli\u2019ye sevgilerimi yollamak istiyorum. Sevgili Beki\u2019nin \u015fu an \u0131\u015f\u0131k i\u00e7inde oldu\u011funu, meleklerle birlikte bize g\u00fcl\u00fcmsedi\u011fini hissedebiliyorum<wbr \/>.<\/span><\/span><\/p>\n<p><span style=\"font-family: 'Times New Roman', serif;\"><span style=\"font-size: large;\">Bu hafta yeni y\u0131l \u00fczerine bir fark\u0131ndal\u0131k \u00e7al\u0131\u015fmas\u0131n\u0131 beraber yapmay\u0131 arzu ediyorum. Y\u0131l\u0131n bu son g\u00fcnlerinde hepimizin 2016\u2019y\u0131 g\u00f6zden ge\u00e7irip yeni y\u0131l i\u00e7in kendimize hedefler koydu\u011fumuzu tahmin etmek hi\u00e7 de zor de\u011fil. Yeni y\u0131lda bir\u00e7ok g\u00fczel dile\u011finizin ger\u00e7ekle\u015fmesini b\u00fct\u00fcn kalbinizle istedi\u011finize eminim. Yeni y\u0131l dileklerimizden \u00f6nce gelin isterseniz ge\u00e7mi\u015f y\u0131llara birlikte bakal\u0131m.<\/span><\/span><\/p>\n<p><strong><span style=\"font-family: 'Times New Roman', serif;\"><span style=\"font-size: large;\">\u00d6NCE GE\u00c7M\u0130\u015e YILLARA BAKARAK BA\u015eLIYORUZ<\/span><\/span><\/strong><\/p>\n<p><span style=\"font-family: 'Times New Roman', serif;\"><span style=\"font-size: large;\">Bug\u00fcne kadar ge\u00e7mi\u015f y\u0131llardan beklentilerinizi<wbr \/>n, dileklerinizin ne kadar\u0131 ger\u00e7ekle\u015fti? Tamam\u0131? Yar\u0131s\u0131? Biraz\u0131? Ya da hi\u00e7 biri? E\u011fer bu soruya olumsuz bir cevap verenlerdenseniz \u015fimdi sizlerle payla\u015faca\u011f\u0131m \u00e7al\u0131\u015fmay\u0131 mutlaka yapman\u0131z\u0131 tavsiye ederim.<\/span><\/span><\/p>\n<p><strong><span style=\"font-family: 'Times New Roman', serif;\"><span style=\"font-size: large;\">GELECE\u011e\u0130M\u0130Z\u0130 SE\u00c7\u0130MLER\u0130M\u0130ZLE B\u0130Z YARATIYORUZ<\/span><\/span><\/strong><\/p>\n<p><span style=\"font-family: 'Times New Roman', serif;\"><span style=\"font-size: large;\">\u00d6ncelikle, ge\u00e7ti\u011fimiz haftalarda bahsetti\u011fim bilin\u00e7 alt\u0131m\u0131z\u0131n yaratma g\u00fcc\u00fcnden biraz daha detayl\u0131 bahsetmek istiyorum. Bir\u00e7ok farkl\u0131 yeni \u00e7a\u011f sprit\u00fcel \u00f6\u011fretisinden duydu\u011funuz, \u00f6\u011frendi\u011finiz gibi ben de gelece\u011fimizi se\u00e7imlerimizin yaratt\u0131\u011f\u0131n\u0131 vurgulamak istiyorum. Bunu y\u0131llar \u00f6nce ben de ilk duydu\u011fumda \u201cHadi can\u0131m, ben mi se\u00e7tim ba\u015f\u0131ma gelen onca zor \u015feyi\u201d diyerek g\u00fcl\u00fcp ge\u00e7mi\u015ftim. Y\u0131llar i\u00e7inde sprit\u00fcel konularda yapt\u0131\u011f\u0131m uzmanl\u0131k, bunu bir meslek olarak s\u00fcrd\u00fcr\u00fcrken \u0130ngiltere ba\u015fta olmak \u00fczere Avrupa\u2019n\u0131n bir\u00e7ok \u00fclkesinden farkl\u0131 insanlarla yapt\u0131\u011f\u0131m \u00e7al\u0131\u015fmalar sonras\u0131nda edindi\u011fim g\u00f6zlem ve tecr\u00fcbelerle rahatl\u0131kla s\u00f6yleyebilirim ki gelece\u011fimizi se\u00e7imlerimizle biz belirliyoruz. Ama sadece se\u00e7imler dersem biraz eksik kal\u0131r. Se\u00e7imlerimizle birlikte gelece\u011fimizi bilin\u00e7li yan\u0131m\u0131z, kararlar\u0131m\u0131z ve bilin\u00e7 alt\u0131m\u0131z belirliyor. Yarat\u0131m\u0131n b\u00fcy\u00fck bir b\u00f6l\u00fcm\u00fcn\u00fc bilin\u00e7 alt\u0131m\u0131z\u0131n yapt\u0131\u011f\u0131n\u0131 s\u00f6ylemeliyim.<\/span><\/span><\/p>\n<p><strong><span style=\"font-family: 'Times New Roman', serif;\"><span style=\"font-size: large;\">B\u0130L\u0130N\u00c7 ALTININ GELECE\u011e\u0130M\u0130ZDEK\u0130 ROL\u00dc<\/span><\/span><\/strong><\/p>\n<p><span style=\"font-family: 'Times New Roman', serif;\"><span style=\"font-size: large;\">Bu ya\u015fam\u0131n\u0131zdan, geneti\u011finizden, ge\u00e7mi\u015f ya\u015famlar\u0131n\u0131zdan ve kollektif bilin\u00e7ten gelen bir \u00e7ok olumlu ve olumsuz kal\u0131p bilin\u00e7 alt\u0131n\u0131zda saklan\u0131yor. Bilin\u00e7 alt\u0131m\u0131z bu kal\u0131plar\u0131 kullanarak bizim se\u00e7imlerimize b\u00fcy\u00fck \u00f6l\u00e7\u00fcde y\u00f6n veriyor. \u00c7o\u011fu zaman biz fark\u0131nda bile olmadan se\u00e7imlerimizi yapm\u0131\u015f oluyoruz. Bilin\u00e7 alt\u0131nda olan ve d\u00f6rt farkl\u0131 kaynaktan gelen bu kal\u0131plar\u0131 \u00f6n\u00fcm\u00fczdeki haftalarda daha detayl\u0131 anlataca\u011f\u0131m. Ayr\u0131ca yine \u00f6n\u00fcm\u00fczdeki haftalarda para, kariyer, sa\u011fl\u0131k, ili\u015fkiler ve psi\u015fik yetenekler gibi farkl\u0131 alanlarda bilin\u00e7 alt\u0131 \u00e7al\u0131\u015fmalar\u0131 yapaca\u011f\u0131z birlikte. Bilin\u00e7 alt\u0131n\u0131n \u00f6nemini bilerek sizi yeni y\u0131l \u00e7al\u0131\u015fmam\u0131za davet ediyorum.<\/span><\/span><\/p>\n<p><img loading=\"lazy\" decoding=\"async\" class=\"alignnone\" src=\"http:\/\/www.zastavki.com\/pictures\/originals\/2013\/New_Year_wallpapers_New_year_tree_in_the_evening_050656_.jpg\" width=\"1600\" height=\"1200\" \/><\/p>\n<p><strong><span style=\"font-family: 'Times New Roman', serif;\"><span style=\"font-size: large;\">YEN\u0130 YIL \u0130\u00c7\u0130N MED\u0130TASYON<\/span><\/span><\/strong><\/p>\n<p><span style=\"font-family: 'Times New Roman', serif;\"><span style=\"font-size: large;\">Yeni y\u0131l ile ilgili dileklerinizi bir ka\u011f\u0131da yazmadan \u00f6nce g\u00f6zlerinizi kapat\u0131n ve bir s\u00fcre sadece nefesinizi dinleyin.<\/span><\/span><\/p>\n<p><span style=\"font-family: 'Times New Roman', serif;\"><span style=\"font-size: large;\">Sonras\u0131nda d\u00fc\u015f\u00fcncelerinizi g\u00f6\u011fs\u00fcn\u00fcz\u00fcn tam ortas\u0131na odaklay\u0131n ve kendinize y\u00fcksek sesle sorun: \u201cBen bu y\u0131l ger\u00e7ekten neler istiyorum?\u201d<\/span><\/span><\/p>\n<p><span style=\"font-family: 'Times New Roman', serif;\"><span style=\"font-size: large;\">\u0130\u00e7inizde g\u00fc\u00e7l\u00fc bir \u015fekilde hissetti\u011finiz her \u015feyi ka\u011f\u0131da not edin.<\/span><\/span><\/p>\n<p><span style=\"font-family: 'Times New Roman', serif;\"><span style=\"font-size: large;\">Sonra not etti\u011finiz \u015feyleri y\u00fcksek sesle tek tek okuyun ve her biri i\u00e7in \u201cBu istek kime ait? Ger\u00e7ekten ben mi istiyorum bunu? \u201c diye sorun.<\/span><\/span><\/p>\n<p><span style=\"font-family: 'Times New Roman', serif;\"><span style=\"font-size: large;\">Sorduktan sonra ilk ba\u015fta b\u00fcy\u00fck \u00e7o\u011funlu\u011funuz her hangi bir \u015fey hissetmeyebilir. L\u00fctfen tekrar deneyin, kendinize tekrar ayn\u0131 soruyu sorun.<\/span><\/span><\/p>\n<p><span style=\"font-family: 'Times New Roman', serif;\"><span style=\"font-size: large;\">E\u011fer bu dilek ger\u00e7ekten size aitse; yani ba\u015fka bir deyi\u015fle bilin\u00e7 alt\u0131n\u0131zda sizi k\u0131s\u0131tlayan kal\u0131plardan kaynaklanm\u0131yorsa kendinizi hafif ve huzurlu hissedersiniz.<\/span><\/span><\/p>\n<p><span style=\"font-family: 'Times New Roman', serif;\"><span style=\"font-size: large;\">E\u011fer bu dilek size ait de\u011filse, hafif bir huzursuzluk duyars\u0131n\u0131z. Sonunda ger\u00e7ekten size ait oldu\u011funa emin oldu\u011funuz dilekleri ka\u011f\u0131da not edin.<\/span><\/span><\/p>\n<p><span style=\"font-family: 'Times New Roman', serif;\"><span style=\"font-size: large;\"><i>(Buraya kadar yeni \u00e7a\u011f \u00f6\u011fretilerinde s\u0131k s\u0131k bahsedilen bilincin yaratma g\u00fcc\u00fcn\u00fc kulland\u0131k. \u015eimdi bu \u00e7al\u0131\u015fmaya biraz da eski kadim \u00f6\u011fretilerden gelen bilgileri ekleyece\u011fiz.)<\/i><\/span><\/span><\/p>\n<p><span style=\"font-family: 'Times New Roman', serif;\"><span style=\"font-size: large;\">Kadim \u00f6\u011fretilere g\u00f6re bilincimiz, y\u00fcksek boyutlara kadar ula\u015f\u0131r ve yarat\u0131ma katk\u0131da bulunur. Fakat bizler \u015fu an i\u00e7in fiziksel bedenimizin s\u0131n\u0131rlar\u0131 i\u00e7inde bu hayat\u0131 devam ettiriyoruz. Fiziksel d\u00fcnyada bir \u015feyin olmas\u0131 i\u00e7in harekete ge\u00e7mek gerekir. Evrende kusursuz bir alma \u2013 verme dengesi vard\u0131r. Ne kadar \u00e7ok payla\u015f\u0131rsak o kadar \u00e7ok \u00f6d\u00fcllendiriliriz<wbr \/>. Bir yandan da biz ne kadar \u00e7ok kendi rahat\u0131m\u0131z\u0131 feda edip iyiye do\u011fru de\u011fi\u015firsek, isteklerimize o kadar daha kolay ula\u015f\u0131r\u0131z.<\/span><\/span><\/p>\n<p><span style=\"font-family: 'Times New Roman', serif;\"><span style=\"font-size: large;\">Mesela b\u00fct\u00fcn bilin\u00e7 alt\u0131 ar\u0131nmalar\u0131m\u0131z\u0131 yapt\u0131\u011f\u0131m\u0131z\u0131 ve yarat\u0131m meditasyonlar\u0131n\u0131 tamamlad\u0131\u011f\u0131m\u0131z\u0131 d\u00fc\u015f\u00fcnelim. Hala otob\u00fcste ayakta durmakta zorlanan bir insan\u0131 g\u00f6rd\u00fc\u011f\u00fcm\u00fczde ona yer vermemek i\u00e7in ba\u015f\u0131m\u0131z\u0131 ba\u015fka y\u00f6ne \u00e7eviriyorsak, o zaman dileklerimizin ger\u00e7ekle\u015fmesi biraz zor. \u00c7\u00fcnk\u00fc as\u0131l de\u011fi\u015fim ve geli\u015fim fiziksel d\u00fcnyada olur. Biz o y\u00fczden bir beden se\u00e7ip bu d\u00fcnyaya geldik. Hem bilin\u00e7 alt\u0131m\u0131z\u0131 temizleyip ruhumuzu ar\u0131nd\u0131r\u0131p geli\u015ftirec\u011fiz, hem de iyi, uygar ve fark\u0131nda olan bir insan olmaya \u00e7al\u0131\u015faca\u011f\u0131z. \u0130kisini birlikte yapabildi\u011fimiz zaman mucizelerin kap\u0131lar\u0131 bize a\u00e7\u0131lacakt\u0131r.<\/span><\/span><\/p>\n<p><span style=\"font-family: 'Times New Roman', serif;\"><span style=\"font-size: large;\">\u015eimdi l\u00fctfen biraz \u00f6nce isteklerinizi not etti\u011finiz ka\u011f\u0131d\u0131 \u00f6n\u00fcn\u00fcze al\u0131n. Her dile\u011fin kar\u015f\u0131s\u0131na onun olmas\u0131 i\u00e7in neyi de\u011fi\u015ftirece\u011finiz<wbr \/>i yaz\u0131n. \u00d6rne\u011fin bolluk istiyorsan\u0131z kar\u015f\u0131s\u0131na zor da olsa \u201cBu y\u0131l payla\u015fmay\u0131 \u00f6\u011frenece\u011fim\u201d yaz\u0131n. Asl\u0131nda bunu evrenle yapt\u0131\u011f\u0131n\u0131z bir \u00e7e\u015fit anla\u015fma diye d\u00fc\u015f\u00fcnebilirsiniz<wbr \/>. \u0130lk \u00f6nce dileklerinizi, isteklerinizi netle\u015ftiriyorsun<wbr \/>uz. Sonra da onlar\u0131n kar\u015f\u0131s\u0131na onlar\u0131n olabilmesi i\u00e7in hayat\u0131n\u0131zda neleri de\u011fi\u015ftirece\u011finiz<wbr \/>i yaz\u0131yorsunuz. Elbette bu yazd\u0131klar\u0131n\u0131z\u0131 de\u011fi\u015ftirece\u011finiz<wbr \/>in s\u00f6z\u00fcn\u00fc de vererek&#8230;<\/span><\/span><\/p>\n<p><span style=\"font-family: 'Times New Roman', serif;\"><span style=\"font-size: large;\">Hepinize ger\u00e7ekten kendiniz olabilece\u011finiz, varl\u0131\u011f\u0131n\u0131z\u0131n de\u011ferini daha \u00e7ok fark edebilece\u011finiz, mucizelerin git gide g\u00fcnl\u00fck hayat\u0131n\u0131z\u0131n ola\u011fan bir par\u00e7as\u0131 olaca\u011f\u0131 g\u00fczel bir y\u0131l diliyorum. Elbette de\u011fi\u015fiminiz ve d\u00f6n\u00fc\u015f\u00fcm\u00fcz\u00fcn i\u00e7in g\u00fc\u00e7l\u00fc bir irade ve sab\u0131r da diliyorum. Mucizelere ula\u015fmak i\u00e7in \u00e7al\u0131\u015fmam\u0131z gerekti\u011fini bir kez daha hat\u0131rlat\u0131yorum.<\/span><\/span><\/p>\n<p><span style=\"font-family: 'Times New Roman', serif;\"><span style=\"font-size: large;\">Londra\u2019dan sevgilerimle<\/span><\/span><\/p>\n<p>Meir \u00d6zveren<\/p>\n<p>meirswayuk@gmail.com<\/p>\n<\/div>\n<\/div>\n<\/div>\n<p class=\"b-footer\">\n","protected":false},"excerpt":{"rendered":"<p>GZone\u2019a \u00f6zel yaz\u0131lar\u0131yla ruhani d\u00fcnyam\u0131zda yeni ufuklar a\u00e7an sezgisel terapist Meir \u00d6zveren, yeni makalesinde\u00a0YEN\u0130 YILI YARATMAYI konu edindi. \u0130\u015fte bu yaz\u0131: Bu haftaki yaz\u0131ma ba\u015flamadan \u00f6nce yak\u0131n zamanda aram\u0131zdan ayr\u0131lan; \u00fclkemizde spirit\u00fcel konularda ba\u015far\u0131l\u0131 \u00e7al\u0131\u015fmalara imza atm\u0131\u015f g\u00fczel insane Beki Ikala Erikli\u2019ye sevgilerimi yollamak istiyorum. Sevgili Beki\u2019nin \u015fu an \u0131\u015f\u0131k i\u00e7inde oldu\u011funu, meleklerle birlikte bize &hellip;<\/p>\n","protected":false},"author":1,"featured_media":37105,"comment_status":"open","ping_status":"closed","sticky":false,"template":"","format":"standard","meta":{"footnotes":""},"categories":[3804,6594],"tags":[1619,6595,1140],"class_list":["post-37104","post","type-post","status-publish","format-standard","has-post-thumbnail","","category-kose-yazilari","category-meir-ozveren","tag-kose-yazilari","tag-meir-ozveren","tag-yeni-yil"],"_links":{"self":[{"href":"http:\/\/www.gzone.com.tr\/index.php\/wp-json\/wp\/v2\/posts\/37104","targetHints":{"allow":["GET"]}}],"collection":[{"href":"http:\/\/www.gzone.com.tr\/index.php\/wp-json\/wp\/v2\/posts"}],"about":[{"href":"http:\/\/www.gzone.com.tr\/index.php\/wp-json\/wp\/v2\/types\/post"}],"author":[{"embeddable":true,"href":"http:\/\/www.gzone.com.tr\/index.php\/wp-json\/wp\/v2\/users\/1"}],"replies":[{"embeddable":true,"href":"http:\/\/www.gzone.com.tr\/index.php\/wp-json\/wp\/v2\/comments?post=37104"}],"version-history":[{"count":4,"href":"http:\/\/www.gzone.com.tr\/index.php\/wp-json\/wp\/v2\/posts\/37104\/revisions"}],"predecessor-version":[{"id":37116,"href":"http:\/\/www.gzone.com.tr\/index.php\/wp-json\/wp\/v2\/posts\/37104\/revisions\/37116"}],"wp:featuredmedia":[{"embeddable":true,"href":"http:\/\/www.gzone.com.tr\/index.php\/wp-json\/wp\/v2\/media\/37105"}],"wp:attachment":[{"href":"http:\/\/www.gzone.com.tr\/index.php\/wp-json\/wp\/v2\/media?parent=37104"}],"wp:term":[{"taxonomy":"category","embeddable":true,"href":"http:\/\/www.gzone.com.tr\/index.php\/wp-json\/wp\/v2\/categories?post=37104"},{"taxonomy":"post_tag","embeddable":true,"href":"http:\/\/www.gzone.com.tr\/index.php\/wp-json\/wp\/v2\/tags?post=37104"}],"curies":[{"name":"wp","href":"https:\/\/api.w.org\/{rel}","templated":true}]}}