{"id":36032,"date":"2016-12-02T19:02:50","date_gmt":"2016-12-02T16:02:50","guid":{"rendered":"http:\/\/gzone.com.tr\/?p=36032"},"modified":"2016-12-02T20:02:10","modified_gmt":"2016-12-02T17:02:10","slug":"sezen-aksunun-resmi-instagram-ve-twitter-hesaplari-acildi","status":"publish","type":"post","link":"http:\/\/www.gzone.com.tr\/index.php\/2016\/12\/02\/sezen-aksunun-resmi-instagram-ve-twitter-hesaplari-acildi\/","title":{"rendered":"SEZEN AKSU&#8217;NUN RESM\u0130 INSTAGRAM VE TWITTER HESAPLARI A\u00c7ILDI"},"content":{"rendered":"<p><strong>T\u00fcrk\u00e7e Pop M\u00fczi\u011fin divas\u0131 Sezen Aksu, Instagram&#8217;daki tek resmi hesab\u0131n\u0131 a\u00e7t\u0131.<\/strong><\/p>\n<p>Sezen Aksu, Instagram&#8217;da ve Twitter&#8217;da resmi olmayan hesaplar ile temsil edilmekte idi. Sezen Aksu&#8217;nun Instagram&#8217;da sadece yak\u0131n dostlar\u0131n\u0131n bildi\u011fi bir Instagram hesab\u0131ndan sosyal medyay\u0131 takip etti\u011fi bilinmekte idi.<\/p>\n<p>Aksu&#8217;nun resmi hesaplar\u0131 Twitter&#8217;da\u00a0@sezenaksu_resmi ve Instagram&#8217;da @sezenaksuresmi olarak duyuruldu.<\/p>\n<p>Sezen Aksu Instagram&#8217;daki ilk resmi postu olarak, s\u00f6z\u00fc kendisine m\u00fczi\u011fi Atilla \u00d6zdemiro\u011flu&#8217;na ait olan &#8220;\u00c7ocuk G\u00f6zleri&#8221; isimli \u015fark\u0131s\u0131n\u0131 payla\u015ft\u0131.<\/p>\n<p>\u0130\u015fte bu payla\u015f\u0131m<\/p>\n<p>https:\/\/www.instagram.com\/p\/BNfAqHBgZjo\/?taken-by=sezenaksuresmi<\/p>\n<p>&nbsp;<\/p>\n<p>&nbsp;<\/p>\n","protected":false},"excerpt":{"rendered":"<p>T\u00fcrk\u00e7e Pop M\u00fczi\u011fin divas\u0131 Sezen Aksu, Instagram&#8217;daki tek resmi hesab\u0131n\u0131 a\u00e7t\u0131. Sezen Aksu, Instagram&#8217;da ve Twitter&#8217;da resmi olmayan hesaplar ile temsil edilmekte idi. Sezen Aksu&#8217;nun Instagram&#8217;da sadece yak\u0131n dostlar\u0131n\u0131n bildi\u011fi bir Instagram hesab\u0131ndan sosyal medyay\u0131 takip etti\u011fi bilinmekte idi. Aksu&#8217;nun resmi hesaplar\u0131 Twitter&#8217;da\u00a0@sezenaksu_resmi ve Instagram&#8217;da @sezenaksuresmi olarak duyuruldu. Sezen Aksu Instagram&#8217;daki ilk resmi postu olarak, &hellip;<\/p>\n","protected":false},"author":1,"featured_media":13545,"comment_status":"closed","ping_status":"open","sticky":false,"template":"","format":"standard","meta":{"footnotes":""},"categories":[39,28],"tags":[275,415,392],"class_list":["post-36032","post","type-post","status-publish","format-standard","has-post-thumbnail","","category-muzik","category-pop","tag-muzik-2","tag-pop-2","tag-sezen-aksu"],"_links":{"self":[{"href":"http:\/\/www.gzone.com.tr\/index.php\/wp-json\/wp\/v2\/posts\/36032","targetHints":{"allow":["GET"]}}],"collection":[{"href":"http:\/\/www.gzone.com.tr\/index.php\/wp-json\/wp\/v2\/posts"}],"about":[{"href":"http:\/\/www.gzone.com.tr\/index.php\/wp-json\/wp\/v2\/types\/post"}],"author":[{"embeddable":true,"href":"http:\/\/www.gzone.com.tr\/index.php\/wp-json\/wp\/v2\/users\/1"}],"replies":[{"embeddable":true,"href":"http:\/\/www.gzone.com.tr\/index.php\/wp-json\/wp\/v2\/comments?post=36032"}],"version-history":[{"count":2,"href":"http:\/\/www.gzone.com.tr\/index.php\/wp-json\/wp\/v2\/posts\/36032\/revisions"}],"predecessor-version":[{"id":36040,"href":"http:\/\/www.gzone.com.tr\/index.php\/wp-json\/wp\/v2\/posts\/36032\/revisions\/36040"}],"wp:featuredmedia":[{"embeddable":true,"href":"http:\/\/www.gzone.com.tr\/index.php\/wp-json\/wp\/v2\/media\/13545"}],"wp:attachment":[{"href":"http:\/\/www.gzone.com.tr\/index.php\/wp-json\/wp\/v2\/media?parent=36032"}],"wp:term":[{"taxonomy":"category","embeddable":true,"href":"http:\/\/www.gzone.com.tr\/index.php\/wp-json\/wp\/v2\/categories?post=36032"},{"taxonomy":"post_tag","embeddable":true,"href":"http:\/\/www.gzone.com.tr\/index.php\/wp-json\/wp\/v2\/tags?post=36032"}],"curies":[{"name":"wp","href":"https:\/\/api.w.org\/{rel}","templated":true}]}}