{"id":35962,"date":"2016-11-30T14:50:00","date_gmt":"2016-11-30T11:50:00","guid":{"rendered":"http:\/\/gzone.com.tr\/?p=35962"},"modified":"2016-11-30T14:50:00","modified_gmt":"2016-11-30T11:50:00","slug":"trans-aktivist-tcddnin-ayrimciligina-maruz-kaldi","status":"publish","type":"post","link":"http:\/\/www.gzone.com.tr\/index.php\/2016\/11\/30\/trans-aktivist-tcddnin-ayrimciligina-maruz-kaldi\/","title":{"rendered":"TRANS AKT\u0130V\u0130ST TCDD&#8217;N\u0130N AYRIMCILI\u011eINA MARUZ KALDI"},"content":{"rendered":"<p><strong>Trans aktivist P\u0131nar Arkan, 28 Kas\u0131m ak\u015fam\u0131 Eski\u015fehir Gar\u0131\u2019nda \u201ckimlik ad\u0131\u201d sebebiyle transfobik uygulamaya maruz kald\u0131.<\/strong><\/p>\n<p>P\u0131nar Arkan ya\u015fad\u0131klar\u0131n\u0131 kaosGL.org\u2019a anlatt\u0131:<\/p>\n<p>\u201c28 Kas\u0131m ak\u015fam\u0131, Eski\u015fehir Demokratik Kad\u0131n Platformu\u2019nun 20 Kas\u0131m kapsam\u0131nda yapt\u0131\u011f\u0131 etkinlikten \u0130stanbul\u2019a d\u00f6nmek \u00fczere Eski\u015fehir Gar\u0131\u2019na gittim. Arkada\u015flar biletimi al\u0131rken kimlik numaram\u0131 kullanarak bilet alm\u0131\u015flard\u0131. Yani kimlik ad\u0131m\u0131n bilette \u00e7\u0131kmas\u0131 gerekiyordu. Arkada\u015flar bileti al\u0131rken yolcu ismine P\u0131nar Arkan yazd\u0131rd\u0131\u011f\u0131 i\u00e7in kimlik numaras\u0131na bakmadan, yolcu giri\u015finde trene binemeyece\u011fimi s\u00f6ylediler.\u201d<\/p>\n<p>\u201cTrenin kalkmas\u0131na 10 dakika kald\u0131\u011f\u0131 i\u00e7in panik yapt\u0131m, ne yapmam gerekti\u011fini sordum. \u00dcst katta idareyle g\u00f6r\u00fc\u015fmem gerekti\u011fini s\u00f6ylediler. O s\u0131rada tela\u015fla kimli\u011fimi a\u015fa\u011f\u0131da g\u00fcvenlik g\u00f6revlilerinde unuttu\u011fumu fark etmemi\u015fim. Yeniden a\u015fa\u011f\u0131 indi\u011fimde g\u00fcvenlik g\u00f6revlileri benimle muhattap olmad\u0131, tren kap\u0131lar\u0131n\u0131 5 dakika olmas\u0131na ra\u011fmen kapatt\u0131lar.\u201d<\/p>\n<h3><img loading=\"lazy\" decoding=\"async\" class=\"alignnone\" src=\"http:\/\/kaosgl.org\/resim\/pinar-arkan-3.jpg\" width=\"640\" height=\"639\" \/><\/h3>\n<h3><strong>\u201cKimli\u011fimi gasp ettiler\u201d<\/strong><\/h3>\n<p>P\u0131nar g\u00fcvenlik g\u00f6revlilerinin, kimli\u011fi alarak trene binmemesi i\u00e7in i\u015flemi yava\u015flatt\u0131\u011f\u0131n\u0131 ifade etti: \u201cKimli\u011fimi gasp ettiklerini, vermelerini s\u00f6yledim. Yeniden konu\u015fmad\u0131lar. \u0130dareye yeniden \u00e7\u0131karak kimli\u011fimin gasp edildi\u011fini s\u00f6yledim. Yar\u0131m a\u011f\u0131zla g\u00fcvenli\u011fi aray\u0131p temizlik g\u00f6revlilerine sormas\u0131n\u0131, d\u00fc\u015f\u00fcr\u00fcp d\u00fc\u015f\u00fcrmedi\u011fimi sordu. \u00c7\u00f6z\u00fcm\u00fc yava\u015flatt\u0131klar\u0131 i\u00e7in trene binemedim. Bilet paras\u0131n\u0131 iade edebileceklerini s\u00f6ylediler ama trene binmemem i\u00e7in ellerinden gelen her \u015feyi yapt\u0131lar.\u201d<\/p>\n<p>G\u00fcvenlik g\u00f6revlilerinin ve gar idaresinin transfobik tutumuna maruz kalan P\u0131nar Arkan, hukuki yollara ba\u015fvuraca\u011f\u0131n\u0131 ve hakk\u0131n\u0131 arayaca\u011f\u0131n\u0131n alt\u0131n\u0131 \u00e7izerek homofobi\/transfobi kar\u015f\u0131tlar\u0131n\u0131 bu tutuma kar\u015f\u0131 dayan\u0131\u015fmaya \u00e7a\u011f\u0131rd\u0131.<\/p>\n<p>Kaynak: Kaos GL<\/p>\n","protected":false},"excerpt":{"rendered":"<p>Trans aktivist P\u0131nar Arkan, 28 Kas\u0131m ak\u015fam\u0131 Eski\u015fehir Gar\u0131\u2019nda \u201ckimlik ad\u0131\u201d sebebiyle transfobik uygulamaya maruz kald\u0131. P\u0131nar Arkan ya\u015fad\u0131klar\u0131n\u0131 kaosGL.org\u2019a anlatt\u0131: \u201c28 Kas\u0131m ak\u015fam\u0131, Eski\u015fehir Demokratik Kad\u0131n Platformu\u2019nun 20 Kas\u0131m kapsam\u0131nda yapt\u0131\u011f\u0131 etkinlikten \u0130stanbul\u2019a d\u00f6nmek \u00fczere Eski\u015fehir Gar\u0131\u2019na gittim. Arkada\u015flar biletimi al\u0131rken kimlik numaram\u0131 kullanarak bilet alm\u0131\u015flard\u0131. Yani kimlik ad\u0131m\u0131n bilette \u00e7\u0131kmas\u0131 gerekiyordu. Arkada\u015flar bileti &hellip;<\/p>\n","protected":false},"author":1,"featured_media":35963,"comment_status":"closed","ping_status":"open","sticky":false,"template":"","format":"standard","meta":{"footnotes":""},"categories":[91,96],"tags":[113,112,599],"class_list":["post-35962","post","type-post","status-publish","format-standard","has-post-thumbnail","","category-haberler","category-turkiye","tag-dunya-2","tag-haberler-2","tag-trans"],"_links":{"self":[{"href":"http:\/\/www.gzone.com.tr\/index.php\/wp-json\/wp\/v2\/posts\/35962","targetHints":{"allow":["GET"]}}],"collection":[{"href":"http:\/\/www.gzone.com.tr\/index.php\/wp-json\/wp\/v2\/posts"}],"about":[{"href":"http:\/\/www.gzone.com.tr\/index.php\/wp-json\/wp\/v2\/types\/post"}],"author":[{"embeddable":true,"href":"http:\/\/www.gzone.com.tr\/index.php\/wp-json\/wp\/v2\/users\/1"}],"replies":[{"embeddable":true,"href":"http:\/\/www.gzone.com.tr\/index.php\/wp-json\/wp\/v2\/comments?post=35962"}],"version-history":[{"count":1,"href":"http:\/\/www.gzone.com.tr\/index.php\/wp-json\/wp\/v2\/posts\/35962\/revisions"}],"predecessor-version":[{"id":35964,"href":"http:\/\/www.gzone.com.tr\/index.php\/wp-json\/wp\/v2\/posts\/35962\/revisions\/35964"}],"wp:featuredmedia":[{"embeddable":true,"href":"http:\/\/www.gzone.com.tr\/index.php\/wp-json\/wp\/v2\/media\/35963"}],"wp:attachment":[{"href":"http:\/\/www.gzone.com.tr\/index.php\/wp-json\/wp\/v2\/media?parent=35962"}],"wp:term":[{"taxonomy":"category","embeddable":true,"href":"http:\/\/www.gzone.com.tr\/index.php\/wp-json\/wp\/v2\/categories?post=35962"},{"taxonomy":"post_tag","embeddable":true,"href":"http:\/\/www.gzone.com.tr\/index.php\/wp-json\/wp\/v2\/tags?post=35962"}],"curies":[{"name":"wp","href":"https:\/\/api.w.org\/{rel}","templated":true}]}}