{"id":35646,"date":"2016-11-21T21:57:44","date_gmt":"2016-11-21T18:57:44","guid":{"rendered":"http:\/\/gzone.com.tr\/?p=35646"},"modified":"2016-11-21T21:57:44","modified_gmt":"2016-11-21T18:57:44","slug":"bulent-ersoy-eger-dogurabilseydim-kiz-cocugum-olsun-isterdim","status":"publish","type":"post","link":"http:\/\/www.gzone.com.tr\/index.php\/2016\/11\/21\/bulent-ersoy-eger-dogurabilseydim-kiz-cocugum-olsun-isterdim\/","title":{"rendered":"B\u00dcLENT ERSOY: E\u011eER DO\u011eURAB\u0130LSEYD\u0130M, KIZ \u00c7OCU\u011eUM OLSUN \u0130STERD\u0130M"},"content":{"rendered":"<p><strong>Sanat\u00e7\u0131 B\u00fclent Ersoy, Edirne&#8217;de me\u015fhur tava ci\u011ferini yemek i\u00e7in gitti\u011fi restoranda \u00e7ocuk hasretini dile getirdi. Yan\u0131na gelen k\u0131z \u00e7ocuklar\u0131n\u0131 seven Ersoy, &#8220;E\u011fer do\u011furabilseydim, k\u0131z \u00e7ocu\u011fum olsun isterdim&#8221;<\/strong> <strong>dedi.<\/strong><\/p>\n<p>S\u00f6zc\u00fc&#8217;de yer alan habere g\u00f6re B\u00fclent Ersoy, \u00f6nceki gece Gloria Park\u2019da konser verdi.<\/p>\n<p>Saat 02.00\u2019ye kadar s\u00fcren program\u0131n\u0131n ard\u0131ndan Edirne\u2019de kalan Ersoy, kentin me\u015fhur tava ci\u011ferini yemek i\u00e7in bir restorana gitti.<\/p>\n<p>Siyah k\u0131yafetleri ve \u015fapkas\u0131yla dikkat \u00e7eken Ersoy\u2019a restoranda bulunan m\u00fc\u015fterilerde yo\u011fun ilgi g\u00f6sterdi. Yan\u0131na gelen k\u0131z \u00e7ocuklar\u0131yla yak\u0131ndan ilgilenen Ersoy, kendisini g\u00f6r\u00fcnt\u00fcleyen gazetecilere d\u00f6nerek, \u201cE\u011fer do\u011furabilseydim, beceremiyorum da, olsayd\u0131, k\u0131z \u00e7ocu\u011fum olsun isterdim\u201d diyerek \u00e7ocuk hasretini dile getirdi.<\/p>\n","protected":false},"excerpt":{"rendered":"<p>Sanat\u00e7\u0131 B\u00fclent Ersoy, Edirne&#8217;de me\u015fhur tava ci\u011ferini yemek i\u00e7in gitti\u011fi restoranda \u00e7ocuk hasretini dile getirdi. Yan\u0131na gelen k\u0131z \u00e7ocuklar\u0131n\u0131 seven Ersoy, &#8220;E\u011fer do\u011furabilseydim, k\u0131z \u00e7ocu\u011fum olsun isterdim&#8221; dedi. S\u00f6zc\u00fc&#8217;de yer alan habere g\u00f6re B\u00fclent Ersoy, \u00f6nceki gece Gloria Park\u2019da konser verdi. Saat 02.00\u2019ye kadar s\u00fcren program\u0131n\u0131n ard\u0131ndan Edirne\u2019de kalan Ersoy, kentin me\u015fhur tava ci\u011ferini yemek &hellip;<\/p>\n","protected":false},"author":1,"featured_media":19930,"comment_status":"closed","ping_status":"open","sticky":false,"template":"","format":"standard","meta":{"footnotes":""},"categories":[39,28],"tags":[507,275,415],"class_list":["post-35646","post","type-post","status-publish","format-standard","has-post-thumbnail","","category-muzik","category-pop","tag-bulent-ersoy","tag-muzik-2","tag-pop-2"],"_links":{"self":[{"href":"http:\/\/www.gzone.com.tr\/index.php\/wp-json\/wp\/v2\/posts\/35646","targetHints":{"allow":["GET"]}}],"collection":[{"href":"http:\/\/www.gzone.com.tr\/index.php\/wp-json\/wp\/v2\/posts"}],"about":[{"href":"http:\/\/www.gzone.com.tr\/index.php\/wp-json\/wp\/v2\/types\/post"}],"author":[{"embeddable":true,"href":"http:\/\/www.gzone.com.tr\/index.php\/wp-json\/wp\/v2\/users\/1"}],"replies":[{"embeddable":true,"href":"http:\/\/www.gzone.com.tr\/index.php\/wp-json\/wp\/v2\/comments?post=35646"}],"version-history":[{"count":1,"href":"http:\/\/www.gzone.com.tr\/index.php\/wp-json\/wp\/v2\/posts\/35646\/revisions"}],"predecessor-version":[{"id":35647,"href":"http:\/\/www.gzone.com.tr\/index.php\/wp-json\/wp\/v2\/posts\/35646\/revisions\/35647"}],"wp:featuredmedia":[{"embeddable":true,"href":"http:\/\/www.gzone.com.tr\/index.php\/wp-json\/wp\/v2\/media\/19930"}],"wp:attachment":[{"href":"http:\/\/www.gzone.com.tr\/index.php\/wp-json\/wp\/v2\/media?parent=35646"}],"wp:term":[{"taxonomy":"category","embeddable":true,"href":"http:\/\/www.gzone.com.tr\/index.php\/wp-json\/wp\/v2\/categories?post=35646"},{"taxonomy":"post_tag","embeddable":true,"href":"http:\/\/www.gzone.com.tr\/index.php\/wp-json\/wp\/v2\/tags?post=35646"}],"curies":[{"name":"wp","href":"https:\/\/api.w.org\/{rel}","templated":true}]}}