{"id":35347,"date":"2016-11-12T13:07:36","date_gmt":"2016-11-12T10:07:36","guid":{"rendered":"http:\/\/gzone.com.tr\/?p=35347"},"modified":"2016-11-12T13:07:36","modified_gmt":"2016-11-12T10:07:36","slug":"tarkan-altin-kelebek-odullerinde-sahne-alacak","status":"publish","type":"post","link":"http:\/\/www.gzone.com.tr\/index.php\/2016\/11\/12\/tarkan-altin-kelebek-odullerinde-sahne-alacak\/","title":{"rendered":"TARKAN ALTIN KELEBEK \u00d6D\u00dcLLER\u0130NDE SAHNE ALACAK"},"content":{"rendered":"<p><strong>Yar\u0131n (13.11.2016) gece d\u00fczenlenecek Pantene Alt\u0131n Kelebek \u00d6d\u00fcl T\u00f6reni&#8217;nin en b\u00fcy\u00fck s\u00fcrprizi, mini konseri ile Tarkan olacak.<\/strong><\/p>\n<p>H\u00fcrriyet yazar\u0131 Cengiz Semercio\u011flu bug\u00fcnk\u00fc yaz\u0131s\u0131nda Tarkan hayranlar\u0131na bu m\u00fcjdeyi \u015f\u00f6yle verdi.<\/p>\n<p><em>Bu y\u0131lki Pantene Alt\u0131n Kelebek\u2019i ilk dakikadan son dakikas\u0131na kadar ka\u00e7\u0131rmay\u0131n derim \u00e7\u00fcnk\u00fc s\u00fcrekli bir s\u00fcrpriz olacak ekranda. <\/em><\/p>\n<p><em>En b\u00fcy\u00fck s\u00fcrpriz de Tarkan elbette&#8230; <\/em><\/p>\n<p><em>Y\u0131llar sonra ilk kez bir \u00f6d\u00fcl t\u00f6renine kat\u0131lacak ve mini bir konser verecek Tarkan&#8230; <\/em><\/p>\n<p><em>Ne s\u00f6yleyece\u011fini, ne yapaca\u011f\u0131n\u0131 s\u00f6ylemeyeyim de Tarkan\u2019\u0131n s\u00fcrprizini bozmu\u015f olmayay\u0131m&#8230;<\/em><\/p>\n<p><em> Tarkan\u2019\u0131n d\u0131\u015f\u0131nda yar\u0131n ak\u015famki t\u00f6rene Demet Akal\u0131n, \u0130rem Derici ve Selami \u015eahin gibi \u00f6nemli sesler de renk katacak&#8230;<\/em><\/p>\n<p><img loading=\"lazy\" decoding=\"async\" class=\"alignnone\" src=\"http:\/\/i.hurimg.com\/i\/hurriyet\/90\/770x0\/56f52da3c03c0e32c4fbcf5a\" width=\"770\" height=\"351\" \/><\/p>\n<p>&nbsp;<\/p>\n","protected":false},"excerpt":{"rendered":"<p>Yar\u0131n (13.11.2016) gece d\u00fczenlenecek Pantene Alt\u0131n Kelebek \u00d6d\u00fcl T\u00f6reni&#8217;nin en b\u00fcy\u00fck s\u00fcrprizi, mini konseri ile Tarkan olacak. H\u00fcrriyet yazar\u0131 Cengiz Semercio\u011flu bug\u00fcnk\u00fc yaz\u0131s\u0131nda Tarkan hayranlar\u0131na bu m\u00fcjdeyi \u015f\u00f6yle verdi. Bu y\u0131lki Pantene Alt\u0131n Kelebek\u2019i ilk dakikadan son dakikas\u0131na kadar ka\u00e7\u0131rmay\u0131n derim \u00e7\u00fcnk\u00fc s\u00fcrekli bir s\u00fcrpriz olacak ekranda. En b\u00fcy\u00fck s\u00fcrpriz de Tarkan elbette&#8230; Y\u0131llar sonra &hellip;<\/p>\n","protected":false},"author":1,"featured_media":32893,"comment_status":"closed","ping_status":"open","sticky":false,"template":"","format":"standard","meta":{"footnotes":""},"categories":[39,28],"tags":[415,509,1057],"class_list":["post-35347","post","type-post","status-publish","format-standard","has-post-thumbnail","","category-muzik","category-pop","tag-pop-2","tag-sinema-tv","tag-tarkan"],"_links":{"self":[{"href":"http:\/\/www.gzone.com.tr\/index.php\/wp-json\/wp\/v2\/posts\/35347","targetHints":{"allow":["GET"]}}],"collection":[{"href":"http:\/\/www.gzone.com.tr\/index.php\/wp-json\/wp\/v2\/posts"}],"about":[{"href":"http:\/\/www.gzone.com.tr\/index.php\/wp-json\/wp\/v2\/types\/post"}],"author":[{"embeddable":true,"href":"http:\/\/www.gzone.com.tr\/index.php\/wp-json\/wp\/v2\/users\/1"}],"replies":[{"embeddable":true,"href":"http:\/\/www.gzone.com.tr\/index.php\/wp-json\/wp\/v2\/comments?post=35347"}],"version-history":[{"count":1,"href":"http:\/\/www.gzone.com.tr\/index.php\/wp-json\/wp\/v2\/posts\/35347\/revisions"}],"predecessor-version":[{"id":35352,"href":"http:\/\/www.gzone.com.tr\/index.php\/wp-json\/wp\/v2\/posts\/35347\/revisions\/35352"}],"wp:featuredmedia":[{"embeddable":true,"href":"http:\/\/www.gzone.com.tr\/index.php\/wp-json\/wp\/v2\/media\/32893"}],"wp:attachment":[{"href":"http:\/\/www.gzone.com.tr\/index.php\/wp-json\/wp\/v2\/media?parent=35347"}],"wp:term":[{"taxonomy":"category","embeddable":true,"href":"http:\/\/www.gzone.com.tr\/index.php\/wp-json\/wp\/v2\/categories?post=35347"},{"taxonomy":"post_tag","embeddable":true,"href":"http:\/\/www.gzone.com.tr\/index.php\/wp-json\/wp\/v2\/tags?post=35347"}],"curies":[{"name":"wp","href":"https:\/\/api.w.org\/{rel}","templated":true}]}}