{"id":35087,"date":"2016-11-05T11:24:43","date_gmt":"2016-11-05T08:24:43","guid":{"rendered":"http:\/\/gzone.com.tr\/?p=35087"},"modified":"2016-11-05T11:24:43","modified_gmt":"2016-11-05T08:24:43","slug":"fasta-16-ve-17-yasindaki-kizlar-escinsel-iliski-sebebiyle-3-yil-hapis-ile-yargilaniyor","status":"publish","type":"post","link":"http:\/\/www.gzone.com.tr\/index.php\/2016\/11\/05\/fasta-16-ve-17-yasindaki-kizlar-escinsel-iliski-sebebiyle-3-yil-hapis-ile-yargilaniyor\/","title":{"rendered":"FAS&#8217;TA 16 VE 17 YA\u015eINDAK\u0130 KIZLAR E\u015eC\u0130NSEL \u0130L\u0130\u015eK\u0130 SEBEB\u0130YLE 3 YIL HAP\u0130S \u0130LE YARGILANIYOR"},"content":{"rendered":"<p><strong>E\u015fcinselli\u011fin yasak oldu\u011fu Fas&#8217;ta biri 16, di\u011feri 17 ya\u015f\u0131ndaki iki k\u0131z \u00f6p\u00fc\u015f\u00fcrken \u00e7ektirdikleri foto\u011fraf sebebiyle 3 y\u0131l hapis ile yarg\u0131lan\u0131yor.<\/strong><\/p>\n<p>Omar Arbib isimli insan haklar\u0131 aktivistinin \u0130ngiliz gazetesi &#8221;The Guardian&#8221; a ula\u015ft\u0131rd\u0131\u011f\u0131 habere g\u00f6re, 16 ya\u015f\u0131ndaki\u00a0Sanaa ve 17 ya\u015f\u0131ndaki Hajar Fas kanunlar\u0131nda yasak olan e\u015fcisnel ili\u015fkiye girmek sebebiyle 3 y\u0131l hapisle yarg\u0131lan\u0131yor. Arbib&#8217;in gazeteye yazd\u0131\u011f\u0131 mektupla ortaya \u00e7\u0131kan olayda, k\u0131zlardan birinin annesinin ikilinin foto\u011fraflar\u0131n\u0131 bulmas\u0131 \u00fczerine di\u011fer k\u0131z\u0131n ailesine g\u00f6ndermesi ve polise ba\u015fvurmas\u0131 ile tutuklanan Sanaa ve Hajar 6 aydan 3 y\u0131la kadar hapis istemiyle yarg\u0131lan\u0131yor.<\/p>\n<p>Arbib ile g\u00f6r\u00fc\u015fen The Guardian, aktivistin global gazetelere durumu bildirerek, k\u0131zlar\u0131 bu yobazl\u0131ktan kurtarmak ad\u0131na yard\u0131m toplamaya \u00e7al\u0131\u015ft\u0131\u011f\u0131n\u0131 duyurdu.<\/p>\n<p>&nbsp;<\/p>\n","protected":false},"excerpt":{"rendered":"<p>E\u015fcinselli\u011fin yasak oldu\u011fu Fas&#8217;ta biri 16, di\u011feri 17 ya\u015f\u0131ndaki iki k\u0131z \u00f6p\u00fc\u015f\u00fcrken \u00e7ektirdikleri foto\u011fraf sebebiyle 3 y\u0131l hapis ile yarg\u0131lan\u0131yor. Omar Arbib isimli insan haklar\u0131 aktivistinin \u0130ngiliz gazetesi &#8221;The Guardian&#8221; a ula\u015ft\u0131rd\u0131\u011f\u0131 habere g\u00f6re, 16 ya\u015f\u0131ndaki\u00a0Sanaa ve 17 ya\u015f\u0131ndaki Hajar Fas kanunlar\u0131nda yasak olan e\u015fcisnel ili\u015fkiye girmek sebebiyle 3 y\u0131l hapisle yarg\u0131lan\u0131yor. Arbib&#8217;in gazeteye yazd\u0131\u011f\u0131 &hellip;<\/p>\n","protected":false},"author":1,"featured_media":35088,"comment_status":"closed","ping_status":"open","sticky":false,"template":"","format":"standard","meta":{"footnotes":""},"categories":[92,91],"tags":[113,3458,2098,112,119],"class_list":["post-35087","post","type-post","status-publish","format-standard","has-post-thumbnail","","category-dunya","category-haberler","tag-dunya-2","tag-ergen","tag-fas","tag-haberler-2","tag-lezbiyen"],"_links":{"self":[{"href":"http:\/\/www.gzone.com.tr\/index.php\/wp-json\/wp\/v2\/posts\/35087","targetHints":{"allow":["GET"]}}],"collection":[{"href":"http:\/\/www.gzone.com.tr\/index.php\/wp-json\/wp\/v2\/posts"}],"about":[{"href":"http:\/\/www.gzone.com.tr\/index.php\/wp-json\/wp\/v2\/types\/post"}],"author":[{"embeddable":true,"href":"http:\/\/www.gzone.com.tr\/index.php\/wp-json\/wp\/v2\/users\/1"}],"replies":[{"embeddable":true,"href":"http:\/\/www.gzone.com.tr\/index.php\/wp-json\/wp\/v2\/comments?post=35087"}],"version-history":[{"count":1,"href":"http:\/\/www.gzone.com.tr\/index.php\/wp-json\/wp\/v2\/posts\/35087\/revisions"}],"predecessor-version":[{"id":35089,"href":"http:\/\/www.gzone.com.tr\/index.php\/wp-json\/wp\/v2\/posts\/35087\/revisions\/35089"}],"wp:featuredmedia":[{"embeddable":true,"href":"http:\/\/www.gzone.com.tr\/index.php\/wp-json\/wp\/v2\/media\/35088"}],"wp:attachment":[{"href":"http:\/\/www.gzone.com.tr\/index.php\/wp-json\/wp\/v2\/media?parent=35087"}],"wp:term":[{"taxonomy":"category","embeddable":true,"href":"http:\/\/www.gzone.com.tr\/index.php\/wp-json\/wp\/v2\/categories?post=35087"},{"taxonomy":"post_tag","embeddable":true,"href":"http:\/\/www.gzone.com.tr\/index.php\/wp-json\/wp\/v2\/tags?post=35087"}],"curies":[{"name":"wp","href":"https:\/\/api.w.org\/{rel}","templated":true}]}}