{"id":35009,"date":"2016-11-02T23:15:57","date_gmt":"2016-11-02T20:15:57","guid":{"rendered":"http:\/\/gzone.com.tr\/?p=35009"},"modified":"2016-11-02T23:15:57","modified_gmt":"2016-11-02T20:15:57","slug":"gonul-ulku-ozcan-hayatini-kaybetti","status":"publish","type":"post","link":"http:\/\/www.gzone.com.tr\/index.php\/2016\/11\/02\/gonul-ulku-ozcan-hayatini-kaybetti\/","title":{"rendered":"G\u00d6N\u00dcL \u00dcLK\u00dc \u00d6ZCAN HAYATINI KAYBETT\u0130"},"content":{"rendered":"<article class=\"current\" data-url=\"http:\/\/www.ntv.com.tr\/sanat\/gonul-ulku-ozcan-hayatini-kaybetti-gonul-ulku-ozcan-kimdir,on0Yzx-Z6EWKIu7Jm1jNVw\">\n<div class=\"content\">\n<p><strong>Avrupa Yakas\u0131 ve Yalan D\u00fcnya isimli TV dizilerinde yer alan \u00fcnl\u00fc tiyatro sanat\u00e7\u0131s\u0131 G\u00f6n\u00fcl \u00dclk\u00fc \u00d6zcan&#8217;\u0131n torunu Tar\u0131k \u00dcnd\u00fcz, \u00d6zcan&#8217;\u0131n Silivri&#8217;deki evinde vefat etti\u011fini s\u00f6yledi.\u00a0<\/strong><\/p>\n<p>Sanat\u00e7\u0131n\u0131n ilerleyen ya\u015f\u0131n\u0131n verdi\u011fi sa\u011fl\u0131k sorunlar\u0131\u00a0oldu\u011funu kaydeden \u00dcnd\u00fcz, &#8220;Bug\u00fcn ne yaz\u0131k ki ak\u015fam saatlerinde vefat haberini alm\u0131\u015f bulunuyoruz. \u00c7ok ac\u0131 tabii. Dedemi daha\u00a0\u00f6nce kaybetmi\u015ftik. Orada bulu\u015ftular herhalde. Nurlar i\u00e7inde uyusun. Tabii \u00e7ok \u00fcz\u00fcnt\u00fcl\u00fcy\u00fcz.&#8221; ifadelerini kulland\u0131.<\/p>\n<p><strong>G\u00d6N\u00dcL \u00dcLK\u00dc \u00d6ZCAN K\u0130MD\u0130R?<\/strong><\/p>\n<p>Tiyatro, sinema ve dizi oyuncusu \u00d6zcan, 28 \u015eubat 1931&#8217;de \u0130stanbul&#8217;da do\u011fdu. K\u00fc\u00e7\u00fck ya\u015fta, ailesinin deste\u011fiyle 1947&#8217;de \u0130stanbul B\u00fcy\u00fck\u015fehir Belediyesi \u015eehir Tiyatrolar\u0131 \u00c7ocuk B\u00f6l\u00fcm\u00fc&#8217;ne girdi. 1962&#8217;de tiyatro, sinema ve dizi oyuncusu Gazanfer \u00d6zcan&#8217;la evlenene kadar \u015eehir Tiyatrolar\u0131&#8217;nda \u00e7al\u0131\u015fan sanat\u00e7\u0131, daha sonra e\u015fiyle birlikte G\u00f6n\u00fcl \u00dclk\u00fc-Gazanfer \u00d6zcan Tiyatrosu&#8217;nu kurdu.<\/p>\n<p>\u00d6zcan, 2002&#8217;deki rahats\u0131zl\u0131\u011f\u0131na kadar kendi tiyatrolar\u0131nda \u00e7al\u0131\u015ft\u0131. 2003&#8217;de yeniden sahnelere d\u00f6nen sanat\u00e7\u0131, az say\u0131da sinema filminde de rol ald\u0131. Kuruntu Ailesi adl\u0131 bir diziyi e\u015fi ve kadrosuyla birlikte 16 y\u0131l oynayan sanat\u00e7\u0131, &#8220;Sabahs\u0131z Geceler&#8221;, &#8220;Sat\u0131lm\u0131\u015f Hayatlar&#8221;, &#8220;H\u00fcrriyet U\u011fruna Mukaddes Yalan&#8221;, &#8220;Vur Patlas\u0131n \u00c7al Oynas\u0131n&#8221; isimli yap\u0131mlar\u0131n yan\u0131 s\u0131ra G\u00fclse Birsel&#8217;in yazd\u0131\u011f\u0131 &#8220;Avrupa Yakas\u0131&#8221; ve &#8220;Yalan D\u00fcnya&#8221; isimli dizilerde rol ald\u0131.<\/p>\n<p>En son 2015&#8217;te &#8220;Yaz&#8217;\u0131n R\u00fcyas\u0131&#8221; adl\u0131 televizyon dizisinde oynayan usta oyuncu,\u00a02014&#8217;de, K\u00fclt\u00fcr ve Turizm Bakanl\u0131\u011f\u0131 K\u00fclt\u00fcr ve Sanat B\u00fcy\u00fck \u00d6d\u00fcl\u00fc&#8217;ne lay\u0131k g\u00f6r\u00fcld\u00fc.<\/p>\n<p><img loading=\"lazy\" decoding=\"async\" class=\"alignnone\" src=\"http:\/\/img.acunn.com\/uploads\/icerikler\/2015\/11\/04\/gonul-ulku-yu-kultur-bakani-yalcin-topcu-ziyaret-etti_(9)_574959169563a007e97f91.jpg\" width=\"1200\" height=\"799\" \/><\/p>\n<div class=\"socialLikes\">\u00a0Kaynak: NTV<\/div>\n<\/div>\n<\/article>\n","protected":false},"excerpt":{"rendered":"<p>Avrupa Yakas\u0131 ve Yalan D\u00fcnya isimli TV dizilerinde yer alan \u00fcnl\u00fc tiyatro sanat\u00e7\u0131s\u0131 G\u00f6n\u00fcl \u00dclk\u00fc \u00d6zcan&#8217;\u0131n torunu Tar\u0131k \u00dcnd\u00fcz, \u00d6zcan&#8217;\u0131n Silivri&#8217;deki evinde vefat etti\u011fini s\u00f6yledi.\u00a0 Sanat\u00e7\u0131n\u0131n ilerleyen ya\u015f\u0131n\u0131n verdi\u011fi sa\u011fl\u0131k sorunlar\u0131\u00a0oldu\u011funu kaydeden \u00dcnd\u00fcz, &#8220;Bug\u00fcn ne yaz\u0131k ki ak\u015fam saatlerinde vefat haberini alm\u0131\u015f bulunuyoruz. \u00c7ok ac\u0131 tabii. Dedemi daha\u00a0\u00f6nce kaybetmi\u015ftik. Orada bulu\u015ftular herhalde. Nurlar i\u00e7inde uyusun. &hellip;<\/p>\n","protected":false},"author":1,"featured_media":35010,"comment_status":"closed","ping_status":"open","sticky":false,"template":"","format":"standard","meta":{"footnotes":""},"categories":[28,61],"tags":[415,509,721],"class_list":["post-35009","post","type-post","status-publish","format-standard","has-post-thumbnail","","category-pop","category-sinematv","tag-pop-2","tag-sinema-tv","tag-tiyatro"],"_links":{"self":[{"href":"http:\/\/www.gzone.com.tr\/index.php\/wp-json\/wp\/v2\/posts\/35009","targetHints":{"allow":["GET"]}}],"collection":[{"href":"http:\/\/www.gzone.com.tr\/index.php\/wp-json\/wp\/v2\/posts"}],"about":[{"href":"http:\/\/www.gzone.com.tr\/index.php\/wp-json\/wp\/v2\/types\/post"}],"author":[{"embeddable":true,"href":"http:\/\/www.gzone.com.tr\/index.php\/wp-json\/wp\/v2\/users\/1"}],"replies":[{"embeddable":true,"href":"http:\/\/www.gzone.com.tr\/index.php\/wp-json\/wp\/v2\/comments?post=35009"}],"version-history":[{"count":1,"href":"http:\/\/www.gzone.com.tr\/index.php\/wp-json\/wp\/v2\/posts\/35009\/revisions"}],"predecessor-version":[{"id":35011,"href":"http:\/\/www.gzone.com.tr\/index.php\/wp-json\/wp\/v2\/posts\/35009\/revisions\/35011"}],"wp:featuredmedia":[{"embeddable":true,"href":"http:\/\/www.gzone.com.tr\/index.php\/wp-json\/wp\/v2\/media\/35010"}],"wp:attachment":[{"href":"http:\/\/www.gzone.com.tr\/index.php\/wp-json\/wp\/v2\/media?parent=35009"}],"wp:term":[{"taxonomy":"category","embeddable":true,"href":"http:\/\/www.gzone.com.tr\/index.php\/wp-json\/wp\/v2\/categories?post=35009"},{"taxonomy":"post_tag","embeddable":true,"href":"http:\/\/www.gzone.com.tr\/index.php\/wp-json\/wp\/v2\/tags?post=35009"}],"curies":[{"name":"wp","href":"https:\/\/api.w.org\/{rel}","templated":true}]}}