{"id":34889,"date":"2016-10-29T22:37:27","date_gmt":"2016-10-29T19:37:27","guid":{"rendered":"http:\/\/gzone.com.tr\/?p=34889"},"modified":"2016-10-29T22:37:27","modified_gmt":"2016-10-29T19:37:27","slug":"cengiz-semercioglu-kerimcan-durmaz-ve-sosyal-medya-fenomenlerini-elestirdi","status":"publish","type":"post","link":"http:\/\/www.gzone.com.tr\/index.php\/2016\/10\/29\/cengiz-semercioglu-kerimcan-durmaz-ve-sosyal-medya-fenomenlerini-elestirdi\/","title":{"rendered":"CENG\u0130Z SEMERC\u0130O\u011eLU, KER\u0130MCAN DURMAZ VE SOSYAL MEDYA FENOMENLER\u0130N\u0130 ELE\u015eT\u0130RD\u0130"},"content":{"rendered":"<p><strong>H\u00fcrriyet yazar\u0131 Cengiz Semercio\u011flu, 29 Ekim 2016 Cumartesi g\u00fcnk\u00fc k\u00f6\u015fe yaz\u0131s\u0131nda Kerimcan Durmaz ve bir\u00e7ok sosyal medya fenomenini &#8221;<span class=\"s1\">Sadece ve sadece cinsel <span style=\"color: #ff0000;\">tercihlerini<\/span><strong><span class=\"s1\">\u00a0<span style=\"color: #ff0000;\">(<em>Bu arada o tercih de\u011fil, y\u00f6nelimdir..)<\/em><\/span><\/span><\/strong>\u00a0karikat\u00fcrize ederek, \u2018ablal\u0131klar\u0131na\u2019 vurgu yaparak pop\u00fcler olan isimler bunlar.&#8221; c\u00fcmleleriyle ele\u015ftirdi. \u0130\u015fte virg\u00fcl\u00fcne bile dokunmadan yay\u0131nlamay\u0131 tercih etti\u011fimiz o yaz\u0131&#8230;<\/span><\/strong><\/p>\n<p class=\"p1\"><span class=\"s1\">Sosyal medya fenomenleri nereye ko\u015fuyor?<\/span><\/p>\n<p class=\"p2\"><span class=\"s1\">Kerimcan Durmaz&#8217;la \u00e7ok fazla \u00f6ne \u00e7\u0131kan bir, &#8220;sosyal medya fenomenleri&#8221; ger\u00e7e\u011fi var \u00f6n\u00fcm\u00fczde.<\/span><\/p>\n<p class=\"p2\"><span class=\"s1\">Yine ayn\u0131 kontenjandan bilinen Caner \u00c7al\u0131\u015f\u0131r hafta i\u00e7inde organ yetmezli\u011fi gerek\u00e7esiyle yo\u011fun bak\u0131ma kald\u0131r\u0131ld\u0131&#8230;<\/span><\/p>\n<p class=\"p2\"><span class=\"s1\">Ama sa\u011fl\u0131k sorunlar\u0131yla de\u011fil daha \u00e7ok \u00fcnl\u00fclerle \u00e7ektirdikleri foto\u011fraflar, \u015fark\u0131c\u0131larla payla\u015ft\u0131klar\u0131 videolar, partiler, pahal\u0131 k\u0131yafetler ve \u00e7antalar\u0131yla g\u00fcndemde bu sosyal medya fenomenleri&#8230;<\/span><\/p>\n<p class=\"p2\"><span class=\"s1\">Ne meziyetleri var bu \u00e7ocuklar\u0131n?<\/span><\/p>\n<p class=\"p2\"><span class=\"s1\">Hi\u00e7bir \u015fey&#8230;<\/span><\/p>\n<p class=\"p2\"><span class=\"s1\">Sadece ve sadece cinsel tercihlerini karikat\u00fcrize ederek, \u2018ablal\u0131klar\u0131na\u2019 vurgu yaparak pop\u00fcler olan isimler bunlar.<\/span><\/p>\n<p class=\"p2\"><span class=\"s1\">Sadece Kerimcan Durmaz da de\u011fil, sosyal medyada Kerimcan Durmaz gibi y\u00fczlerce gen\u00e7 erkek var&#8230;<\/span><\/p>\n<p class=\"p2\"><span class=\"s1\">\u00c7o\u011fu yapt\u0131klar\u0131yla, tav\u0131rlar\u0131yla ac\u0131nacak durumda.<\/span><\/p>\n<p class=\"p2\"><span class=\"s1\">Kerimcan Durmaz gibi olup y\u0131rtman\u0131n yolunu, daha fazla feminen olmaktan, daha fazla bel alt\u0131 espri yapmaktan ge\u00e7ti\u011fini d\u00fc\u015f\u00fcnen, cinsel tercihlerini ayaklar alt\u0131na alacak kadar ucuzlatan tipler bunlar.<\/span><\/p>\n<p class=\"p2\"><span class=\"s1\">Ve say\u0131lar\u0131 her ge\u00e7en g\u00fcn \u00e7o\u011fal\u0131yor&#8230;<\/span><\/p>\n<p class=\"p2\"><span class=\"s1\">\u00c7o\u011fald\u0131k\u00e7a da seviye daha a\u015fa\u011f\u0131lara d\u00fc\u015f\u00fcyor.<\/span><\/p>\n<p class=\"p2\"><span class=\"s1\">Peki \u00fcnl\u00fclerin, futbolcu e\u015flerinin \u2018sosyal medya fenomenlerinin\u2019 bu kadar pe\u015finden ko\u015fmas\u0131na ne demeli?..<\/span><\/p>\n<p class=\"p2\"><span class=\"s1\">Fatih \u00dcrek mi \u00fcnl\u00fc, Kerimcan Durmaz m\u0131 belli de\u011fil&#8230;<\/span><\/p>\n<p class=\"p2\"><span class=\"s1\">Demet Akal\u0131n m\u0131 pop\u00fcler, Kerimcan Durmaz m\u0131 kar\u0131\u015ft\u0131 art\u0131k&#8230;<\/span><\/p>\n<p class=\"p2\"><span class=\"s1\">\u00c7\u00fcnk\u00fc Kerimcan haber oluyor, gazeteler, magazin programlar\u0131 onu haber yap\u0131yor&#8230;<\/span><\/p>\n<p class=\"p2\"><span class=\"s1\">Futbolcu e\u015fleri de onunla kanka oluyor, \u00fcnl\u00fcler de onunla gezip tozuyor.<\/span><\/p>\n<p class=\"p2\"><span class=\"s1\">\u201cAblan star bebe\u011fim\u201d bir cinsel kimli\u011fin \u00fczerinde y\u00fckselip, medyay\u0131, \u00fcnl\u00fcleri, k\u00f6\u015fe yazarlar\u0131n\u0131 bile etkisi alt\u0131na al\u0131yor.<\/span><\/p>\n<p class=\"p2\"><span class=\"s1\">E\u015fcinsel kimli\u011fin sadece \u00fcnl\u00fcler masas\u0131nda, zenginler sofras\u0131nda bu t\u00fcr e\u011flence unsuru olarak kodlanmas\u0131na \u015fiddetle itiraz ediyorum&#8230;<\/span><\/p>\n<p class=\"p2\"><span class=\"s1\">E\u015fcinsel bir edebiyat\u00e7\u0131&#8230;<\/span><\/p>\n<p class=\"p2\"><span class=\"s1\">E\u015fcinsel bir sinemac\u0131&#8230;<\/span><\/p>\n<p class=\"p2\"><span class=\"s1\">E\u015fcinsel bir modac\u0131 olmak&#8230;<\/span><\/p>\n<p class=\"p2\"><span class=\"s1\">Bir e\u015fcinsel olarak bir \u015fey \u00fcretip, ortaya bir \u015fey koymak \u2018out\u2019, sosyal medyada \u2018star olmak\u2019 in&#8230;<\/span><\/p>\n<p class=\"p2\"><span class=\"s1\">Bu mudur?<\/span><\/p>\n<p class=\"p2\"><span class=\"s1\">En ba\u015fta cinsel tercihleri b\u00f6yle olanlar\u0131n itiraz etmesi gerekirken, bizim \u00fcnl\u00fcler sosyal medya fenomenlerini alk\u0131\u015fl\u0131yor.<\/span><\/p>\n<p class=\"p2\"><span class=\"s1\">Demet Akal\u0131n\u2019\u0131n alb\u00fcm tan\u0131t\u0131m\u0131 bile Kerimcan\u2019s\u0131z yap\u0131lam\u0131yor.<\/span><\/p>\n<p class=\"p2\"><span class=\"s1\">Medya bu sosyal medya fenomenlerinin pe\u015fine tak\u0131l\u0131yor.<\/span><\/p>\n<p class=\"p2\"><span class=\"s1\">Hayat\u0131m boyunca homofobik biri olmad\u0131m&#8230;<\/span><\/p>\n<p class=\"p2\"><span class=\"s1\">\u0130nsanlar\u0131 cinsel tercihleriyle de\u011fil, yapt\u0131klar\u0131 i\u015flerle de\u011ferlendirdim.<\/span><\/p>\n<p class=\"p3\"><span class=\"s2\">Bu sosyal medya fenomenlerinin yapt\u0131klar\u0131 hi\u00e7bir i\u015f olmad\u0131\u011f\u0131 i\u00e7in de ilk ta\u015f\u0131 ben att\u0131m.<\/span><\/p>\n","protected":false},"excerpt":{"rendered":"<p>H\u00fcrriyet yazar\u0131 Cengiz Semercio\u011flu, 29 Ekim 2016 Cumartesi g\u00fcnk\u00fc k\u00f6\u015fe yaz\u0131s\u0131nda Kerimcan Durmaz ve bir\u00e7ok sosyal medya fenomenini &#8221;Sadece ve sadece cinsel tercihlerini\u00a0(Bu arada o tercih de\u011fil, y\u00f6nelimdir..)\u00a0karikat\u00fcrize ederek, \u2018ablal\u0131klar\u0131na\u2019 vurgu yaparak pop\u00fcler olan isimler bunlar.&#8221; c\u00fcmleleriyle ele\u015ftirdi. \u0130\u015fte virg\u00fcl\u00fcne bile dokunmadan yay\u0131nlamay\u0131 tercih etti\u011fimiz o yaz\u0131&#8230; Sosyal medya fenomenleri nereye ko\u015fuyor? Kerimcan Durmaz&#8217;la \u00e7ok &hellip;<\/p>\n","protected":false},"author":1,"featured_media":34890,"comment_status":"closed","ping_status":"open","sticky":false,"template":"","format":"standard","meta":{"footnotes":""},"categories":[720],"tags":[958,2409,6363,4821,195,132],"class_list":["post-34889","post","type-post","status-publish","format-standard","has-post-thumbnail","","category-escinselyasam","tag-cengiz-semercioglu","tag-escinsel-yasam","tag-hurriyet-gazetesi","tag-kerimcan-durmaz","tag-sinema","tag-tv"],"_links":{"self":[{"href":"http:\/\/www.gzone.com.tr\/index.php\/wp-json\/wp\/v2\/posts\/34889","targetHints":{"allow":["GET"]}}],"collection":[{"href":"http:\/\/www.gzone.com.tr\/index.php\/wp-json\/wp\/v2\/posts"}],"about":[{"href":"http:\/\/www.gzone.com.tr\/index.php\/wp-json\/wp\/v2\/types\/post"}],"author":[{"embeddable":true,"href":"http:\/\/www.gzone.com.tr\/index.php\/wp-json\/wp\/v2\/users\/1"}],"replies":[{"embeddable":true,"href":"http:\/\/www.gzone.com.tr\/index.php\/wp-json\/wp\/v2\/comments?post=34889"}],"version-history":[{"count":1,"href":"http:\/\/www.gzone.com.tr\/index.php\/wp-json\/wp\/v2\/posts\/34889\/revisions"}],"predecessor-version":[{"id":34891,"href":"http:\/\/www.gzone.com.tr\/index.php\/wp-json\/wp\/v2\/posts\/34889\/revisions\/34891"}],"wp:featuredmedia":[{"embeddable":true,"href":"http:\/\/www.gzone.com.tr\/index.php\/wp-json\/wp\/v2\/media\/34890"}],"wp:attachment":[{"href":"http:\/\/www.gzone.com.tr\/index.php\/wp-json\/wp\/v2\/media?parent=34889"}],"wp:term":[{"taxonomy":"category","embeddable":true,"href":"http:\/\/www.gzone.com.tr\/index.php\/wp-json\/wp\/v2\/categories?post=34889"},{"taxonomy":"post_tag","embeddable":true,"href":"http:\/\/www.gzone.com.tr\/index.php\/wp-json\/wp\/v2\/tags?post=34889"}],"curies":[{"name":"wp","href":"https:\/\/api.w.org\/{rel}","templated":true}]}}