{"id":34733,"date":"2016-10-25T17:28:50","date_gmt":"2016-10-25T14:28:50","guid":{"rendered":"http:\/\/gzone.com.tr\/?p=34733"},"modified":"2016-10-25T23:04:02","modified_gmt":"2016-10-25T20:04:02","slug":"yeditepe-universitesinde-homofobik-tacize-karsi-renkli-protesto","status":"publish","type":"post","link":"http:\/\/www.gzone.com.tr\/index.php\/2016\/10\/25\/yeditepe-universitesinde-homofobik-tacize-karsi-renkli-protesto\/","title":{"rendered":"YED\u0130TEPE \u00dcN\u0130VERS\u0130TES\u0130&#8217;NDE HOMOFOB\u0130K TAC\u0130ZE KAR\u015eI &#8220;RENKL\u0130&#8221; PROTESTO"},"content":{"rendered":"<p><strong>Yeditepe \u00dcniversitesi LGBT\u0130+ grubu 7Tepe 7Renk yapt\u0131\u011f\u0131 a\u00e7\u0131klama ile 20 Ekim 2016&#8217;da ya\u015fanan bir homofobik tacizi g\u00f6z \u00f6n\u00fcne serdi.\u00a0<\/strong><\/p>\n<p>Ger\u00e7ekle\u015fen\u00a0bu tacizi ya\u015fayan ki\u015fi profilinde olay\u0131 \u015fu sat\u0131rlarla anlatt\u0131:<\/p>\n<p>&#8220;Bugun bana homofobik davran\u0131\u015flarda bulunan homofobik bir o\u011frenciyle s\u0131nav \u00f6ncesi tart\u0131\u015ft\u0131m. Bana soru sordu, ben de homofobik oldu\u011funu, benimle muhattap olmamas\u0131n\u0131 soyledim fakat kabul etmedi\u011fi gibi hala dalga gecmeye devam etti \u00fcstelik bana sana diyece\u011fimi bilirim de susuyorum diyerek &#8220;ibne&#8221; demekle tehtit etti. Ne dersin &#8220;ibne&#8221; mi dersin dedim. Konu\u015fma tarz\u0131mla dalga gecti. Varolusumdan utanmiyorum! Salak enayi ezik biri degilim bu gune kadar sustuysam homofobiklere kendi terbiyemdendir bu. Yerin yedi kat dibine girmesinler diye!! Ama art\u0131k yeter homofobik olanin vay haline&#8221;<\/p>\n<p>7Tepe 7Renk grubu, ya\u015fanan bu olay\u0131 protesto etmek ama\u00e7l\u0131 27 Ekim 2016 Per\u015fembe g\u00fcn\u00fc herkesi Pembe ve Mor renklerde k\u0131yafetler giymeye \u00e7a\u011f\u0131rd\u0131.<\/p>\n<p>Grubun bildirisi \u015f\u00f6yle:<\/p>\n<p><em>Yeditepe \u00dcniversitesi \u00f6\u011frencileri, akademisyenleri ve idari \u00e7al\u0131\u015fanlar\u0131na;<\/em><\/p>\n<p><em>20.10.2016 tarihinde bir e\u015fcinsel arkada\u015f\u0131m\u0131z\u0131n okulda ya\u015fad\u0131\u011f\u0131 homofobik\/transfobik taciz, nefret s\u00f6ylemi ve nefret su\u00e7u kar\u015f\u0131s\u0131nda dayan\u0131\u015fmak ad\u0131na &#8220;e\u015fcinsel vard\u0131r, e\u015fcinseller susmayacak, LGBT\u0130 varolu\u015f onurdur&#8221; demek i\u00e7in II. D\u00fcnya sava\u015f\u0131nda pembe renkle damgalanan LGBT\u0130+ bireylere ithafen 27.10.2016 bu per\u015fembe g\u00fcn\u00fc p<\/em><span class=\"text_exposed_show\"><em>embe (\u00f6ncelikli tercih) veya mor giyinerek arkada\u015f\u0131m\u0131zla dayan\u0131\u015fma g\u00f6steriyoruz! <\/em><br \/>\n<em>Bir kez daha ilan ediyoruz ki cinsel y\u00f6nelimimiz ve cinsel kimli\u011fimizden utanm\u0131yoruz, gurur duyuyoruz! Bizleri nefretleriyle bo\u011fmaya \u00e7al\u0131\u015fanlar \u015funu iyice anlas\u0131nlar ki bizler ne yanl\u0131\u015f ne de yaln\u0131z\u0131z! E\u015fcinseller susmayacak susmayacaklar!<\/em><\/span><\/p>\n<p>KAMP\u00dcSTE, \u0130\u015eTE, MECL\u0130STE LGBT\u0130+ &#8216;LER HER YERDE!<\/p>\n<p><img loading=\"lazy\" decoding=\"async\" class=\"alignnone\" src=\"https:\/\/s3.postimg.org\/oud25e39f\/7tepe.png\" width=\"602\" height=\"1024\" \/><\/p>\n","protected":false},"excerpt":{"rendered":"<p>Yeditepe \u00dcniversitesi LGBT\u0130+ grubu 7Tepe 7Renk yapt\u0131\u011f\u0131 a\u00e7\u0131klama ile 20 Ekim 2016&#8217;da ya\u015fanan bir homofobik tacizi g\u00f6z \u00f6n\u00fcne serdi.\u00a0 Ger\u00e7ekle\u015fen\u00a0bu tacizi ya\u015fayan ki\u015fi profilinde olay\u0131 \u015fu sat\u0131rlarla anlatt\u0131: &#8220;Bugun bana homofobik davran\u0131\u015flarda bulunan homofobik bir o\u011frenciyle s\u0131nav \u00f6ncesi tart\u0131\u015ft\u0131m. Bana soru sordu, ben de homofobik oldu\u011funu, benimle muhattap olmamas\u0131n\u0131 soyledim fakat kabul etmedi\u011fi gibi hala &hellip;<\/p>\n","protected":false},"author":1,"featured_media":34734,"comment_status":"closed","ping_status":"open","sticky":false,"template":"","format":"standard","meta":{"footnotes":""},"categories":[91,96],"tags":[112,529,6321],"class_list":["post-34733","post","type-post","status-publish","format-standard","has-post-thumbnail","","category-haberler","category-turkiye","tag-haberler-2","tag-turkiye-2","tag-yeditepe"],"_links":{"self":[{"href":"http:\/\/www.gzone.com.tr\/index.php\/wp-json\/wp\/v2\/posts\/34733","targetHints":{"allow":["GET"]}}],"collection":[{"href":"http:\/\/www.gzone.com.tr\/index.php\/wp-json\/wp\/v2\/posts"}],"about":[{"href":"http:\/\/www.gzone.com.tr\/index.php\/wp-json\/wp\/v2\/types\/post"}],"author":[{"embeddable":true,"href":"http:\/\/www.gzone.com.tr\/index.php\/wp-json\/wp\/v2\/users\/1"}],"replies":[{"embeddable":true,"href":"http:\/\/www.gzone.com.tr\/index.php\/wp-json\/wp\/v2\/comments?post=34733"}],"version-history":[{"count":4,"href":"http:\/\/www.gzone.com.tr\/index.php\/wp-json\/wp\/v2\/posts\/34733\/revisions"}],"predecessor-version":[{"id":34738,"href":"http:\/\/www.gzone.com.tr\/index.php\/wp-json\/wp\/v2\/posts\/34733\/revisions\/34738"}],"wp:featuredmedia":[{"embeddable":true,"href":"http:\/\/www.gzone.com.tr\/index.php\/wp-json\/wp\/v2\/media\/34734"}],"wp:attachment":[{"href":"http:\/\/www.gzone.com.tr\/index.php\/wp-json\/wp\/v2\/media?parent=34733"}],"wp:term":[{"taxonomy":"category","embeddable":true,"href":"http:\/\/www.gzone.com.tr\/index.php\/wp-json\/wp\/v2\/categories?post=34733"},{"taxonomy":"post_tag","embeddable":true,"href":"http:\/\/www.gzone.com.tr\/index.php\/wp-json\/wp\/v2\/tags?post=34733"}],"curies":[{"name":"wp","href":"https:\/\/api.w.org\/{rel}","templated":true}]}}