{"id":34663,"date":"2016-10-23T21:49:43","date_gmt":"2016-10-23T18:49:43","guid":{"rendered":"http:\/\/gzone.com.tr\/?p=34663"},"modified":"2016-10-23T21:49:43","modified_gmt":"2016-10-23T18:49:43","slug":"kerimcan-durmaz-cok-esli-bir-muhafazakarim","status":"publish","type":"post","link":"http:\/\/www.gzone.com.tr\/index.php\/2016\/10\/23\/kerimcan-durmaz-cok-esli-bir-muhafazakarim\/","title":{"rendered":"KER\u0130MCAN DURMAZ: &#8216;\u00c7OK E\u015eL\u0130 B\u0130R MUHAFAZAKARIM&#8217;"},"content":{"rendered":"<p><strong>Posta Gazetesi&#8217;nden Canan Dany\u0131ld\u0131z, son g\u00fcnlerin en \u00e7ok konu\u015fulan ismi Kerimcan Durmaz ile konu\u015ftu. \u00d6zel hayat\u0131ndan, cinsel y\u00f6nelimine kadar, bir\u00e7ok \u015feyin konu\u015fuldu\u011fu r\u00f6portaj\u0131, virg\u00fcl\u00fcne dokunmadan ta\u015f\u0131yoruz&#8230;<\/strong><\/p>\n<p>Kerimcan Durmaz, 22 ya\u015f\u0131nda bir sosyal medya fenomeni. Makyaj\u0131, s\u00fcsl\u00fc k\u0131yafetleri, komik foto\u011fraf ve videolar\u0131yla T\u00fcrkiye\u2019yi sall\u0131yor. B\u00fct\u00fcn \u015f\u00f6hretler onunla ayn\u0131 kareye girmek i\u00e7in yar\u0131\u015f\u0131yor. Davetlere kat\u0131lmas\u0131 i\u00e7in para teklifleri al\u0131yor. Cesur, \u00f6zg\u00fcr ruhlu ve muhafazakar. \u2018Erke\u011fim, cinsiyetimi asla de\u011fi\u015ftirmem\u2019 diyor ve ekliyor \u2018Muhafazakar\u0131m, Kuran okuyup namaz k\u0131l\u0131yorum, ger\u00e7ek hayat\u0131m\u0131 yans\u0131tsam yer yerinden oynar\u2019.<\/p>\n<p class=\"ng-binding\"><strong>Hakikaten vaktiniz yok! Kerimcan Durmaz efsanesi!<br \/>\n<\/strong>Haftan\u0131n 6 g\u00fcn\u00fc \u00e7al\u0131\u015f\u0131yorum; ondan&#8230;<\/p>\n<p><strong>Neden bu kadar seviliyorsunuz?<\/strong><br \/>\n\u00c7ok samimiyim, kendim olmay\u0131 seviyorum. Yapmac\u0131kl\u0131k olmad\u0131\u011f\u0131 i\u00e7in ilgi g\u00f6r\u00fcp seviliyorum.<\/p>\n<p><strong>\u2018\u015e\u00f6hretli olmay\u0131\u2019 hep istemi\u015fsiniz. Niye?<\/strong><br \/>\nK\u00fc\u00e7\u00fckken takip etti\u011fim \u00fcnl\u00fcler vard\u0131. Beyonce, Justin Bieber gibi isimler. Hep diyordum ki; \u2018Neden ben de\u011filim?, \u2018Neden ben de \u00fcnl\u00fc olmayay\u0131m ki?\u2019 Nas\u0131l olursa olsun, \u015fark\u0131c\u0131, oyuncu ya da ba\u015fka bir \u015fey; bir patlama olmas\u0131n\u0131 \u00e7ok istiyordum. Allah da kalbime g\u00f6re verdi.<\/p>\n<p class=\"ng-binding\"><strong>Sosyal medyadan \u00f6nce ba\u015fka insanlar\u0131 araya koyup \u00fcnl\u00fc olmay\u0131 denedeniz mi?<br \/>\n<\/strong>Hay\u0131r! Ne sahne ald\u0131m, ne bir yerde biriyle g\u00f6r\u00fcnmeye \u00e7al\u0131\u015ft\u0131m. Bunlar\u0131n hi\u00e7biriyle bir yere gelmeyi d\u00fc\u015f\u00fcnmedim. Sadece \u2018bilinmeyi, tan\u0131nmay\u0131\u2019 hayal ediyordum. \u2018Ben buyum, burday\u0131m; i\u00e7inizdeyim, buyrun\u2019 demek istedim.<\/p>\n<p class=\"ng-binding\"><strong>\u015eimdi oldu! Herkes size bay\u0131l\u0131yor!<\/strong><br \/>\nSokakta insanlar beni tan\u0131yor, \u2018sizinle foto\u011fraf \u00e7ektirebilir miyiz?\u2019 dediklerinde o kadar mutlu oluyorum ki!<\/p>\n<p class=\"ng-binding\"><strong>Nerede b\u00fcy\u00fcd\u00fcn\u00fcz?<br \/>\n<\/strong>\u0130stanbul Yenik\u00f6y\u2019de do\u011fdum b\u00fcy\u00fcd\u00fcm, 2 ablam var. Babam\u0131n bir bal\u0131k restoran\u0131 var; annem de ev han\u0131m\u0131.<\/p>\n<p class=\"ng-binding\"><strong>Lise hayat\u0131n\u0131z\u0131 merak ettim; yine b\u00f6yle renkli bir karakter miydiniz? <\/strong><br \/>\nOkulda da farkl\u0131 bir karakter oldu\u011fum i\u00e7in birtak\u0131m sorunlar ya\u015fad\u0131m. \u2018Agatha\u2019 diye bir toka markas\u0131 vard\u0131 mesela, k\u00f6pek \u015feklinde. K\u0131zlar sa\u00e7\u0131na takard\u0131, ben \u00e7antama takmak zorunda kal\u0131rd\u0131m. Okul g\u00fczel ge\u00e7ti, e\u011flenceliydi ama bitince \u00fcniversite de\u011fil de \u00e7al\u0131\u015fma hayat\u0131na girmek istedim.<\/p>\n<p class=\"ng-binding\"><strong>Asl\u0131nda bir fenomene g\u00f6re \u2018s\u0131radan bir hayat\u2019&#8230;<br \/>\n<\/strong>Evet, normal bir hayat\u0131m\u0131z vard\u0131, ben ne \u00e7ok y\u00fcksek standartlarda ya\u015f\u0131yordum, ne de diplerde bir hayat\u0131m vard\u0131. Ortada bir yerde gidip geliyordum. B\u00fcy\u00fck markalar, l\u00fcks bir ya\u015famdan bahsedemem. Ama inan\u0131lmaz \u00f6zeniyordum; hep hayalimdi. \u2018Neden benim yok?\u2019 diye.<\/p>\n<p class=\"ng-binding\"><strong>Sosyal medya fenomeni olmasayd\u0131n\u0131z, ne olurdunuz? <\/strong><br \/>\nTasar\u0131mc\u0131! Lisedeyken A4 ka\u011f\u0131tlar\u0131na 2010\/11 Kerimcan Durmaz Sonbahar\/K\u0131\u015f koleksiyonu \u00e7izer, haz\u0131rlard\u0131m. Zaten liseden sonra M.A.C\u2019te maky\u00f6z olarak i\u015fe ba\u015flad\u0131m.<\/p>\n<p class=\"ng-binding\"><strong>O zaman da farkl\u0131 bir maky\u00f6zd\u00fcn\u00fcz y\u00fczde bin!<br \/>\n<\/strong>Evet, orda da \u00e7ok farkl\u0131yd\u0131m. O zaman da beni \u00e7ok severlerdi. \u015eimdi seven kitle b\u00fcy\u00fcd\u00fc o kadar.<\/p>\n<p class=\"ng-binding\"><strong>K\u0131yafetleriniz, tercihleriniz, makyaj\u0131n\u0131zla bile \u00e7o\u011fumuzdan farkl\u0131s\u0131n\u0131z&#8230; <\/strong><br \/>\nBuras\u0131 \u00e7ok abart\u0131 kald\u0131rabilecek \u00fclke de\u011fil. Toplumda ben ve benim gibilerin duru\u015fundan rahats\u0131z olacak insanlar var. Ben onlar\u0131n zaferiyim.<\/p>\n<p class=\"ng-binding\"><strong>Muhafazakar bir toplumda, bu kadar ilgi g\u00f6rmeniz \u00fczerine hi\u00e7 d\u00fc\u015f\u00fcnd\u00fcn\u00fcz m\u00fc?<br \/>\n<\/strong>Sevgi cinsiyetsiz bir \u015feydir. Ayr\u0131ca d\u00fcnya de\u011fi\u015fti, 21\u2019inci y\u00fczy\u0131lday\u0131z; evrensel bir insan\u0131m.<\/p>\n<p class=\"ng-binding\"><strong>\u00d6zg\u00fcrl\u00fck s\u0131n\u0131r\u0131n\u0131z nedir?<\/strong><br \/>\nPayla\u015f\u0131mlar\u0131ma dikkat ediyorum. Ger\u00e7ek hayat\u0131m\u0131 yans\u0131tsam bu \u00fclkede yer yerinden oynard\u0131. Bir ahlak politikam var. Yapt\u0131\u011f\u0131m \u015fakalar\u0131n vs. dozunu bilirim.<\/p>\n<p class=\"ng-binding\"><strong>Ailenizin tercihleriniz konusundaki tutumu ne? <\/strong><br \/>\nHepsi arkamdalar! Onun d\u0131\u015f\u0131ndaki insanlar\u0131n ne dedi\u011fini umursam\u0131yorum.<\/p>\n<p class=\"ng-binding\"><strong>Hi\u00e7 baban\u0131zla s\u00fcrt\u00fc\u015ft\u00fc\u011f\u00fcn\u00fcz, ya da dayak yedi\u011finiz oldu mu? <\/strong><br \/>\nHay\u0131r, babam bir kere bile bana elini kald\u0131rmad\u0131, ceza vermedi. Hi\u00e7 bask\u0131 alt\u0131nda b\u00fcy\u00fcmedim. Hi\u00e7bir k\u00f6t\u00fc al\u0131\u015fkanl\u0131\u011f\u0131m yok, \u00f6zg\u00fcr b\u0131rak\u0131ld\u0131m.<\/p>\n<p class=\"ng-binding\"><img loading=\"lazy\" decoding=\"async\" class=\"alignnone\" src=\"https:\/\/s16.postimg.org\/47g2p5lt1\/8096344.jpg\" width=\"1194\" height=\"911\" \/><\/p>\n<h3 class=\"ng-binding\"><strong>\u201cA\u015f\u0131k olursam aldatmam\u201d<\/strong><\/h3>\n<p class=\"ng-binding\"><strong>A\u015fk hayat\u0131n\u0131z\u0131 merak ediyorum&#8230; Kalabal\u0131k m\u0131 \u015fu an? <\/strong><br \/>\n\u00c7ok insan yok! G\u00fcld\u00fcrme beni! A\u015fk yok!<\/p>\n<p class=\"ng-binding\"><strong>\u00c7ok insan pe\u015finizdedir diye d\u00fc\u015f\u00fcn\u00fcyorum! <\/strong><br \/>\nEvet! Ama ben \u00e7ok k\u0131skan\u00e7, zor biriyim. Akrep burcuyum, y\u00fckselenim de yay! \u2018Buna a\u015f\u0131k olurum!\u2019 diyece\u011fim biri hen\u00fcz \u00e7\u0131kmad\u0131. Tutkulu biriyim.<\/p>\n<p class=\"ng-binding\"><strong>Hi\u00e7 ger\u00e7ekten a\u015f\u0131k oldunuz mu peki? <\/strong><br \/>\nOldum! Salya s\u00fcm\u00fck olmad\u0131m ama a\u015f\u0131k oldum! Bir ili\u015fkiye d\u00f6n\u00fc\u015ft\u00fc ama a\u015fk de\u011fildi. Elde etme gibi bir \u015feydi.<\/p>\n<p class=\"ng-binding\"><strong>Kerimcan Durmaz kime, nas\u0131l birine a\u015f\u0131k olur?<br \/>\n<\/strong>Konu\u015fmas\u0131yla, hareketleriyle, ya\u015fam bi\u00e7imiyle benden bir t\u0131k fazla olmal\u0131. Maddi-manevi benden yukarda olmal\u0131. B\u00f6yle birine a\u015f\u0131k olurum. Aptal insana tahamm\u00fcl\u00fcm yok. A\u015f\u0131k olaca\u011f\u0131m adam benden zeki olmal\u0131.<\/p>\n<p class=\"ng-binding\"><strong>Ya\u015f\u0131 b\u00fcy\u00fck bir sevgiliniz olur mu? <\/strong><br \/>\n22 ya\u015f\u0131nday\u0131m, ili\u015fki ya\u015fayaca\u011f\u0131m insan 26-27 olur ancak! -K\u0131skan\u00e7l\u0131k derecesi? Telefon filan kar\u0131\u015ft\u0131r\u0131r m\u0131s\u0131n\u0131z? G\u00fcvenirsem yapmam, ama g\u00fcvenmezsem kar\u0131\u015ft\u0131r\u0131r\u0131m. \u00c7ok a\u015f\u0131k oldu\u011fumda da\u011f\u0131l\u0131r\u0131m.<\/p>\n<p class=\"ng-binding\"><strong>\u00c7ok a\u015f\u0131k olaca\u011f\u0131n\u0131z biri \u00e7\u0131ksa ve \u2018Bu i\u015fleri b\u0131rakacaks\u0131n, sosyal medya filan yok art\u0131k!\u2019 dese?<\/strong><br \/>\nMiami\u2019den 10 milyon dolarl\u0131k ev, 2 milyon dolarl\u0131k araba, \u0130stanbul\u2019dan 10 tane ev, hisseler, \u015firketler vs. hediye ederse, o zaman okey! Kendimi garantiye al\u0131rsam tamam! Ama normal bir a\u015fksa, yapmam!<\/p>\n<p class=\"ng-binding\"><strong>\u0130yiymi\u015f! Duygular\u0131n\u0131zla karar vermez misiniz ayol!<br \/>\n<\/strong>\u00c7ok garantici biriyim. Duygu diye bir \u015fey var, bir de kariyer var. Duygularla ya\u015fars\u0131n ama karn\u0131n doymaz.<\/p>\n<p class=\"ng-binding\"><strong>Tek e\u015fli misiniz peki?<\/strong> (G\u00fcl\u00fcyoruz) Yok, \u00e7ok e\u015fliyim. Ama a\u015f\u0131k olursam, bir ili\u015fkiye girersem tek e\u015fli olurum.<\/p>\n<p class=\"ng-binding\"><strong>Aldat\u0131r m\u0131s\u0131n\u0131z?<\/strong><br \/>\nA\u015f\u0131k olursam asla aldatmam ama a\u015f\u0131k de\u011filsem, aldat\u0131r\u0131m. Farkl\u0131l\u0131k seviyorum, tek insandan s\u0131k\u0131l\u0131yorum. A\u015f\u0131k oldu\u011fum adam beni aldat\u0131rsa onu mahvederim, s\u00fcr\u00fcnd\u00fcr\u00fcr\u00fcm! Off! Onu da aldatt\u0131\u011f\u0131 insan\u0131 da \u00f6ld\u00fcr\u00fcr\u00fcm.<\/p>\n<p class=\"ng-binding\"><strong>T\u00fcrklerden idol\u00fcn\u00fcz var m\u0131? Ajda Pekkan, Tarkan gibi?<\/strong><br \/>\nK\u00fc\u00e7\u00fckl\u00fc\u011f\u00fcmden beri Rihanna, Kim Kardashian gibi isimler benim idol\u00fcm. Onlarla b\u00fcy\u00fcd\u00fcm. Kimse al\u0131nmas\u0131n.<\/p>\n<p class=\"ng-binding\"><img loading=\"lazy\" decoding=\"async\" class=\"alignnone\" src=\"https:\/\/s16.postimg.org\/w8u42ur39\/8096345.jpg\" width=\"924\" height=\"576\" \/><\/p>\n<h3 class=\"ng-binding\"><strong>\u201cCinsiyetimi asla de\u011fi\u015ftirmem\u201d<\/strong><\/h3>\n<p class=\"ng-binding\"><strong>Kendinizi tan\u0131mlay\u0131n desem? <\/strong><br \/>\nG\u00fczel, seksi, zeki, yak\u0131\u015f\u0131kl\u0131&#8230;<\/p>\n<p class=\"ng-binding\"><strong>Sadece burnunuzda m\u0131 estetik var? <\/strong><br \/>\nSadece burnumda! Ayr\u0131ca makyajs\u0131z da herkes beni g\u00f6r\u00fcyor. Makyajl\u0131 da makyajs\u0131z da g\u00fczelim.<\/p>\n<p class=\"ng-binding\"><strong>\u00c7ok seviliyorsunuz ya, bu ilgiyi kaybetme korkusu ya\u015f\u0131yor musunuz? <\/strong><br \/>\nBir sevgi yakalam\u0131\u015fken bunu kaybetmek ak\u0131ls\u0131zl\u0131k olur. Bazen bir video ya da foto\u011fraf koyarken \u2018Bu \u00e7ok tepki al\u0131r\u2019 diyorum ve koymuyorum. De\u011ferlerim var kendimi tutuyorum.<\/p>\n<p class=\"ng-binding\"><strong>Muhafazakar birisiniz galiba&#8230; <\/strong><br \/>\nNamaz k\u0131l\u0131yorum, oru\u00e7 tutuyorum, vaktim oldu\u011funda Kuran okuyorum. Duas\u0131z hi\u00e7bir i\u015fim yok. Mufazakarl\u0131\u011f\u0131ma laf ettirmem.<\/p>\n<p class=\"ng-binding\"><strong>Kendinizi, cinsel tercihinizi, ya\u015fam bi\u00e7iminizi, saklamayan birisiniz. \u00c7ok d\u00fcr\u00fcst bir duru\u015f bravo!<br \/>\n<\/strong>Ben saydam bir insan\u0131m. Neysem oyum. Kimseye hi\u00e7bir \u015feyi kan\u0131tlamak zorunda de\u011filim. Ya\u015fad\u0131klar\u0131m var, onlar benim \u00f6zelim ama g\u00f6stermek zorunda de\u011filim.<\/p>\n<p class=\"ng-binding\"><strong>Kad\u0131nlar m\u0131 erkekler mi sizi daha \u00e7ok seviyor? <\/strong><br \/>\nKad\u0131nlar! Takip\u00e7ilerin y\u00fczde 60\u2019\u0131 kad\u0131n ama son zamanlarda erkekler de artt\u0131. Sevenler de sevmeyenler de var; benim gibi birini daha \u00f6nce g\u00f6rmediyse ben ona itici geliyorum. Ama buna da sayg\u0131 duyuyorum.<\/p>\n<p class=\"ng-binding\"><strong>Peki, kad\u0131nlar niye bu kadar \u00e7ok seviyor? <\/strong><br \/>\n\u00c7\u00fcnk\u00fc benim ya\u015fant\u0131m onlar\u0131nkine daha yak\u0131n. Stil, g\u00f6rsellik, estetik&#8230; Hangi erkek Chanel \u00e7antas\u0131n\u0131 koluna tak\u0131p al\u0131\u015fveri\u015fe gider ki? Komik! Ha her kad\u0131n da beni sevmiyor.<\/p>\n<p class=\"ng-binding\"><strong>\u2018Cinsiyetsiz\u2019 laf\u0131 size uyar m\u0131?<br \/>\n<\/strong>Hay\u0131r! Bu laf benim i\u00e7in ge\u00e7erli de\u011fil. D\u0131\u015fardan g\u00f6r\u00fcnen bir \u015fey var, erke\u011fim. Cinsiyetimi asla de\u011fi\u015ftirmem.<\/p>\n<p class=\"ng-binding\"><strong>Baz\u0131 foto\u011fraflarda bir\u00e7ok kad\u0131ndan \u2018daha g\u00fczel, daha \u00e7ekici\u2019 \u00e7\u0131k\u0131yorsunuz&#8230; <\/strong><br \/>\nBunu ben dersem olmaz; ama bu alg\u0131y\u0131 yaratt\u0131lar. \u2018Hepinizden\u2019 daha g\u00fczel de\u011filim. \u00c7irkin kad\u0131n yoktur ki!<\/p>\n<p class=\"ng-binding\"><strong>Ohaa, ablan star bebe\u011fim\u2019 gibi laflar nas\u0131l \u00e7\u0131k\u0131yor? <\/strong><br \/>\nDo\u011fa\u00e7lama! Bu laflar\u0131n ve ad\u0131m\u0131n-soyad\u0131m\u0131n patentini ald\u0131m.<\/p>\n<p class=\"ng-binding\"><img loading=\"lazy\" decoding=\"async\" class=\"alignnone\" src=\"https:\/\/s16.postimg.org\/rocj1nwrp\/8096346.jpg\" width=\"1224\" height=\"800\" \/><\/p>\n<h3 class=\"ng-binding\"><strong>\u201cParaya farkl\u0131 ya\u015fayabilmek i\u00e7in ihtiyac\u0131m var\u201d<\/strong><\/h3>\n<p class=\"ng-binding\"><strong>\u00a0\u2018Kerimcan Durmaz\u2019 markas\u0131 olacak m\u0131? Parf\u00fcm, k\u0131yafet vs? <\/strong><br \/>\nTeklifler geliyor, d\u00fc\u015f\u00fcn\u00fcyorum.<\/p>\n<p class=\"ng-binding\"><strong>\u015eimdi geriye d\u00f6n\u00fcp \u2018\u00fcnl\u00fc olsam\u2019 dedi\u011finiz g\u00fcnleri d\u00fc\u015f\u00fcn\u00fcyor musunuz? <\/strong><br \/>\nKulisteyim, \u00f6n\u00fcmde 2 bin 500 ki\u015fi var. \u00c7\u0131\u011fl\u0131klar, fla\u015flar, alk\u0131\u015flar! Diyorum ki demek ki ne g\u00fczel \u00e7al\u0131\u015fm\u0131\u015f\u0131m, kendimi sevdirmi\u015fim. \u015e\u00fckrediyorum.<\/p>\n<p class=\"ng-binding\"><strong>Var m\u0131 komik bir an sahneye ilk \u00e7\u0131kt\u0131\u011f\u0131n\u0131zda? <\/strong><br \/>\nKabindeyim, ilk DJ\u2019lik yapt\u0131\u011f\u0131m ak\u015fam&#8230; Hi\u00e7bir \u015fey yapamad\u0131m, dondum kald\u0131m. Ne \u015fark\u0131 \u00e7alabildim, ne s\u00f6yleyebildim. \u00d6n\u00fcmde 500 ki\u015fi var, heyecandan, kafam gitti. \u2018Merhaba\u2019 bile diyemedim. \u0130lk 40 dakika, mikrofonu bile tutamad\u0131m. K\u0131sa zamanda al\u0131\u015ft\u0131m sonra.<\/p>\n<p class=\"ng-binding\"><strong>Olmazsa olmazlar\u0131n\u0131z?<br \/>\n<\/strong>F\u00f6n makinam, sa\u00e7 spreyim-f\u0131r\u00e7am, di\u015f f\u0131r\u00e7am, parf\u00fcm\u00fcm, makyaj malzemelerim olmazsa olmaz! Telefonumu ba\u011flad\u0131\u011f\u0131m bir hoparl\u00f6r\u00fcm var, o da olmazsa olmaz!<\/p>\n<p class=\"ng-binding\"><strong>Neye en \u00e7ok para harcars\u0131n\u0131z? <\/strong><br \/>\n\u00c7antaya zaaf\u0131m var!<\/p>\n<p class=\"ng-binding\"><strong>B\u00fct\u00fcn tak\u0131lar\u0131n\u0131z ger\u00e7ek mi? Fatih \u00dcrek\u2019inkiler ger\u00e7ek! <\/strong><br \/>\nE b\u0131rak\u0131n da olsun! Y\u0131llar\u0131n Fatih\u2019i o! Benim de onlarca m\u00fccevherim yok; ama olan birka\u00e7 tanesi de ger\u00e7ek.<\/p>\n<p class=\"ng-binding\"><strong>Farkl\u0131 bir stiliniz var. Sosteyetede kendini \u2018stil sahibi\u2019 sananlar\u0131 nas\u0131l buluyorsunuz? <\/strong><br \/>\nSosteyede birka\u00e7 tane \u00e7ok sevdi\u011fim arkada\u015f\u0131m var. Sosyetede o kadar paran\u0131n i\u00e7inde giyinmeyi bilmeyen \u00e7ok insan var. Ama konu\u015fmak haddim de\u011fil. Onlar\u0131n \u00e7ok ayr\u0131 bir d\u00fcnyas\u0131 var.<\/p>\n<p class=\"ng-binding\"><strong>Para=G\u00fc\u00e7=\u0130yi ya\u015fam, Kerimcan Durmaz felsefesi midir?<br \/>\n<\/strong>\u0130nsanlara d\u0131\u015far\u0131dan sanki ben \u2018Para para\u2019 diyerek ya\u015f\u0131yorum gibi g\u00f6r\u00fcn\u00fcyor olabilir. Ama para benim i\u00e7in sadece, farkl\u0131 halimle ya\u015fayabilece\u011fim bir alan yaratmak i\u00e7in gerekli.<\/p>\n<p class=\"ng-binding\"><strong>Mutsuz oldu\u011funuz anlar olur mu? <\/strong><br \/>\nYok, hi\u00e7 \u00fcz\u00fclmem, \u00e7ok \u015feye tak\u0131lmam. Polyanna gibiyimdir, iyi taraf\u0131ndan bakar\u0131m.<\/p>\n<p class=\"ng-binding\"><span style=\"color: #ff0000;\"><a style=\"color: #ff0000;\" href=\"http:\/\/www.posta.com.tr\/kerimcan-durmaz-cok-esli-bir-muhafazakarim-galerisi-1236744-17\"><strong>R\u00f6portaj\u0131n tamam\u0131n\u0131 buraya t\u0131klayarak okuyabilirsiniz&#8230;<\/strong><\/a><\/span><\/p>\n<h5 class=\"ng-binding\"><\/h5>\n","protected":false},"excerpt":{"rendered":"<p>Posta Gazetesi&#8217;nden Canan Dany\u0131ld\u0131z, son g\u00fcnlerin en \u00e7ok konu\u015fulan ismi Kerimcan Durmaz ile konu\u015ftu. \u00d6zel hayat\u0131ndan, cinsel y\u00f6nelimine kadar, bir\u00e7ok \u015feyin konu\u015fuldu\u011fu r\u00f6portaj\u0131, virg\u00fcl\u00fcne dokunmadan ta\u015f\u0131yoruz&#8230; Kerimcan Durmaz, 22 ya\u015f\u0131nda bir sosyal medya fenomeni. Makyaj\u0131, s\u00fcsl\u00fc k\u0131yafetleri, komik foto\u011fraf ve videolar\u0131yla T\u00fcrkiye\u2019yi sall\u0131yor. B\u00fct\u00fcn \u015f\u00f6hretler onunla ayn\u0131 kareye girmek i\u00e7in yar\u0131\u015f\u0131yor. Davetlere kat\u0131lmas\u0131 i\u00e7in para &hellip;<\/p>\n","protected":false},"author":1,"featured_media":34667,"comment_status":"closed","ping_status":"open","sticky":false,"template":"","format":"standard","meta":{"footnotes":""},"categories":[720],"tags":[356,2409,4821,922,743,729],"class_list":["post-34663","post","type-post","status-publish","format-standard","has-post-thumbnail","","category-escinselyasam","tag-dj","tag-escinsel-yasam","tag-kerimcan-durmaz","tag-televizyon","tag-unlu","tag-yasam-2"],"_links":{"self":[{"href":"http:\/\/www.gzone.com.tr\/index.php\/wp-json\/wp\/v2\/posts\/34663","targetHints":{"allow":["GET"]}}],"collection":[{"href":"http:\/\/www.gzone.com.tr\/index.php\/wp-json\/wp\/v2\/posts"}],"about":[{"href":"http:\/\/www.gzone.com.tr\/index.php\/wp-json\/wp\/v2\/types\/post"}],"author":[{"embeddable":true,"href":"http:\/\/www.gzone.com.tr\/index.php\/wp-json\/wp\/v2\/users\/1"}],"replies":[{"embeddable":true,"href":"http:\/\/www.gzone.com.tr\/index.php\/wp-json\/wp\/v2\/comments?post=34663"}],"version-history":[{"count":1,"href":"http:\/\/www.gzone.com.tr\/index.php\/wp-json\/wp\/v2\/posts\/34663\/revisions"}],"predecessor-version":[{"id":34668,"href":"http:\/\/www.gzone.com.tr\/index.php\/wp-json\/wp\/v2\/posts\/34663\/revisions\/34668"}],"wp:featuredmedia":[{"embeddable":true,"href":"http:\/\/www.gzone.com.tr\/index.php\/wp-json\/wp\/v2\/media\/34667"}],"wp:attachment":[{"href":"http:\/\/www.gzone.com.tr\/index.php\/wp-json\/wp\/v2\/media?parent=34663"}],"wp:term":[{"taxonomy":"category","embeddable":true,"href":"http:\/\/www.gzone.com.tr\/index.php\/wp-json\/wp\/v2\/categories?post=34663"},{"taxonomy":"post_tag","embeddable":true,"href":"http:\/\/www.gzone.com.tr\/index.php\/wp-json\/wp\/v2\/tags?post=34663"}],"curies":[{"name":"wp","href":"https:\/\/api.w.org\/{rel}","templated":true}]}}