{"id":34211,"date":"2016-10-11T11:20:59","date_gmt":"2016-10-11T08:20:59","guid":{"rendered":"http:\/\/gzone.com.tr\/?p=34211"},"modified":"2016-10-11T11:20:59","modified_gmt":"2016-10-11T08:20:59","slug":"buyuk-beden-manken-fotograflariyla-sekilcilige-meydan-okuyor","status":"publish","type":"post","link":"http:\/\/www.gzone.com.tr\/index.php\/2016\/10\/11\/buyuk-beden-manken-fotograflariyla-sekilcilige-meydan-okuyor\/","title":{"rendered":"B\u00dcY\u00dcK BEDEN MANKEN FOTO\u011eRAFLARIYLA \u015eEK\u0130LC\u0130L\u0130\u011eE MEYDAN OKUYOR"},"content":{"rendered":"<p class=\"standart-page-h2\"><strong>B\u00fcy\u00fck beden mankeni Tess Holliday, i\u00e7 \u00e7ama\u015f\u0131rlar\u0131yla poz verdi ve kendisini ele\u015ftirenlere meydan okudu!<\/strong><\/p>\n<p>31 ya\u015f\u0131ndaki b\u00fcy\u00fck beden mankeni Tess Holliday, Instagram hesab\u0131nda payla\u015ft\u0131\u011f\u0131 selfie ile dikkatleri \u00fczerine \u00e7ekti. \u015eimdiye kadar her zaman v\u00fccuduyla bar\u0131\u015f\u0131k olan ve \u00f6zg\u00fcvenini ortaya koyan Holliday, 1.3 milyon takip\u00e7isiyle bir foto\u011fraf payla\u015ft\u0131.<\/p>\n<p>https:\/\/www.instagram.com\/p\/BLR8-8IB3vO\/?taken-by=tessholliday<\/p>\n<p>&nbsp;<\/p>\n<p>Payla\u015f\u0131m\u0131yla kendisini ele\u015ftirenlere cevap veren Tess, \u00f6zg\u00fcvenini y\u0131pratmak isteyen herkesi kar\u015f\u0131s\u0131na ald\u0131.<\/p>\n<p>Instagram&#8217;dan <strong>&#8220;Benim bitti\u011fimi d\u00fc\u015f\u00fcnenler, oradas\u0131n\u0131z biliyorum, benimle u\u011fra\u015fmak istiyorsunuz, ama u\u011fra\u015famazs\u0131n\u0131z&#8221;<\/strong> mesaj\u0131yla payla\u015ft\u0131\u011f\u0131 siyah beyaz selfie payla\u015f\u0131rken,<strong>&#8220;Hi\u00e7bir yere gitmiyorum&#8221;<\/strong> demeyi de ihmal etmedi.<\/p>\n<p><img loading=\"lazy\" decoding=\"async\" class=\"alignnone\" src=\"http:\/\/www.hercampus.com\/sites\/default\/files\/2015\/12\/20\/Tess-Holliday-Bikini-Hashtag.jpg\" width=\"846\" height=\"462\" \/><\/p>\n<p>Bu mesaj\u0131 payla\u015f\u0131rken \u00f6zel bir hedefi olup olmad\u0131\u011f\u0131n\u0131 kimse bilmiyor, bununla birlikte kendisini sevmeyenleri ya da ele\u015ftirmenleri mi hedef al\u0131yor bu da bilinmiyor. Ancak yazd\u0131klar\u0131, hayranlar\u0131 taraf\u0131ndan takdirle kar\u015f\u0131land\u0131.<\/p>\n<p><strong>&#8220;Bu \u00f6zg\u00fcveni nereden buluyorsun? Ben de biraz sahip olmak isterdim. Harikas\u0131n!&#8221;<\/strong>yorumunu yapm\u0131\u015f takip\u00e7ilerinden birisi, bir di\u011feri ise &#8220;<strong>Seni ve i\u00e7inde bulundu\u011fun bu \u00e7abay\u0131 seviyorum. Kendin olmaktan ve kendini korkusuzca toplumun \u00f6n\u00fcnde sergilemekten \u00e7ekinmedi\u011fin i\u00e7in te\u015fekk\u00fcr ederim. Ger\u00e7ek bir ilham kayna\u011f\u0131s\u0131n.&#8221;<\/strong> yazm\u0131\u015f bir di\u011fer hayran\u0131 da yorum olarak.<\/p>\n<p>Elbette bu Tess&#8217;in ilk bu nitelikteki pozu de\u011fil. Ayr\u0131ca kendisinin hesab\u0131, d\u00f6rt ayl\u0131k o\u011flunun bol bol foto\u011fraf\u0131yla da dolu.<\/p>\n<p><img loading=\"lazy\" decoding=\"async\" class=\"alignnone\" src=\"http:\/\/modeltypeface.com\/wp-content\/uploads\/2015\/08\/tess.png\" width=\"609\" height=\"612\" \/><\/p>\n<p>Kaynak: Mynet<\/p>\n","protected":false},"excerpt":{"rendered":"<p>B\u00fcy\u00fck beden mankeni Tess Holliday, i\u00e7 \u00e7ama\u015f\u0131rlar\u0131yla poz verdi ve kendisini ele\u015ftirenlere meydan okudu! 31 ya\u015f\u0131ndaki b\u00fcy\u00fck beden mankeni Tess Holliday, Instagram hesab\u0131nda payla\u015ft\u0131\u011f\u0131 selfie ile dikkatleri \u00fczerine \u00e7ekti. \u015eimdiye kadar her zaman v\u00fccuduyla bar\u0131\u015f\u0131k olan ve \u00f6zg\u00fcvenini ortaya koyan Holliday, 1.3 milyon takip\u00e7isiyle bir foto\u011fraf payla\u015ft\u0131. https:\/\/www.instagram.com\/p\/BLR8-8IB3vO\/?taken-by=tessholliday &nbsp; Payla\u015f\u0131m\u0131yla kendisini ele\u015ftirenlere cevap veren Tess, &hellip;<\/p>\n","protected":false},"author":1,"featured_media":34212,"comment_status":"closed","ping_status":"open","sticky":false,"template":"","format":"standard","meta":{"footnotes":""},"categories":[82],"tags":[2002,6234,729],"class_list":["post-34211","post","type-post","status-publish","format-standard","has-post-thumbnail","","category-bakimguzellik","tag-kadin","tag-sisman","tag-yasam-2"],"_links":{"self":[{"href":"http:\/\/www.gzone.com.tr\/index.php\/wp-json\/wp\/v2\/posts\/34211","targetHints":{"allow":["GET"]}}],"collection":[{"href":"http:\/\/www.gzone.com.tr\/index.php\/wp-json\/wp\/v2\/posts"}],"about":[{"href":"http:\/\/www.gzone.com.tr\/index.php\/wp-json\/wp\/v2\/types\/post"}],"author":[{"embeddable":true,"href":"http:\/\/www.gzone.com.tr\/index.php\/wp-json\/wp\/v2\/users\/1"}],"replies":[{"embeddable":true,"href":"http:\/\/www.gzone.com.tr\/index.php\/wp-json\/wp\/v2\/comments?post=34211"}],"version-history":[{"count":1,"href":"http:\/\/www.gzone.com.tr\/index.php\/wp-json\/wp\/v2\/posts\/34211\/revisions"}],"predecessor-version":[{"id":34213,"href":"http:\/\/www.gzone.com.tr\/index.php\/wp-json\/wp\/v2\/posts\/34211\/revisions\/34213"}],"wp:featuredmedia":[{"embeddable":true,"href":"http:\/\/www.gzone.com.tr\/index.php\/wp-json\/wp\/v2\/media\/34212"}],"wp:attachment":[{"href":"http:\/\/www.gzone.com.tr\/index.php\/wp-json\/wp\/v2\/media?parent=34211"}],"wp:term":[{"taxonomy":"category","embeddable":true,"href":"http:\/\/www.gzone.com.tr\/index.php\/wp-json\/wp\/v2\/categories?post=34211"},{"taxonomy":"post_tag","embeddable":true,"href":"http:\/\/www.gzone.com.tr\/index.php\/wp-json\/wp\/v2\/tags?post=34211"}],"curies":[{"name":"wp","href":"https:\/\/api.w.org\/{rel}","templated":true}]}}