{"id":34175,"date":"2016-10-09T21:36:09","date_gmt":"2016-10-09T18:36:09","guid":{"rendered":"http:\/\/gzone.com.tr\/?p=34175"},"modified":"2016-10-09T21:36:09","modified_gmt":"2016-10-09T18:36:09","slug":"fenerbahceli-futbolcu-berlin-lgbt-onur-haftasina-katildi","status":"publish","type":"post","link":"http:\/\/www.gzone.com.tr\/index.php\/2016\/10\/09\/fenerbahceli-futbolcu-berlin-lgbt-onur-haftasina-katildi\/","title":{"rendered":"FENERBAH\u00c7EL\u0130 FUTBOLCU BERL\u0130N LGBT ONUR HAFTASINA KATILDI"},"content":{"rendered":"<p><strong>Fenerbah\u00e7eli futbolcu Roman Neustaedter, Berlin&#8217;deki Futbol Onur Haftas\u0131&#8217;na kat\u0131ld\u0131.<\/strong><\/p>\n<p>Gazete Duvar&#8217;dan Volkan A\u011f\u0131r&#8217;a konu\u015fan Neustaedter, &#8220;Y\u0131l olmu\u015f 2016, cinsel y\u00f6nelimler a\u015fa\u011f\u0131lama \u00f6\u011fesi olmamal\u0131&#8221; dedi. Roman Neustaedter ayr\u0131ca m\u00fcltecilerle ilgili bir turnuva d\u00fczenleyebilece\u011fini s\u00f6yledi.<\/p>\n<p>Almanya\u2019n\u0131n Berlin kentinde ger\u00e7ekle\u015fen Futbol Onur Haftas\u0131 8 Ekim Cumartesi g\u00fcn\u00fc yap\u0131lan iki e\u015f zamanl\u0131 ve b\u00fcy\u00fck oturumla tamamland\u0131. 7 Ekim Cuma g\u00fcnk\u00fc Rusya\u2019da yap\u0131lacak D\u00fcnya Kupas\u0131 hakk\u0131nda konu\u015ftu\u011fumuz oturumda ad\u0131 ge\u00e7en Fenerbah\u00e7eli Rus futbolcu Roman Neustaedter g\u00fcn\u00fcn s\u00fcrprizini yapan ki\u015fi\u00a0oldu.<\/p>\n<p>&nbsp;<\/p>\n<p><strong>\u2018C\u0130NSEL Y\u00d6NEL\u0130M A\u015eA\u011eILAMA \u00d6\u011eES\u0130 OLMAMALI\u2019<\/strong><\/p>\n<p>At\u00f6lyeye e\u015fi Mona ile kat\u0131lan Roman Neustaedter: <em>\u201c\u00c7\u00fcnk\u00fc ben de kariyerim boyunca ayr\u0131mc\u0131l\u0131\u011fa u\u011frad\u0131m. Bana \u00e7ok kez \u2018yumu\u015fak \/ k\u0131r\u0131k\u2019 (Almanca olarak; Schwuchtel) diye seslendiler ve art\u0131k yetti. Ben de sonras\u0131nda internette, art\u0131k bu konudan \u00e7ok s\u0131k\u0131ld\u0131\u011f\u0131ma dair bir payla\u015f\u0131mda bulundum. Cinsel y\u00f6nelimler a\u015fa\u011f\u0131lama \u00f6\u011fesi olmamal\u0131. Y\u0131l olmu\u015f 2016 ve art\u0131k herkese e\u015fit davran\u0131lmal\u0131. Bu y\u00fczden bu etkinli\u011fi destekliyorum.\u201d<\/em> dedi.<\/p>\n<p>Neustaedter ayr\u0131ca, ge\u00e7en sene Schalke 04 oyuncusuyken kul\u00fcb\u00fcyle m\u00fclteciler i\u00e7in bir\u00e7ok projede yer ald\u0131\u011f\u0131ndan\u00a0ve\u00a0futbol turnuvas\u0131 d\u00fczenlediklerinden bahsetti:\u00a0<em>M\u00fcltecilerin t\u00fcm problemlerini bir an olsun unutup mutlu olmalar\u0131n\u0131 istedi\u011fim i\u00e7in b\u00f6yle \u015feyler yapt\u0131m. Onlarla nas\u0131l \u00e7al\u0131\u015f\u0131labilece\u011fi konusunda bilgim var. Belki gelecekte T\u00fcrkiye\u2019de de, \u00fclkeye al\u0131\u015fma s\u00fcrecimi tamamlad\u0131ktan sonra m\u00fclteciler i\u00e7in futbol turnuvalar\u0131 d\u00fczenleyebilirim.\u201d<\/em><\/p>\n<p><a href=\"https:\/\/s13.postimg.org\/ron8jzoh3\/Roman_1_32eb217c3da8834bae1e31a64802ae39535e9872.jpg\"><img loading=\"lazy\" decoding=\"async\" class=\"alignnone\" src=\"https:\/\/s13.postimg.org\/ron8jzoh3\/Roman_1_32eb217c3da8834bae1e31a64802ae39535e9872.jpg\" width=\"1024\" height=\"682\" \/><\/a>Kaynak: <a href=\"http:\/\/www.gazeteduvar.com.tr\/spor\/2016\/10\/09\/fenerbahceli-roman-onur-haftasinda-atolyelere-katildi\/\">Gazete Duvar<\/a><\/p>\n","protected":false},"excerpt":{"rendered":"<p>Fenerbah\u00e7eli futbolcu Roman Neustaedter, Berlin&#8217;deki Futbol Onur Haftas\u0131&#8217;na kat\u0131ld\u0131. Gazete Duvar&#8217;dan Volkan A\u011f\u0131r&#8217;a konu\u015fan Neustaedter, &#8220;Y\u0131l olmu\u015f 2016, cinsel y\u00f6nelimler a\u015fa\u011f\u0131lama \u00f6\u011fesi olmamal\u0131&#8221; dedi. Roman Neustaedter ayr\u0131ca m\u00fcltecilerle ilgili bir turnuva d\u00fczenleyebilece\u011fini s\u00f6yledi. Almanya\u2019n\u0131n Berlin kentinde ger\u00e7ekle\u015fen Futbol Onur Haftas\u0131 8 Ekim Cumartesi g\u00fcn\u00fc yap\u0131lan iki e\u015f zamanl\u0131 ve b\u00fcy\u00fck oturumla tamamland\u0131. 7 Ekim Cuma &hellip;<\/p>\n","protected":false},"author":1,"featured_media":34176,"comment_status":"closed","ping_status":"open","sticky":false,"template":"","format":"standard","meta":{"footnotes":""},"categories":[81],"tags":[285,165,729],"class_list":["post-34175","post","type-post","status-publish","format-standard","has-post-thumbnail","","category-spor","tag-futbol","tag-spor","tag-yasam-2"],"_links":{"self":[{"href":"http:\/\/www.gzone.com.tr\/index.php\/wp-json\/wp\/v2\/posts\/34175","targetHints":{"allow":["GET"]}}],"collection":[{"href":"http:\/\/www.gzone.com.tr\/index.php\/wp-json\/wp\/v2\/posts"}],"about":[{"href":"http:\/\/www.gzone.com.tr\/index.php\/wp-json\/wp\/v2\/types\/post"}],"author":[{"embeddable":true,"href":"http:\/\/www.gzone.com.tr\/index.php\/wp-json\/wp\/v2\/users\/1"}],"replies":[{"embeddable":true,"href":"http:\/\/www.gzone.com.tr\/index.php\/wp-json\/wp\/v2\/comments?post=34175"}],"version-history":[{"count":1,"href":"http:\/\/www.gzone.com.tr\/index.php\/wp-json\/wp\/v2\/posts\/34175\/revisions"}],"predecessor-version":[{"id":34177,"href":"http:\/\/www.gzone.com.tr\/index.php\/wp-json\/wp\/v2\/posts\/34175\/revisions\/34177"}],"wp:featuredmedia":[{"embeddable":true,"href":"http:\/\/www.gzone.com.tr\/index.php\/wp-json\/wp\/v2\/media\/34176"}],"wp:attachment":[{"href":"http:\/\/www.gzone.com.tr\/index.php\/wp-json\/wp\/v2\/media?parent=34175"}],"wp:term":[{"taxonomy":"category","embeddable":true,"href":"http:\/\/www.gzone.com.tr\/index.php\/wp-json\/wp\/v2\/categories?post=34175"},{"taxonomy":"post_tag","embeddable":true,"href":"http:\/\/www.gzone.com.tr\/index.php\/wp-json\/wp\/v2\/tags?post=34175"}],"curies":[{"name":"wp","href":"https:\/\/api.w.org\/{rel}","templated":true}]}}