{"id":33851,"date":"2016-10-01T15:56:28","date_gmt":"2016-10-01T12:56:28","guid":{"rendered":"http:\/\/gzone.com.tr\/?p=33851"},"modified":"2016-10-01T15:56:28","modified_gmt":"2016-10-01T12:56:28","slug":"muzik-camiasi-digiturke-karsi-birlesiyor-mu","status":"publish","type":"post","link":"http:\/\/www.gzone.com.tr\/index.php\/2016\/10\/01\/muzik-camiasi-digiturke-karsi-birlesiyor-mu\/","title":{"rendered":"M\u00dcZ\u0130K CAM\u0130ASI DIGITURK&#8217;E KAR\u015eI B\u0130RLE\u015e\u0130YOR MU?"},"content":{"rendered":"<div id=\"detailBody\" class=\"detailp\">\n<p><strong>\u00dcnl\u00fc yay\u0131nc\u0131 platformu Digit\u00fcrk&#8217;ten, T\u00fcrk\u00e7e m\u00fczik kanallar\u0131n\u0131n ayr\u0131lmas\u0131 \u00fczerine m\u00fczik camias\u0131ndan tepkiler y\u00fckseldi.<\/strong><\/p>\n<p>Power T\u00fcrk, Kral Pop, Number 1 T\u00fcrk gibi kanallar\u0131n\u0131n fiyat politikas\u0131 nedeniyle Digit\u00fcrk ile anla\u015famamas\u0131n\u0131n ard\u0131ndan kanallar\u0131n platform yay\u0131n\u0131 durdurulmu\u015ftu. \u015eu anda Digit\u00fcrk&#8217;te T\u00fcrk\u00e7e m\u00fczik kanallar\u0131ndan yaln\u0131zca TRT M\u00fczik yer al\u0131yor.<\/p>\n<p>Bu durum, m\u00fczik d\u00fcnyas\u0131n\u0131n \u00fcnl\u00fc isimlerinin dikkatini \u00e7ekti. Demet Akal\u0131n, Twitter hesab\u0131ndan bir video payla\u015farak &#8220;B\u00fct\u00fcn sanat\u00e7\u0131 arkada\u015flar\u0131ma sesleniyorm. Digit\u00fcrk&#8217;\u00fc etiketleyerek, Power T\u00fcrk&#8217;\u00fcn, Kral Pop&#8217;un bir an \u00f6nce Digit\u00fcrk&#8217;e geri d\u00f6nmesi i\u00e7in bir kampanya ba\u015flatal\u0131m diyorum. Bizim i\u00e7in \u00e7ok \u00f6nemli, bunu yapmak zorunday\u0131z.&#8221; ifadelerini kulland\u0131.<\/p>\n<p><a href=\"https:\/\/twitter.com\/DemetAkalin\/status\/779267202050560000\">https:\/\/twitter.com\/DemetAkalin\/status\/779267202050560000<\/a><\/p>\n<p>Akal\u0131n&#8217;a ilk destek Sinan Ak\u00e7\u0131l&#8217;dan geldi. Ak\u00e7\u0131l,\u00a0Demet Akal\u0131n&#8217;\u0131n ba\u015flatt\u0131\u011f\u0131 bu kampanyaya ne kadar ki\u015fiden destek gelirse, ihtimal o kadar y\u00fcksek olur. O\u00a0ba\u015flatt\u0131 kompleksine girmeden devam.&#8221; diyerek bir video payla\u015ft\u0131 ve kampanyaya destek oldu.<\/p>\n<p>Daha sonra Soner Sar\u0131kabaday\u0131 ve \u00d6m\u00fcr Gedik gibi isimler de kampanyaya destek verdiler.<\/p>\n<h3><strong>ARTO&#8217;DAN KA\u015eI G\u00d6R\u00dc\u015e<\/strong><\/h3>\n<p><a href=\"https:\/\/twitter.com\/artodalga\/status\/782199095595335680\">https:\/\/twitter.com\/artodalga\/status\/782199095595335680<\/a><\/p>\n<p>Demet Akal\u0131n&#8217;In ba\u015flatt\u0131\u011f\u0131 kampanyaya kar\u015f\u0131 gelen \u015fark\u0131c\u0131 Arto, m\u00fczik kanallar\u0131yla ilgili bilinen iddialarda bulundu.<\/p>\n<p>&nbsp;<\/p>\n<p>&nbsp;<\/p>\n<\/div>\n","protected":false},"excerpt":{"rendered":"<p>\u00dcnl\u00fc yay\u0131nc\u0131 platformu Digit\u00fcrk&#8217;ten, T\u00fcrk\u00e7e m\u00fczik kanallar\u0131n\u0131n ayr\u0131lmas\u0131 \u00fczerine m\u00fczik camias\u0131ndan tepkiler y\u00fckseldi. Power T\u00fcrk, Kral Pop, Number 1 T\u00fcrk gibi kanallar\u0131n\u0131n fiyat politikas\u0131 nedeniyle Digit\u00fcrk ile anla\u015famamas\u0131n\u0131n ard\u0131ndan kanallar\u0131n platform yay\u0131n\u0131 durdurulmu\u015ftu. \u015eu anda Digit\u00fcrk&#8217;te T\u00fcrk\u00e7e m\u00fczik kanallar\u0131ndan yaln\u0131zca TRT M\u00fczik yer al\u0131yor. Bu durum, m\u00fczik d\u00fcnyas\u0131n\u0131n \u00fcnl\u00fc isimlerinin dikkatini \u00e7ekti. Demet Akal\u0131n, Twitter &hellip;<\/p>\n","protected":false},"author":1,"featured_media":33852,"comment_status":"closed","ping_status":"open","sticky":false,"template":"","format":"standard","meta":{"footnotes":""},"categories":[39,28],"tags":[5891,835,1053,6169,275,6170,6171],"class_list":["post-33851","post","type-post","status-publish","format-standard","has-post-thumbnail","","category-muzik","category-pop","tag-arto","tag-demet-akalin","tag-digiturk","tag-kral-tv","tag-muzik-2","tag-power-turk-tv","tag-power-tv"],"_links":{"self":[{"href":"http:\/\/www.gzone.com.tr\/index.php\/wp-json\/wp\/v2\/posts\/33851","targetHints":{"allow":["GET"]}}],"collection":[{"href":"http:\/\/www.gzone.com.tr\/index.php\/wp-json\/wp\/v2\/posts"}],"about":[{"href":"http:\/\/www.gzone.com.tr\/index.php\/wp-json\/wp\/v2\/types\/post"}],"author":[{"embeddable":true,"href":"http:\/\/www.gzone.com.tr\/index.php\/wp-json\/wp\/v2\/users\/1"}],"replies":[{"embeddable":true,"href":"http:\/\/www.gzone.com.tr\/index.php\/wp-json\/wp\/v2\/comments?post=33851"}],"version-history":[{"count":1,"href":"http:\/\/www.gzone.com.tr\/index.php\/wp-json\/wp\/v2\/posts\/33851\/revisions"}],"predecessor-version":[{"id":33853,"href":"http:\/\/www.gzone.com.tr\/index.php\/wp-json\/wp\/v2\/posts\/33851\/revisions\/33853"}],"wp:featuredmedia":[{"embeddable":true,"href":"http:\/\/www.gzone.com.tr\/index.php\/wp-json\/wp\/v2\/media\/33852"}],"wp:attachment":[{"href":"http:\/\/www.gzone.com.tr\/index.php\/wp-json\/wp\/v2\/media?parent=33851"}],"wp:term":[{"taxonomy":"category","embeddable":true,"href":"http:\/\/www.gzone.com.tr\/index.php\/wp-json\/wp\/v2\/categories?post=33851"},{"taxonomy":"post_tag","embeddable":true,"href":"http:\/\/www.gzone.com.tr\/index.php\/wp-json\/wp\/v2\/tags?post=33851"}],"curies":[{"name":"wp","href":"https:\/\/api.w.org\/{rel}","templated":true}]}}