{"id":33650,"date":"2016-09-27T17:15:10","date_gmt":"2016-09-27T14:15:10","guid":{"rendered":"http:\/\/gzone.com.tr\/?p=33650"},"modified":"2016-09-27T17:16:16","modified_gmt":"2016-09-27T14:16:16","slug":"izle-cagatay-ulusoy-ve-aras-bulut-iyinemli-birbirleriyle-roportaj-yapti","status":"publish","type":"post","link":"http:\/\/www.gzone.com.tr\/index.php\/2016\/09\/27\/izle-cagatay-ulusoy-ve-aras-bulut-iyinemli-birbirleriyle-roportaj-yapti\/","title":{"rendered":"\u0130ZLE: \u00c7A\u011eATAY ULUSOY VE ARAS BULUT \u0130Y\u0130NEML\u0130 B\u0130RB\u0130RLER\u0130YLE R\u00d6PORTAJ YAPTI"},"content":{"rendered":"<p><strong><span id=\"contextual\">\u0130\u00e7erde dizisinin yak\u0131\u015f\u0131kl\u0131 oyuncular\u0131 \u00c7a\u011fatay Ulusoy ve Aras Bulut \u0130ynemli birbirleriyle r\u00f6portaj yapt\u0131.<\/span><\/strong><\/p>\n<p>Show TV&#8217;nin Ay Yap\u0131m imzal\u0131, g\u00fc\u00e7l\u00fc oyuncu kadrosu ve sars\u0131c\u0131 hikayesiyle Pazartesi ak\u015fam\u0131na ekrana gelen dizisi &#8220;\u0130\u00e7erde&#8221;nin ba\u015frol oyuncular\u0131ndan \u00c7a\u011fatay Ulusoy ve Aras Bulut \u0130ynemli Kuzguncuk&#8217;taki setlerinde birbirleriyle r\u00f6portaj yapt\u0131lar.\u00a0\u00c7a\u011fatay Ulusoy, m\u00fccadeleci g\u00f6z\u00fc kara Sarp&#8217;\u0131; Aras Bulut \u0130ynemli ise hayat\u0131n zorluklar\u0131n\u0131 ya\u015fam\u0131\u015f, kaybetmekten korkmayan Mert&#8217;i anlatt\u0131. \u0130kili ayn\u0131 zamanda \u00f6zel hayatlar\u0131ndaki k\u0131yafet se\u00e7imlerinden \u00e7ocukluklar\u0131na kadar birbirlerine en i\u00e7ten cevaplar\u0131 verirken, e\u011flenceli dakikalar da eksik olmad\u0131.<\/p>\n<p>&nbsp;<\/p>\n<p><iframe loading=\"lazy\" id=\"mynetVideoEmbed\" src=\"http:\/\/www.mynet.com\/tv\/embed\/3933963\" width=\"640\" height=\"360\" frameborder=\"0\" marginwidth=\"0\" marginheight=\"0\" scrolling=\"No\"><\/iframe><\/p>\n<p>Kaynak: Mynet<\/p>\n","protected":false},"excerpt":{"rendered":"<p>\u0130\u00e7erde dizisinin yak\u0131\u015f\u0131kl\u0131 oyuncular\u0131 \u00c7a\u011fatay Ulusoy ve Aras Bulut \u0130ynemli birbirleriyle r\u00f6portaj yapt\u0131. Show TV&#8217;nin Ay Yap\u0131m imzal\u0131, g\u00fc\u00e7l\u00fc oyuncu kadrosu ve sars\u0131c\u0131 hikayesiyle Pazartesi ak\u015fam\u0131na ekrana gelen dizisi &#8220;\u0130\u00e7erde&#8221;nin ba\u015frol oyuncular\u0131ndan \u00c7a\u011fatay Ulusoy ve Aras Bulut \u0130ynemli Kuzguncuk&#8217;taki setlerinde birbirleriyle r\u00f6portaj yapt\u0131lar.\u00a0\u00c7a\u011fatay Ulusoy, m\u00fccadeleci g\u00f6z\u00fc kara Sarp&#8217;\u0131; Aras Bulut \u0130ynemli ise hayat\u0131n zorluklar\u0131n\u0131 ya\u015fam\u0131\u015f, &hellip;<\/p>\n","protected":false},"author":1,"featured_media":33651,"comment_status":"closed","ping_status":"open","sticky":false,"template":"","format":"standard","meta":{"footnotes":""},"categories":[28,61],"tags":[1755,6123,520,592,218,6121,6122,922],"class_list":["post-33650","post","type-post","status-publish","format-standard","has-post-thumbnail","","category-pop","category-sinematv","tag-aras-bulut-iyinemli","tag-ay-yapim","tag-cagatay-ulusoy","tag-dizi","tag-erkekler","tag-icerde","tag-show-tv","tag-televizyon"],"_links":{"self":[{"href":"http:\/\/www.gzone.com.tr\/index.php\/wp-json\/wp\/v2\/posts\/33650","targetHints":{"allow":["GET"]}}],"collection":[{"href":"http:\/\/www.gzone.com.tr\/index.php\/wp-json\/wp\/v2\/posts"}],"about":[{"href":"http:\/\/www.gzone.com.tr\/index.php\/wp-json\/wp\/v2\/types\/post"}],"author":[{"embeddable":true,"href":"http:\/\/www.gzone.com.tr\/index.php\/wp-json\/wp\/v2\/users\/1"}],"replies":[{"embeddable":true,"href":"http:\/\/www.gzone.com.tr\/index.php\/wp-json\/wp\/v2\/comments?post=33650"}],"version-history":[{"count":2,"href":"http:\/\/www.gzone.com.tr\/index.php\/wp-json\/wp\/v2\/posts\/33650\/revisions"}],"predecessor-version":[{"id":33653,"href":"http:\/\/www.gzone.com.tr\/index.php\/wp-json\/wp\/v2\/posts\/33650\/revisions\/33653"}],"wp:featuredmedia":[{"embeddable":true,"href":"http:\/\/www.gzone.com.tr\/index.php\/wp-json\/wp\/v2\/media\/33651"}],"wp:attachment":[{"href":"http:\/\/www.gzone.com.tr\/index.php\/wp-json\/wp\/v2\/media?parent=33650"}],"wp:term":[{"taxonomy":"category","embeddable":true,"href":"http:\/\/www.gzone.com.tr\/index.php\/wp-json\/wp\/v2\/categories?post=33650"},{"taxonomy":"post_tag","embeddable":true,"href":"http:\/\/www.gzone.com.tr\/index.php\/wp-json\/wp\/v2\/tags?post=33650"}],"curies":[{"name":"wp","href":"https:\/\/api.w.org\/{rel}","templated":true}]}}