{"id":33598,"date":"2016-09-26T09:24:46","date_gmt":"2016-09-26T06:24:46","guid":{"rendered":"http:\/\/gzone.com.tr\/?p=33598"},"modified":"2016-09-26T09:24:46","modified_gmt":"2016-09-26T06:24:46","slug":"kerimcan-durmaz-meger-fendi-defilesine-davet-edilmemis","status":"publish","type":"post","link":"http:\/\/www.gzone.com.tr\/index.php\/2016\/09\/26\/kerimcan-durmaz-meger-fendi-defilesine-davet-edilmemis\/","title":{"rendered":"KER\u0130MCAN DURMAZ ME\u011eER FEND\u0130 DEF\u0130LES\u0130NE DAVET ED\u0130LMEM\u0130\u015e"},"content":{"rendered":"<p><strong>H\u00fcrriyet yazar\u0131 Onur Ba\u015ft\u00fcrk, sosyal medya fenomeni Kerimcen Durmaz&#8217;\u0131n d\u00fcn H\u00fcrriyet&#8217;te yay\u0131nlanan Sibel Arna r\u00f6portaj\u0131ndaki ilgin\u00e7 bir a\u00e7\u0131klamas\u0131n\u0131n do\u011fru olmad\u0131\u011f\u0131n\u0131 iddia etti.<\/strong><\/p>\n<p>\u0130\u015fte Onur Ba\u015ft\u00fcrk&#8217;\u00fcn bug\u00fcnk\u00fc yaz\u0131s\u0131ndan o b\u00f6l\u00fcm:<\/p>\n<p><em>D\u00fcn H\u00fcrriyet Pazar&#8217;da Sibel Arna Snapchat fenomeni Kerimcan Durmaz&#8217;a soruyordu: &#8220;Ben 20 y\u0131ll\u0131k moda yazar\u0131y\u0131m, bu Fendi defilesine niye T\u00fcrkiye&#8217;den sen gittin?&#8221; <\/em><\/p>\n<p><em>Durmaz\u2019\u0131n yan\u0131t\u0131 ise malum, \u201cabla\u201dl\u0131yd\u0131 yine: \u201cAblan ikon bebe\u011fim.\u201d <\/em><\/p>\n<p><em>Sibel\u2019in bahsetti\u011fi Fendi defilesi haziran ay\u0131nda Milano\u2019daki moda haftas\u0131nda yap\u0131lan defile. O s\u0131rada Prada defilesini izlemek \u00fczere ben de Milano\u2019dayd\u0131m. <\/em><\/p>\n<p><em>Prada defilesinin T\u00fcrk davetlilerini organize eden ekip ayn\u0131 zamanda Fendi\u2019ye de bak\u0131yordu, h\u00e2l\u00e2 da \u00f6yle. <\/em><\/p>\n<p><em>D\u00fcn gibi hat\u0131rl\u0131yorum, Fendi defilesine kat\u0131laca\u011f\u0131n\u0131 Kerimcan Snapchat\u2019inden duyurduktan sonra \u00e7ok ama \u015fa\u015f\u0131rm\u0131\u015flard\u0131. \u00c7\u00fcnk\u00fc ellerindeki listede Kerimcan\u2019\u0131n ad\u0131 yoktu. <\/em><\/p>\n<p><em>Sonu\u00e7ta davetli T\u00fcrkler onlar\u0131n sorumlulu\u011fundayd\u0131, onaylay\u0131p \u0130talya\u2019ya g\u00f6nderiyorlard\u0131. Sibel\u2019in sorusunu r\u00f6portajda okuyunca bu ilgin\u00e7 ayr\u0131nt\u0131 akl\u0131ma geldi. <\/em><\/p>\n<p><em>Yani: Ablan davet edilmemi\u015f bebe\u011fim&#8230;<\/em><\/p>\n<p><img loading=\"lazy\" decoding=\"async\" class=\"alignnone size-full wp-image-30305\" src=\"http:\/\/gzone.com.tr\/wp-content\/uploads\/2016\/07\/onur-basturk.jpg\" alt=\"onur-basturk\" width=\"660\" height=\"330\" srcset=\"http:\/\/www.gzone.com.tr\/wp-content\/uploads\/2016\/07\/onur-basturk.jpg 660w, http:\/\/www.gzone.com.tr\/wp-content\/uploads\/2016\/07\/onur-basturk-300x150.jpg 300w\" sizes=\"auto, (max-width: 660px) 100vw, 660px\" \/><\/p>\n<p><a href=\"http:\/\/sosyal.hurriyet.com.tr\/yazar\/onur-basturk_149\/fendi-gercekten-davet-etti-mi_40231194\"><em><strong><span style=\"color: #ff00ff;\">Onur Ba\u015ft\u00fcrk&#8217;\u00fcn konuyla ilgili yaz\u0131s\u0131 i\u00e7in t\u0131klay\u0131n<\/span><\/strong><\/em><\/a><\/p>\n","protected":false},"excerpt":{"rendered":"<p>H\u00fcrriyet yazar\u0131 Onur Ba\u015ft\u00fcrk, sosyal medya fenomeni Kerimcen Durmaz&#8217;\u0131n d\u00fcn H\u00fcrriyet&#8217;te yay\u0131nlanan Sibel Arna r\u00f6portaj\u0131ndaki ilgin\u00e7 bir a\u00e7\u0131klamas\u0131n\u0131n do\u011fru olmad\u0131\u011f\u0131n\u0131 iddia etti. \u0130\u015fte Onur Ba\u015ft\u00fcrk&#8217;\u00fcn bug\u00fcnk\u00fc yaz\u0131s\u0131ndan o b\u00f6l\u00fcm: D\u00fcn H\u00fcrriyet Pazar&#8217;da Sibel Arna Snapchat fenomeni Kerimcan Durmaz&#8217;a soruyordu: &#8220;Ben 20 y\u0131ll\u0131k moda yazar\u0131y\u0131m, bu Fendi defilesine niye T\u00fcrkiye&#8217;den sen gittin?&#8221; Durmaz\u2019\u0131n yan\u0131t\u0131 ise malum, &hellip;<\/p>\n","protected":false},"author":1,"featured_media":31642,"comment_status":"closed","ping_status":"open","sticky":false,"template":"","format":"standard","meta":{"footnotes":""},"categories":[720],"tags":[2409,4821,704,254],"class_list":["post-33598","post","type-post","status-publish","format-standard","has-post-thumbnail","","category-escinselyasam","tag-escinsel-yasam","tag-kerimcan-durmaz","tag-snapchat","tag-sosyal-medya"],"_links":{"self":[{"href":"http:\/\/www.gzone.com.tr\/index.php\/wp-json\/wp\/v2\/posts\/33598","targetHints":{"allow":["GET"]}}],"collection":[{"href":"http:\/\/www.gzone.com.tr\/index.php\/wp-json\/wp\/v2\/posts"}],"about":[{"href":"http:\/\/www.gzone.com.tr\/index.php\/wp-json\/wp\/v2\/types\/post"}],"author":[{"embeddable":true,"href":"http:\/\/www.gzone.com.tr\/index.php\/wp-json\/wp\/v2\/users\/1"}],"replies":[{"embeddable":true,"href":"http:\/\/www.gzone.com.tr\/index.php\/wp-json\/wp\/v2\/comments?post=33598"}],"version-history":[{"count":1,"href":"http:\/\/www.gzone.com.tr\/index.php\/wp-json\/wp\/v2\/posts\/33598\/revisions"}],"predecessor-version":[{"id":33599,"href":"http:\/\/www.gzone.com.tr\/index.php\/wp-json\/wp\/v2\/posts\/33598\/revisions\/33599"}],"wp:featuredmedia":[{"embeddable":true,"href":"http:\/\/www.gzone.com.tr\/index.php\/wp-json\/wp\/v2\/media\/31642"}],"wp:attachment":[{"href":"http:\/\/www.gzone.com.tr\/index.php\/wp-json\/wp\/v2\/media?parent=33598"}],"wp:term":[{"taxonomy":"category","embeddable":true,"href":"http:\/\/www.gzone.com.tr\/index.php\/wp-json\/wp\/v2\/categories?post=33598"},{"taxonomy":"post_tag","embeddable":true,"href":"http:\/\/www.gzone.com.tr\/index.php\/wp-json\/wp\/v2\/tags?post=33598"}],"curies":[{"name":"wp","href":"https:\/\/api.w.org\/{rel}","templated":true}]}}