{"id":33567,"date":"2016-09-25T22:56:25","date_gmt":"2016-09-25T19:56:25","guid":{"rendered":"http:\/\/gzone.com.tr\/?p=33567"},"modified":"2016-09-25T22:57:41","modified_gmt":"2016-09-25T19:57:41","slug":"taner-ceylan-kan-revan-icinde-kaldik-ama-o-son-yumrugu-hala-yemedik","status":"publish","type":"post","link":"http:\/\/www.gzone.com.tr\/index.php\/2016\/09\/25\/taner-ceylan-kan-revan-icinde-kaldik-ama-o-son-yumrugu-hala-yemedik\/","title":{"rendered":"TANER CEYLAN: KAN REVAN \u0130\u00c7\u0130NDE KALDIK AMA O SON YUMRU\u011eU HALA YEMED\u0130K"},"content":{"rendered":"<p><strong>T\u00fcrkiye\u2019de galerilerden ret \u00fcst\u00fcne ret yedi, ders verdi\u011fi \u00fcniversitelerden at\u0131ld\u0131, \u2018rahats\u0131z edici\u2019 bulunan i\u015fleri bas\u0131lmad\u0131, 35\u2019ine kadar tek tablo bile satamad\u0131. \u2018Duygusal realist\u2019 ressam Taner Ceylan \u2018ayk\u0131r\u0131\u2019 bulunan sanat\u0131ndan, \u00e7izgisinden \u00f6d\u00fcn vermedi. Kar\u015f\u0131l\u0131\u011f\u0131n\u0131 \u2018ya\u015fayan en pahal\u0131 T\u00fcrk ressam\u0131\u2019 unvan\u0131yla ald\u0131. \u015eimdi, kariyerinin en parlak d\u00f6neminde,\u00a0Londra\u2019daki ilk sergisi, \u2018I Love You\u2019nun heyecan\u0131nda.\u00a0Taner Ceylan, Londra&#8217;da H\u00fcrriyet Gazetesi&#8217;nden Ali Tufan Ko\u00e7 ile bulu\u015ftu.<\/strong><\/p>\n<p><a href=\"http:\/\/gzone.com.tr\/taner-ceylan-ozel-roportaj\/\"><span style=\"color: #ff0000;\"><strong>Taner Ceylan ile Gzone Dergi i\u00e7in yapt\u0131\u011f\u0131m\u0131z \u00f6zel s\u00f6yle\u015fi i\u00e7in buraya t\u0131klay\u0131n&#8230;<\/strong><\/span><\/a><\/p>\n<p><strong>Son serginizi izledik\u00e7e Sotheby\u2019s\u2019in \u00e7a\u011fda\u015f T\u00fcrk sanat\u0131 m\u00fczayedesinde 175 bin liraya al\u0131c\u0131 bularak rekor k\u0131ran boks\u00f6r resminiz \u2018Ruhani\u2019yi an\u0131ms\u0131yor insan. Bilin\u00e7li bir ba\u011flant\u0131 var m\u0131 aralar\u0131nda?<\/strong><\/p>\n<ul>\n<li>Bir \u00f6nceki boks\u00f6r resmimde bask\u0131n olan direni\u015fti. Savunmaya haz\u0131r bir adam, \u2018Ayaktay\u0131m, her t\u00fcrl\u00fc yumru\u011fa haz\u0131r\u0131m, vur vurabilirsen\u2019 diyordu. Bu sergideki boks\u00f6rse art\u0131k vazge\u00e7mi\u015f, teslim olmu\u015f.<\/li>\n<\/ul>\n<p><strong>\u00a0\u0130ki tablo aras\u0131nda 8 sene var&#8230;<\/strong><\/p>\n<ul>\n<li>Ve 8 sene i\u00e7inde d\u00fcnya hi\u00e7 olmad\u0131\u011f\u0131 kadar \u015fiddetli, kanl\u0131 bir yere d\u00f6n\u00fc\u015ft\u00fc. Ter\u00f6rden, sava\u015flardan, g\u00f6\u00e7men krizinden dolay\u0131 \u00f6lenlere kar\u015f\u0131 koymuyoruz. Yapacak bir \u015fey de yok. \u00d6ylece seyrediyoruz. Hayat\u0131m\u0131z seyretmekle ge\u00e7iyor. \u015eirin Payz\u0131n ile Ahmet Hakan aras\u0131nda bir yerde s\u0131k\u0131\u015ft\u0131k kald\u0131k. \u00d6tesi yok. Ne d\u00fcnyada ne de \u00fclkemizde olup bitene m\u00fcdahale edebiliyoruz. Yumru\u011fu yiye yiye bu resimdeki adama d\u00f6n\u00fc\u015ft\u00fck i\u015fte. Hareket edecek halimiz kalmad\u0131.<\/li>\n<\/ul>\n<p><img loading=\"lazy\" decoding=\"async\" class=\"alignnone\" src=\"http:\/\/s21.postimg.org\/r7mzyh1zr\/57e67434c03c0e2b808598e4.jpg\" width=\"770\" height=\"813\" \/><\/p>\n<p><strong>\u00a0Hi\u00e7 mi yok \u00fcmit?<\/strong><\/p>\n<ul>\n<li>\u00dcmit her zaman var. Can \u00e7\u0131kmam\u0131\u015f h\u00e2l\u00e2. Tamam, d\u00f6v\u00fc\u015fecek hal kalmad\u0131 ger\u00e7ekten. En fazla bir-iki yumruk kald\u0131racak daha mecalimiz var. Durum bu. Bir s\u00fcr\u00fc arkada\u015f\u0131m \u00fclkeyi terk etti \u00e7oktan.<\/li>\n<\/ul>\n<p><strong>\u00a0Hep aksini, kalmak gerekti\u011fini savundunuz. Fikriniz de\u011fi\u015fti mi zamanla?<\/strong><\/p>\n<ul>\n<li>Gemiyi terk etmem kolay kolay. \u00dclkemi \u00e7ok seviyorum. Ailem, at\u00f6lyem, ge\u00e7mi\u015fim orada. \u0130stedi\u011fin kadar entelekt\u00fcel bir kariyer yap, t\u00fcm sanat camias\u0131 kar\u015f\u0131nda sayg\u0131yla e\u011filsin, g\u00fcn\u00fcn sonunda\u00a0 g\u00f6\u00e7men stat\u00fcs\u00fcndesin burada. Bast\u0131\u011f\u0131n toprak, i\u00e7ti\u011fin su senin de\u011fil, sana ait de\u011fil.<\/li>\n<\/ul>\n<p><strong>\u00a0O k\u00fcsk\u00fcnl\u00fc\u011f\u00fc, y\u0131lm\u0131\u015fl\u0131\u011f\u0131 anlayabiliyor musunuz?<\/strong><\/p>\n<p>-1923\u2019ten bug\u00fcne memlekette ka\u00e7 devrim, darbe oldu. Y\u0131l, 2016. Tam gaz devam ediyor. T\u00fcm olanlara ra\u011fmen Kad\u0131k\u00f6y\u2019\u00fcn, Galata\u2019n\u0131n, Karak\u00f6y\u2019\u00fcn sokaklar\u0131ndan f\u0131\u015fk\u0131ran gen\u00e7 enerjiye, yeni sanat ruhuna bir bak\u0131n. \u00c7i\u00e7ek a\u00e7\u0131yor t\u00fcm galeriler. \u0130zmir ve Ankara da keza \u00f6yle. Hepsi m\u00fcthi\u015f yetenekli \u00e7ocuklar; saf enerjilerine hayran olursunuz. New York\u2019ta, Berlin\u2019de g\u00f6remeyece\u011finiz t\u00fcrden bir saf enerji bu. Onlar\u0131 g\u00f6rd\u00fck\u00e7e, herkes ve her \u015feye ra\u011fmen i\u00e7imi m\u00fcthi\u015f bir \u00fcmit kapl\u0131yor.<\/p>\n<p><img loading=\"lazy\" decoding=\"async\" class=\"alignnone\" src=\"http:\/\/s21.postimg.org\/a3aa9jjh3\/57e673fcc03c0e2b808598df.jpg\" width=\"770\" height=\"605\" \/><\/p>\n<p><strong>K\u0130M B\u0130L\u0130R, BELK\u0130 DE TUHAF B\u0130R HAZ ALIYORUZ BU ACIDAN<\/strong><\/p>\n<p><strong>\u00a0Oysa serginin genel ruhu, tam aksine, i\u00e7inden ge\u00e7ti\u011fimiz karanl\u0131k d\u00f6nemin bir yans\u0131mas\u0131. Bahsetti\u011finiz umudu yakalamak g\u00fc\u00e7.<\/strong><\/p>\n<ul>\n<li>Umut ertelenmi\u015f olabilir. Biraz ac\u0131dan haz alma durumu var. \u2018G\u00f6n\u00fcll\u00fcl\u00fck\u2019 hik\u00e2yesi var. Ben ve \u00e7o\u011funluktaki \u201c\u00dclkemdeyim ve hi\u00e7bir yere gitmeyece\u011fim\u201d \u0131srar\u0131 biraz da efendisinin kam\u00e7\u0131s\u0131 olmadan ya\u015famayan insan psikolojisine benziyor. \u0130nsan\u0131n, do\u011fas\u0131 gere\u011fi, bir t\u00fcr savunma psikolojisi olarak ka\u00e7mas\u0131 gerek belki de. Her an herhangi bir sebepten dayak yiyece\u011fini bile bile gitmiyorsun, adeta bir sonraki kam\u00e7\u0131y\u0131 bekliyorsun. Kim bilir, belki de tuhaf bir haz al\u0131yoruz bu ac\u0131dan.<\/li>\n<\/ul>\n<p><strong>\u00a0Korkutucu bir tablo de\u011fil mi?<\/strong><\/p>\n<ul>\n<li>As\u0131l korkutucu olan al\u0131\u015fmam\u0131z, t\u00fcm olanlar\u0131n s\u0131radan ve ola\u011fan gelmesi. Al\u0131\u015fmamam\u0131z laz\u0131m. Al\u0131\u015fmak yerine anla\u015fmay\u0131 \u00f6\u011frenmemiz laz\u0131m. Her zaman ba\u011f\u0131\u015flamaktan yanay\u0131m. Ba\u015fka t\u00fcrl\u00fc senden olmayanla ayn\u0131 masay\u0131, hayat\u0131, \u00fclkeyi payla\u015famazs\u0131n. Uzla\u015farak huzur bulmak laz\u0131m. Herkesle, kendinle, ruhunla, belki ac\u0131nla&#8230;<\/li>\n<\/ul>\n<p><img loading=\"lazy\" decoding=\"async\" class=\"alignnone\" src=\"http:\/\/s21.postimg.org\/dpg3m6puf\/57e6740ec03c0e2b808598e1.jpg\" width=\"770\" height=\"1073\" \/><\/p>\n<p><strong>\u0130Y\u0130 B\u0130R SANAT\u00c7I, \u0130\u015eE T\u00dcM AKRABALARINI \u00d6LD\u00dcRMEKLE BA\u015eLAMALI<\/strong><\/p>\n<p><strong>R\u00f6nesans g\u00f6ndermeleriniz hi\u00e7 olmad\u0131\u011f\u0131 kadar yo\u011fun, bask\u0131n.<\/strong><\/p>\n<ul>\n<li>T\u00fcm bunlar\u0131 yaparken sanat tarihine g\u00f6m\u00fcld\u00fcm. Sanat tarihinde resmedilmi\u015f en m\u00fckemmel \u0130sa\u2019lara imza atm\u0131\u015f Mantegna ile Michelangelo ile bo\u011fu\u015ftum. \u201cOnlar\u0131n \u00fczerine \u00e7\u0131kmayal\u0131m\u201d diye diye \u00e7al\u0131\u015ft\u0131m. S\u00fcrekli \u00fczerine \u00e7\u0131kmak zorundas\u0131n ve bu da kanl\u0131, y\u0131pratan bir sava\u015f. Ressam olarak hayatta kalmak i\u00e7in o sanat tarihi duvar\u0131na bir tu\u011fla da senin eklemen gerekiyor. Zor, \u00e7ok zor. Neredeyse m\u00fcmk\u00fcn de\u011fil.<\/li>\n<\/ul>\n<p><strong>\u00a0\u201c\u0130\u00e7imden geldi, yapt\u0131m ve tarihe ge\u00e7ti\u201d durumu de\u011fil, iz b\u0131rakmak u\u011fruna yap\u0131lm\u0131\u015f m\u00fcthi\u015f bir ego sava\u015f\u0131n\u0131n sonu\u00e7lar\u0131 yani t\u00fcm bunlar&#8230;.<\/strong><\/p>\n<ul>\n<li>Tabii ki. Tersini s\u00f6yleyen yalan s\u00f6yl\u00fcyordur. Daha da b\u00fcy\u00fcmek, g\u00fc\u00e7lenmek ve hayatta kalmak ad\u0131na anneni, baban\u0131 geride b\u0131rakmaktan pek bir fark\u0131 yok. Ayakta kalmak i\u00e7in ge\u00e7mi\u015fini sileceksin, hatta \u00f6ld\u00fcreceksin. Vel\u00e1zquez benim babam, Johannes Vermeer dedem&#8230; Hepsi resmen akrabalar\u0131m. Onlarla ya\u015f\u0131yorum. Ve s\u00fcrekli onlarya konu\u015fma halindeyim. Ressam ruhu bu. S\u00fcrekli \u201cBen senden daha iyi yapaca\u011f\u0131m\u201d diyerek bir sava\u015f halindesin. Kolay bir durum de\u011fil. \u00d6zellikle d\u00fcnya metropollerinde, en sayg\u0131n galerilerde sergi a\u00e7maya kalk\u0131nca hi\u00e7 kolay de\u011fil.<\/li>\n<\/ul>\n<p><strong>T\u00fcrkiye gibi bir \u00fclkenin \u201cya\u015fayan en pahal\u0131 ressam\u0131\u201d olmak nas\u0131l bir his?<\/strong><\/p>\n<ul>\n<li>Her \u015feyin bir bedeli var. Buraya gelmek i\u00e7in baz\u0131 bedelleri \u00f6demeyi ba\u015ftan kabul ettim.<\/li>\n<\/ul>\n<p><strong>\u00a0Ne mesela?<\/strong><\/p>\n<ul>\n<li>Sosyal hayat\u0131 s\u0131f\u0131rlamak, g\u00fcnde 10 saat tuvalin ba\u015f\u0131nda oturmak&#8230; Resimlerimde g\u00f6r\u00fclen hayatla hi\u00e7 ilgim yok. Onlar kurgu, yer yer belgesel.\u00a0 Sabahtan ak\u015fama kadar tuvalimin ba\u015f\u0131nday\u0131m. Ba\u015fka hayat\u0131m yok. G\u00f6r\u00fc\u015ft\u00fc\u011f\u00fcm iki insan var. Biri sevgilim, di\u011feri dostum. O kadar.<\/li>\n<\/ul>\n<p><a href=\"http:\/\/www.hurriyet.com.tr\/yasayan-en-pahali-turk-ressam-taner-ceylan-kan-revan-icinde-kaldik-ama-o-son-yumrugu-hala-yemedik-40230636\"><span style=\"color: #ff0000;\"><strong>R\u00f6portaj\u0131n tamam\u0131n\u0131 okumak i\u00e7in buraya t\u0131klay\u0131n<\/strong><\/span><\/a><\/p>\n<p>Kaynak: H\u00fcrriyet<\/p>\n","protected":false},"excerpt":{"rendered":"<p>T\u00fcrkiye\u2019de galerilerden ret \u00fcst\u00fcne ret yedi, ders verdi\u011fi \u00fcniversitelerden at\u0131ld\u0131, \u2018rahats\u0131z edici\u2019 bulunan i\u015fleri bas\u0131lmad\u0131, 35\u2019ine kadar tek tablo bile satamad\u0131. \u2018Duygusal realist\u2019 ressam Taner Ceylan \u2018ayk\u0131r\u0131\u2019 bulunan sanat\u0131ndan, \u00e7izgisinden \u00f6d\u00fcn vermedi. Kar\u015f\u0131l\u0131\u011f\u0131n\u0131 \u2018ya\u015fayan en pahal\u0131 T\u00fcrk ressam\u0131\u2019 unvan\u0131yla ald\u0131. \u015eimdi, kariyerinin en parlak d\u00f6neminde,\u00a0Londra\u2019daki ilk sergisi, \u2018I Love You\u2019nun heyecan\u0131nda.\u00a0Taner Ceylan, Londra&#8217;da H\u00fcrriyet Gazetesi&#8217;nden &hellip;<\/p>\n","protected":false},"author":1,"featured_media":33569,"comment_status":"closed","ping_status":"open","sticky":false,"template":"","format":"standard","meta":{"footnotes":""},"categories":[40,28],"tags":[1167,1101,391,388],"class_list":["post-33567","post","type-post","status-publish","format-standard","has-post-thumbnail","","category-kitap","category-pop","tag-resim","tag-roportaj","tag-sanat","tag-taner-ceylan"],"_links":{"self":[{"href":"http:\/\/www.gzone.com.tr\/index.php\/wp-json\/wp\/v2\/posts\/33567","targetHints":{"allow":["GET"]}}],"collection":[{"href":"http:\/\/www.gzone.com.tr\/index.php\/wp-json\/wp\/v2\/posts"}],"about":[{"href":"http:\/\/www.gzone.com.tr\/index.php\/wp-json\/wp\/v2\/types\/post"}],"author":[{"embeddable":true,"href":"http:\/\/www.gzone.com.tr\/index.php\/wp-json\/wp\/v2\/users\/1"}],"replies":[{"embeddable":true,"href":"http:\/\/www.gzone.com.tr\/index.php\/wp-json\/wp\/v2\/comments?post=33567"}],"version-history":[{"count":2,"href":"http:\/\/www.gzone.com.tr\/index.php\/wp-json\/wp\/v2\/posts\/33567\/revisions"}],"predecessor-version":[{"id":33571,"href":"http:\/\/www.gzone.com.tr\/index.php\/wp-json\/wp\/v2\/posts\/33567\/revisions\/33571"}],"wp:featuredmedia":[{"embeddable":true,"href":"http:\/\/www.gzone.com.tr\/index.php\/wp-json\/wp\/v2\/media\/33569"}],"wp:attachment":[{"href":"http:\/\/www.gzone.com.tr\/index.php\/wp-json\/wp\/v2\/media?parent=33567"}],"wp:term":[{"taxonomy":"category","embeddable":true,"href":"http:\/\/www.gzone.com.tr\/index.php\/wp-json\/wp\/v2\/categories?post=33567"},{"taxonomy":"post_tag","embeddable":true,"href":"http:\/\/www.gzone.com.tr\/index.php\/wp-json\/wp\/v2\/tags?post=33567"}],"curies":[{"name":"wp","href":"https:\/\/api.w.org\/{rel}","templated":true}]}}