{"id":33139,"date":"2016-09-15T11:15:34","date_gmt":"2016-09-15T08:15:34","guid":{"rendered":"http:\/\/gzone.com.tr\/?p=33139"},"modified":"2016-09-15T11:15:34","modified_gmt":"2016-09-15T08:15:34","slug":"sosyal-medyayi-sallayan-guzellik-yarismasi-olayinin-asli-ortaya-cikti","status":"publish","type":"post","link":"http:\/\/www.gzone.com.tr\/index.php\/2016\/09\/15\/sosyal-medyayi-sallayan-guzellik-yarismasi-olayinin-asli-ortaya-cikti\/","title":{"rendered":"SOSYAL MEDYAYI SALLAYAN G\u00dcZELL\u0130K YARI\u015eMASI OLAYININ ASLI ORTAYA \u00c7IKTI"},"content":{"rendered":"<p class=\"p1\"><strong><span class=\"s1\">\u0130ngiltere\u2019de ya\u015fayan T\u00fcrk model Ecem Uzg\u00f6r, Almanya\u2019n\u0131n Bremen kentinde 26 A\u011fustos tarihinde ger\u00e7ekle\u015ftirilen Top Model of the World\u2019de T\u00fcrkiye\u2019yi temsil etmesiyle sosyal medyan\u0131n g\u00fcndemine oturdu. Ecem \u00dczg\u00f6r, yar\u0131\u015fmada bir derece alamad\u0131 ama son g\u00fcnlerde s\u0131k s\u0131k sosyal medyada \u00e7ok konu\u015fulmaya ba\u015flad\u0131. Ecem \u00dczg\u00f6r&#8217;\u00fcn \u00fclkemizi &#8216; T\u00fcrkiye G\u00fczeli&#8217; \u00fcnvan\u0131yla temsil etti\u011finin san\u0131lmas\u0131 b\u00fcy\u00fck bir tart\u0131\u015fma ba\u015flatt\u0131. Kendisini \u00e7ok be\u011fenip destekleyenlerin oldu\u011fu gibi, be\u011fenmeyenler de oldu.<\/span><\/strong><\/p>\n<p class=\"p1\"><span class=\"s1\">\u0130\u015fin asl\u0131 \u00e7ok farkl\u0131&#8230; D\u00fcnyada \u00e7ok say\u0131da g\u00fczellik ve modellik yar\u0131\u015fmas\u0131 var. Top Model of the World ad\u0131ndan da anla\u015f\u0131laca\u011f\u0131 \u00fczere bir modellik yar\u0131\u015fmas\u0131. G\u00fczellik \u00f6n planda de\u011fil. Ecem \u00dczg\u00f6r da \u00fclkemizi &#8221; T\u00fcrkiye G\u00fczeli&#8221; olarak temsil etmedi.<\/span><\/p>\n<p class=\"p1\"><img loading=\"lazy\" decoding=\"async\" class=\"alignnone\" src=\"https:\/\/s12.postimg.org\/45ecbjvgd\/57d7d22b67b0a921184c3a56.jpg\" width=\"590\" height=\"737\" \/><\/p>\n<h3 class=\"p1\"><strong><span class=\"s1\">Ecem \u00dczg\u00f6r kimdir ?<\/span><\/strong><\/h3>\n<p class=\"p1\"><span class=\"s1\">Sekiz y\u0131l \u00f6nce geldi\u011fi Londra\u2019da \u0130ngilizce \u00f6\u011fretmenli\u011fi okuyan ve \u0130spanyolca e\u011fitimi alan Uzg\u00f6r, profesyonel modelli\u011finin yan\u0131 s\u0131ra Londra\u2019n\u0131n en pop\u00fcler m\u00fczikallerinde oyuncu ve \u015fark\u0131c\u0131 olarak rol ald\u0131. En b\u00fcy\u00fck iste\u011finin bir g\u00fcn \u015fark\u0131lar\u0131n\u0131n \u00e7ok geni\u015f kitlelere ula\u015fmas\u0131 ve \u015fark\u0131 s\u00f6yleyerek b\u00fcy\u00fck konserler vermek oldu\u011funu s\u00f6yleyen manken, Londra\u2019ya gelirken esas amac\u0131n\u0131n m\u00fczikle u\u011fra\u015fmak ve \u00fcniversite de okumak oldu\u011funu ancak mankenlik ajans\u0131ndaki bir \u00e7al\u0131\u015fan\u0131n tavsiyesiyle modellik yapmaya ba\u015flad\u0131\u011f\u0131n\u0131 dile getirdi.<\/span><\/p>\n<p class=\"p1\"><img loading=\"lazy\" decoding=\"async\" class=\"alignnone\" src=\"https:\/\/s12.postimg.org\/4ebx1h88t\/57d7d1fa67b0a921184c3a04.jpg\" width=\"590\" height=\"590\" \/><\/p>\n<p class=\"p1\"><span class=\"s1\">Uzg\u00f6r, Londra da yap\u0131lan, London Fashion Week, Pakistan Fashion Week, Essex Fashion Week, Harrods Catwalk Show gibi pek \u00e7ok defilede modellik yapt\u0131. 2008\u2019de Miller Music Factory \u015eark\u0131 yar\u0131\u015fmas\u0131nda 2000 ki\u015fiden cover kategorisinde 3\u2019\u00fcnc\u00fc olmay\u0131 ba\u015fard\u0131 ve Manga\u2019dan 3\u2019\u00fcnc\u00fcl\u00fck \u00f6d\u00fcl\u00fc ald\u0131. 2012 y\u0131l\u0131nda Miss Asia Pacific World yar\u0131\u015fmas\u0131nda T\u00fcrkiye`yi temsil eden Uzg\u00f6r, yar\u0131\u015fma kapsam\u0131ndaki yetenek kategorisinde Demi Lovato\u2019nun \u201cGive Your Heart a Break\u201d \u015fark\u0131s\u0131n\u0131 seslendirerek \u2018\u2019En \u0130yi Yetenek\u2019\u2019 se\u00e7ildi ve ilk 15\u2019e girdi.<\/span><\/p>\n<p class=\"p1\"><span class=\"s1\">Londra\u2019 da bir y\u0131l kadar Cinderella m\u00fczikali ve Godspell m\u00fczikalinde rol alan ve \u015fark\u0131 s\u00f6yleyen Uzgur, 2012 y\u0131l\u0131n\u0131n aral\u0131k ay\u0131nda Paris\u2019 te yap\u0131lan Face of Europe da 2\u2019nci defa T\u00fcrkiye\u2019yi temsil etme \u015fans\u0131 yakalad\u0131. 2013 kas\u0131m ay\u0131nda 140 model aras\u0131ndan ilk 5\u2019e kalarak, yap\u0131lan final defilesinde \u201cCraze\u201d markas\u0131n\u0131n y\u00fcz\u00fc se\u00e7ilen ba\u015far\u0131l\u0131 manken ayr\u0131ca Miss Globe International yar\u0131\u015fmas\u0131nda \u0130ngiltere ve \u0130rlanda i\u00e7in finalist modellerin se\u00e7ilmesinden sorumlu olarak her y\u0131l finalistlerle birlikte uluslararas\u0131 finalin yap\u0131laca\u011f\u0131 \u00fclkeye seyahat ediyor.\u00a0<\/span><\/p>\n<p class=\"p1\"><em>Kaynak: H\u00fcrriyet<\/em><\/p>\n","protected":false},"excerpt":{"rendered":"<p>\u0130ngiltere\u2019de ya\u015fayan T\u00fcrk model Ecem Uzg\u00f6r, Almanya\u2019n\u0131n Bremen kentinde 26 A\u011fustos tarihinde ger\u00e7ekle\u015ftirilen Top Model of the World\u2019de T\u00fcrkiye\u2019yi temsil etmesiyle sosyal medyan\u0131n g\u00fcndemine oturdu. Ecem \u00dczg\u00f6r, yar\u0131\u015fmada bir derece alamad\u0131 ama son g\u00fcnlerde s\u0131k s\u0131k sosyal medyada \u00e7ok konu\u015fulmaya ba\u015flad\u0131. Ecem \u00dczg\u00f6r&#8217;\u00fcn \u00fclkemizi &#8216; T\u00fcrkiye G\u00fczeli&#8217; \u00fcnvan\u0131yla temsil etti\u011finin san\u0131lmas\u0131 b\u00fcy\u00fck bir tart\u0131\u015fma ba\u015flatt\u0131. &hellip;<\/p>\n","protected":false},"author":1,"featured_media":33140,"comment_status":"closed","ping_status":"open","sticky":false,"template":"","format":"standard","meta":{"footnotes":""},"categories":[28,61],"tags":[6031,2545,566,254,922,729],"class_list":["post-33139","post","type-post","status-publish","format-standard","has-post-thumbnail","","category-pop","category-sinematv","tag-ecem-uzgor","tag-guzellik-yarismasi","tag-ingiltere","tag-sosyal-medya","tag-televizyon","tag-yasam-2"],"_links":{"self":[{"href":"http:\/\/www.gzone.com.tr\/index.php\/wp-json\/wp\/v2\/posts\/33139","targetHints":{"allow":["GET"]}}],"collection":[{"href":"http:\/\/www.gzone.com.tr\/index.php\/wp-json\/wp\/v2\/posts"}],"about":[{"href":"http:\/\/www.gzone.com.tr\/index.php\/wp-json\/wp\/v2\/types\/post"}],"author":[{"embeddable":true,"href":"http:\/\/www.gzone.com.tr\/index.php\/wp-json\/wp\/v2\/users\/1"}],"replies":[{"embeddable":true,"href":"http:\/\/www.gzone.com.tr\/index.php\/wp-json\/wp\/v2\/comments?post=33139"}],"version-history":[{"count":1,"href":"http:\/\/www.gzone.com.tr\/index.php\/wp-json\/wp\/v2\/posts\/33139\/revisions"}],"predecessor-version":[{"id":33141,"href":"http:\/\/www.gzone.com.tr\/index.php\/wp-json\/wp\/v2\/posts\/33139\/revisions\/33141"}],"wp:featuredmedia":[{"embeddable":true,"href":"http:\/\/www.gzone.com.tr\/index.php\/wp-json\/wp\/v2\/media\/33140"}],"wp:attachment":[{"href":"http:\/\/www.gzone.com.tr\/index.php\/wp-json\/wp\/v2\/media?parent=33139"}],"wp:term":[{"taxonomy":"category","embeddable":true,"href":"http:\/\/www.gzone.com.tr\/index.php\/wp-json\/wp\/v2\/categories?post=33139"},{"taxonomy":"post_tag","embeddable":true,"href":"http:\/\/www.gzone.com.tr\/index.php\/wp-json\/wp\/v2\/tags?post=33139"}],"curies":[{"name":"wp","href":"https:\/\/api.w.org\/{rel}","templated":true}]}}