{"id":32940,"date":"2016-09-07T19:31:46","date_gmt":"2016-09-07T16:31:46","guid":{"rendered":"http:\/\/gzone.com.tr\/?p=32940"},"modified":"2016-09-07T19:31:46","modified_gmt":"2016-09-07T16:31:46","slug":"milletvekilinden-basbakana-kritik-soru-kac-seks-iscisi-ve-trans-olduruldu","status":"publish","type":"post","link":"http:\/\/www.gzone.com.tr\/index.php\/2016\/09\/07\/milletvekilinden-basbakana-kritik-soru-kac-seks-iscisi-ve-trans-olduruldu\/","title":{"rendered":"M\u0130LLETVEK\u0130L\u0130NDEN BA\u015eBAKANA KR\u0130T\u0130K SORU: KA\u00c7 SEKS \u0130\u015e\u00c7\u0130S\u0130 VE TRANS \u00d6LD\u00dcR\u00dcLD\u00dc?"},"content":{"rendered":"<p class=\"p1\"><strong><span class=\"s1\">HDP \u0130stanbul Milletvekili Filiz Kerestecio\u011flu, Ba\u015fbakan Binali Y\u0131ld\u0131r\u0131m\u2019a h\u00fck\u00fcmetleri d\u00f6neminde ka\u00e7 trans ve seks i\u015f\u00e7isinin \u00f6ld\u00fcr\u00fcld\u00fc\u011f\u00fcn\u00fc, h\u00fck\u00fcmetin \u015fiddeti \u00f6nlemek i\u00e7in neler yapt\u0131\u011f\u0131n\u0131 sordu; translar\u0131n insan haklar\u0131n\u0131 hat\u0131rlatt\u0131.<\/span><\/strong><\/p>\n<p class=\"p1\"><span class=\"s1\">Halklar\u0131n Demokratik Partisi (HDP) \u0130stanbul Milletvekili Filiz Kerestecio\u011flu, translara ve seks i\u015f\u00e7ilerine d\u00f6n\u00fck \u015fiddetle ilgili soru \u00f6nergesi verdi. Ba\u015fbakan Binali Y\u0131ld\u0131r\u0131m\u2019a h\u00fck\u00fcmetin \u015fiddete kar\u015f\u0131 neler yapt\u0131\u011f\u0131n\u0131 sordu.<\/span><\/p>\n<p class=\"p1\"><span class=\"s1\">Anayasa\u2019n\u0131n e\u015fitlik maddesini hat\u0131rlatan Kerestecio\u011flu, \u201cNe var ki; T\u00fcrkiye\u2019de translar her t\u00fcrl\u00fc ayr\u0131mc\u0131l\u0131\u011fa u\u011framakta, i\u015f bulamamakta, e\u011fitim hakk\u0131ndan yoksun kalmakta, seks i\u015f\u00e7ili\u011fi yapmak d\u0131\u015f\u0131nda kendilerine herhangi bir se\u00e7enek b\u0131rak\u0131lmamaktad\u0131r\u201d dedi.<\/span><\/p>\n<p class=\"p1\"><strong><span class=\"s1\">\u201cSeks i\u015f\u00e7isi ve translar mu\u011flak ifadelerle ayr\u0131mc\u0131l\u0131\u011fa u\u011fruyor\u201d<\/span><\/strong><\/p>\n<p class=\"p1\"><span class=\"s1\">Kerestecio\u011flu; seks i\u015f\u00e7ileri ve translar\u0131n, \u201cgenel ahlak\u201d, \u201cmilli ve manevi de\u011ferler\u201d, \u201cdini de\u011ferler\u201d, \u201cT\u00fcrk aile yap\u0131s\u0131\u201d gibi tan\u0131m\u0131 mu\u011flak ifadeler \u00f6ne s\u00fcr\u00fclerek \u00f6tekile\u015ftirildi\u011fini ve ayr\u0131mc\u0131l\u0131\u011fa u\u011frad\u0131\u011f\u0131n\u0131 belirterek \u015f\u00f6yle devam etti:<\/span><\/p>\n<p class=\"p1\"><span class=\"s1\">\u201cG\u00f6r\u00fcnmezli\u011fe itilen bu ki\u015filerin s\u00f6ylemleri de\u011fersizle\u015ftirilmekte ve seks i\u015f\u00e7ileri, pek \u00e7ok alanda damgalanma ve \u015fiddete maruz kalmaktad\u0131rlar. Maruz kal\u0131nan toplumsal d\u0131\u015flanma, \u00f6tekile\u015ftirme ve damgalanma s\u00fcre\u00e7leri translar\u0131 ve kad\u0131nlar\u0131 seks i\u015f\u00e7ili\u011fi yapmaya itmektedir. Bu ki\u015filerin T\u00fcrkiye\u2019nin de imzac\u0131s\u0131 oldu\u011fu ve onaylad\u0131\u011f\u0131 uluslararas\u0131 s\u00f6zle\u015fmeler ve \u00e7e\u015fitli devletleraras\u0131 kurumlar\u0131n \u00fcretti\u011fi tavsiye metinlerinde dile getirilen ve t\u00fcm T\u00fcrkiye vatanda\u015flar\u0131n\u0131n faydalanmas\u0131 beklenen haklardan e\u015fit \u015fekilde faydalanabilmesi gerekmektedir. Ancak, T\u00fcrkiye\u2019de translar ve seks i\u015f\u00e7ileri \u00e7e\u015fitli ahlak kodlar\u0131 sebebiyle toplum ve devlet birimleri taraf\u0131ndan s\u0131kl\u0131kla k\u00f6t\u00fc muameleye maruz kalmakta ve bu grubun haklar\u0131 ihlal edilmektedir.<\/span><\/p>\n<p class=\"p1\"><span class=\"s1\">\u201cSeks i\u015f\u00e7ili\u011fi alan\u0131n\u0131n kay\u0131ts\u0131z olmas\u0131, bu kay\u0131ts\u0131z alanda s\u00fcrekli \u015fiddet ve ayr\u0131mc\u0131l\u0131\u011fa u\u011franmas\u0131 ve de adalete eri\u015fim mekanizmalar\u0131n\u0131n \u00e7o\u011funlukla seks i\u015f\u00e7ilerinin eri\u015fimine a\u00e7\u0131k olmamas\u0131 seks i\u015f\u00e7ili\u011fi yapanlar\u0131n ma\u011fduriyetini artt\u0131rmaktad\u0131r. Bu grubun ihlal edilen insan haklar\u0131, Birle\u015fmi\u015f Milletler (BM) Medeni ve Siyasi Haklar S\u00f6zle\u015fmesi&#8217;nin 9. ve 10. maddelerince g\u00fcvence alt\u0131na al\u0131nan ki\u015fi g\u00fcvenli\u011fi ve ki\u015filik onuruna sayg\u0131 haklar\u0131d\u0131r.\u201d<\/span><\/p>\n<p class=\"p1\"><span class=\"s1\">Hande Kader, Ankara\u2019da sald\u0131r\u0131lar ve Azize<\/span><\/p>\n<p class=\"p1\"><span class=\"s1\">Avrupa \u00fclkeleri aras\u0131nda en y\u00fcksek transfobik nefret cinayeti rakamlar\u0131n\u0131n T\u00fcrkiye\u2019de oldu\u011funu hat\u0131rlatan Kerestecio\u011flu, Hande Kader\u2019in \u00f6ld\u00fcr\u00fclmesinden de bahsetti:<\/span><\/p>\n<p class=\"p1\"><span class=\"s1\">\u201cYak\u0131n tarihte, yine maalesef bir trans kad\u0131n daha hayat\u0131n\u0131 kaybetmi\u015ftir. Hande Kader, tecav\u00fcze u\u011fram\u0131\u015f ve yak\u0131larak korkun\u00e7 bi\u00e7imde \u00f6ld\u00fcr\u00fclm\u00fc\u015ft\u00fcr. Yak\u0131nlar\u0131, Hande\u2019nin bulunmas\u0131 konusunda kendileri d\u0131\u015f\u0131nda emniyet g\u00fc\u00e7lerinin bir \u00e7abas\u0131 olmad\u0131\u011f\u0131n\u0131 ifade etmektedirler. Hande, morglarda Hande\u2019yi arayan arkada\u015flar\u0131n\u0131n \u00e7abalar\u0131yla bulunabilmi\u015ftir. Maalesef s\u00f6z konusu, trans ki\u015filer olunca emniyet ve yarg\u0131 mensuplar\u0131n\u0131n ya\u015fam hakk\u0131n\u0131 korumak i\u00e7in dahi kanun \u00f6n\u00fcnde trans vatanda\u015flara e\u015fit davranmad\u0131\u011f\u0131 g\u00f6zlenmektedir. Yine ge\u00e7ti\u011fimiz hafta, Ankara\u2019da bir grup erkek, trans kad\u0131nlara demir sopalarla sald\u0131rarak kad\u0131nlar\u0131 korkun\u00e7 bi\u00e7imde darp etmi\u015ftir. Bir ba\u015fka trans kad\u0131n, Azize \u00d6mr\u00fcm de \u0130zmir\u2019de intihar etmi\u015f, arkada\u015flar\u0131 seks i\u015f\u00e7ili\u011fi yapmak istemedi\u011fini, asl\u0131nda bir a\u015f\u00e7\u0131 olmak istedi\u011fini, istemedi\u011fi bir i\u015fi yapman\u0131n y\u00fck\u00fcne, toplum bask\u0131s\u0131na ve yaln\u0131zl\u0131\u011fa dayanamayarak ya\u015fam\u0131na son verdi\u011fini ifade etmi\u015flerdir.\u201d<\/span><\/p>\n<p class=\"p1\"><strong><span class=\"s1\">\u201cH\u00fck\u00fcmetiniz d\u00f6neminde ka\u00e7 seks i\u015f\u00e7isi ve trans \u00f6ld\u00fcr\u00fclm\u00fc\u015ft\u00fcr?\u201d<\/span><\/strong><\/p>\n<p class=\"p1\"><span class=\"s1\">Kerestecio\u011flu\u2019nun Ba\u015fbakan\u2019a y\u00f6neltti\u011fi sorular\u0131n tamam\u0131 \u015f\u00f6yle:<\/span><\/p>\n<p class=\"p1\"><span class=\"s1\">H\u00fck\u00fcmetiniz d\u00f6neminde ka\u00e7 seks i\u015f\u00e7isi, \u015fiddete u\u011frad\u0131\u011f\u0131 gerek\u00e7esiyle kolluk kuvvetlerine, hastanelere, s\u0131\u011f\u0131naklara, ilk ad\u0131m merkezlerine veya devlete ba\u011fl\u0131 di\u011fer kurulu\u015flara ba\u015fvurmu\u015ftur?<\/span><\/p>\n<p class=\"p1\"><span class=\"s1\">H\u00fck\u00fcmetiniz d\u00f6neminde ka\u00e7 seks i\u015f\u00e7isi ve trans \u00f6ld\u00fcr\u00fclm\u00fc\u015ft\u00fcr?<\/span><\/p>\n<p class=\"p1\"><span class=\"s1\">\u201cCinsiyet kimli\u011fi\u201d \u201ccinsel y\u00f6nelim\u201d temelli nefret su\u00e7lar\u0131 ile seks i\u015f\u00e7ilerine y\u00f6nelik su\u00e7lara dair verilerin toplanmas\u0131 ve raporlanmas\u0131 i\u00e7in h\u00fck\u00fcmetinizin bir \u00e7al\u0131\u015fmas\u0131 var m\u0131d\u0131r?<\/span><\/p>\n<p class=\"p1\"><span class=\"s1\">Anayasa ile g\u00fcvence alt\u0131na al\u0131nan ayr\u0131mc\u0131l\u0131\u011fa u\u011framama hakk\u0131n\u0131n translar\u0131 dahil edecek \u015fekilde d\u00fczenlenmesi i\u00e7in Anayasa\u2019n\u0131n 10. Maddesi\u2019nin \u201ccinsel y\u00f6nelim\u201d ve \u201ccinsiyet kimli\u011fi\u201d ibarelerini kapsayacak \u015fekilde de\u011fi\u015ftirilmesi konusunda y\u0131llard\u0131r s\u00fcregelen \u00e7al\u0131\u015fmalar mevcuttur, neden harekete ge\u00e7ilmemektedir?<\/span><\/p>\n<p class=\"p1\"><span class=\"s1\">Ayr\u0131mc\u0131l\u0131kla M\u00fccadele ve E\u015fitlik Kanun Tasar\u0131s\u0131n\u0131n ve ulusal mevzuattaki ayr\u0131mc\u0131l\u0131kla m\u00fccadele d\u00fczenlemelerinin \u201ccinsel y\u00f6nelim\u201d ve \u201ccinsiyet kimli\u011fi\u201d ifadelerini kapsayacak \u015fekilde de\u011fi\u015ftirilmesi ve T\u00fcrk Ceza Kanunu\u2019nun ayr\u0131mc\u0131l\u0131\u011f\u0131 d\u00fczenleyen 122. Maddesi i\u00e7erisinde nefret su\u00e7lar\u0131n\u0131n belirginle\u015fmesi i\u00e7in Milletvekillerini ve Adalet Bakan\u0131n\u0131n harekete ge\u00e7irmek amac\u0131yla bir giri\u015fiminiz olmu\u015f mudur?<\/span><\/p>\n<p class=\"p1\"><span class=\"s1\">\u201cCinsel y\u00f6nelim\u201d ve \u201ccinsiyet kimli\u011fi\u201d ifadelerini kapsayacak \u015fekilde d\u00fczenlenen ayr\u0131 bir Nefret Su\u00e7lar\u0131 Yasas\u0131 haz\u0131rlamak i\u00e7in h\u00fck\u00fcmetinizin bir giri\u015fimi var m\u0131d\u0131r?<\/span><\/p>\n<p class=\"p1\"><span class=\"s1\">\u201cT\u00fcrk aile de\u011ferleri\u201d, \u201cmilli ve manevi de\u011ferler\u201d, \u201cgelenek ve g\u00f6renekler\u201d, \u201cT\u00fcrk \u00f6rf ve adetleri\u201d, \u201cy\u00fcz k\u0131zart\u0131c\u0131 su\u00e7lar\u201d, \u201cgenel ahlaka ayk\u0131r\u0131l\u0131k\u201d ve benzeri ifadelerin, avukat, savc\u0131 ve hakimlerin giri\u015fimleriyle, translara kar\u015f\u0131 ayr\u0131mc\u0131l\u0131\u011f\u0131 peki\u015ftirecek \u015fekilde yorumlanmas\u0131n\u0131n \u00f6n\u00fcne ge\u00e7ilmesi i\u00e7in yap\u0131lan bir \u00e7al\u0131\u015fma var m\u0131d\u0131r?<\/span><\/p>\n<p class=\"p1\"><span class=\"s1\">Translara ve trans olmayan (natrans) kad\u0131n seks i\u015f\u00e7ilerine kar\u015f\u0131 \u015fiddetin ayn\u0131 zamanda kad\u0131na kar\u015f\u0131 \u015fiddet meselesi oldu\u011fu bilinciyle hareket edilerek, Avrupa Konseyi\u2019nin \u0130stanbul S\u00f6zle\u015fmesi\u2019ne paralel olarak, H\u00fck\u00fcmet taraf\u0131ndan 2012 y\u0131l\u0131nda haz\u0131rlanan Ailenin Korunmas\u0131 ve Kad\u0131na Kar\u015f\u0131 \u015eiddetin \u00d6nlenmesine Dair Kanun\u2019un \u201ccinsel y\u00f6nelim\u201d veya \u201ccinsiyet kimli\u011fi\u201d ibarelerini i\u00e7erecek \u015fekilde d\u00fczenlenmesi gerekmektedir. Aile ve Sosyal Politikalar Bakanl\u0131\u011f\u0131\u2019n\u0131n bu ama\u00e7la ad\u0131mlar atmas\u0131 neden sa\u011flanmamaktad\u0131r?<\/span><\/p>\n<p class=\"p1\"><span class=\"s1\">Hakim ve savc\u0131lar\u0131n, trans kad\u0131n ve erkeklerin ihtiya\u00e7lar\u0131 ve hassasiyetleri ile ilgili bilgilendirilmesi \u015fartt\u0131r. Translar\u0131 ve seks i\u015f\u00e7ilerini hedef alan ayr\u0131mc\u0131l\u0131k ve \u015fiddet vakalar\u0131 \u00f6zelinde hakim ve savc\u0131lar\u0131n e\u011fitilmesi, bu grubun temel insan haklar\u0131 ve hak ihlalleri noktas\u0131nda fark\u0131ndal\u0131k ve bilin\u00e7 artt\u0131r\u0131c\u0131 e\u011fitim programlar\u0131n\u0131n geli\u015ftirilmesi ve uygulanmas\u0131 gerekmektedir. Bu konuda h\u00fck\u00fcmetin \u015fimdiye kadar neden bir giri\u015fimi olmam\u0131\u015ft\u0131r?<\/span><\/p>\n<p class=\"p1\"><span class=\"s1\">Translar\u0131 ve seks i\u015f\u00e7ilerini hedef alan \u015fiddet eylemleri ve nefret su\u00e7lar\u0131n\u0131n yarg\u0131lan\u0131rken tarafs\u0131z yarg\u0131lama ilkesine uyulmamas\u0131 ve faillerin \u201chaks\u0131z tahrik\u201d veya \u201ciyi hal\u201d indirimleri ile \u00f6d\u00fcllendirilmeleri translara kar\u015f\u0131 yeni \u015fiddet vakalar\u0131 ve nefret su\u00e7lar\u0131n\u0131 ortaya \u00e7\u0131karmaktad\u0131r. Bu tarafl\u0131 yarg\u0131laman\u0131n son bulmas\u0131 i\u00e7in h\u00fck\u00fcmetinizin bir giri\u015fimi var m\u0131d\u0131r?<\/span><\/p>\n<p class=\"p1\"><span class=\"s1\">Seks i\u015f\u00e7ilerinin ve translar\u0131n ihtiya\u00e7lar\u0131na g\u00f6re tasarlanm\u0131\u015f misafirhaneler, s\u0131\u011f\u0131naklar, sa\u011fl\u0131k merkezleri, rehabilitasyon programlar\u0131 ve benzeri programlar\u0131 tesis etmek i\u00e7in h\u00fck\u00fcmetin bir program\u0131 var m\u0131d\u0131r?<\/span><\/p>\n<p class=\"p1\"><span class=\"s1\">Ya\u015fl\u0131, engelli, HIV ile ya\u015fayan, uyu\u015fturucu madde kullanan, alkol kullan\u0131c\u0131s\u0131, yoksul, g\u00f6\u00e7men ve di\u011fer ihtiya\u00e7 sahibi translara y\u00f6nelik de \u00f6zel sosyal destek programlar\u0131 olu\u015fturulmas\u0131 i\u00e7in h\u00fck\u00fcmetinizin bir \u00e7al\u0131\u015fmas\u0131 var m\u0131d\u0131r?<\/span><\/p>\n<p class=\"p1\">Kaynak: KAOS GL<\/p>\n","protected":false},"excerpt":{"rendered":"<p>HDP \u0130stanbul Milletvekili Filiz Kerestecio\u011flu, Ba\u015fbakan Binali Y\u0131ld\u0131r\u0131m\u2019a h\u00fck\u00fcmetleri d\u00f6neminde ka\u00e7 trans ve seks i\u015f\u00e7isinin \u00f6ld\u00fcr\u00fcld\u00fc\u011f\u00fcn\u00fc, h\u00fck\u00fcmetin \u015fiddeti \u00f6nlemek i\u00e7in neler yapt\u0131\u011f\u0131n\u0131 sordu; translar\u0131n insan haklar\u0131n\u0131 hat\u0131rlatt\u0131. Halklar\u0131n Demokratik Partisi (HDP) \u0130stanbul Milletvekili Filiz Kerestecio\u011flu, translara ve seks i\u015f\u00e7ilerine d\u00f6n\u00fck \u015fiddetle ilgili soru \u00f6nergesi verdi. Ba\u015fbakan Binali Y\u0131ld\u0131r\u0131m\u2019a h\u00fck\u00fcmetin \u015fiddete kar\u015f\u0131 neler yapt\u0131\u011f\u0131n\u0131 sordu. Anayasa\u2019n\u0131n &hellip;<\/p>\n","protected":false},"author":1,"featured_media":32941,"comment_status":"closed","ping_status":"open","sticky":false,"template":"","format":"standard","meta":{"footnotes":""},"categories":[91,96],"tags":[548,112,599,529],"class_list":["post-32940","post","type-post","status-publish","format-standard","has-post-thumbnail","","category-haberler","category-turkiye","tag-basbakan","tag-haberler-2","tag-trans","tag-turkiye-2"],"_links":{"self":[{"href":"http:\/\/www.gzone.com.tr\/index.php\/wp-json\/wp\/v2\/posts\/32940","targetHints":{"allow":["GET"]}}],"collection":[{"href":"http:\/\/www.gzone.com.tr\/index.php\/wp-json\/wp\/v2\/posts"}],"about":[{"href":"http:\/\/www.gzone.com.tr\/index.php\/wp-json\/wp\/v2\/types\/post"}],"author":[{"embeddable":true,"href":"http:\/\/www.gzone.com.tr\/index.php\/wp-json\/wp\/v2\/users\/1"}],"replies":[{"embeddable":true,"href":"http:\/\/www.gzone.com.tr\/index.php\/wp-json\/wp\/v2\/comments?post=32940"}],"version-history":[{"count":1,"href":"http:\/\/www.gzone.com.tr\/index.php\/wp-json\/wp\/v2\/posts\/32940\/revisions"}],"predecessor-version":[{"id":32942,"href":"http:\/\/www.gzone.com.tr\/index.php\/wp-json\/wp\/v2\/posts\/32940\/revisions\/32942"}],"wp:featuredmedia":[{"embeddable":true,"href":"http:\/\/www.gzone.com.tr\/index.php\/wp-json\/wp\/v2\/media\/32941"}],"wp:attachment":[{"href":"http:\/\/www.gzone.com.tr\/index.php\/wp-json\/wp\/v2\/media?parent=32940"}],"wp:term":[{"taxonomy":"category","embeddable":true,"href":"http:\/\/www.gzone.com.tr\/index.php\/wp-json\/wp\/v2\/categories?post=32940"},{"taxonomy":"post_tag","embeddable":true,"href":"http:\/\/www.gzone.com.tr\/index.php\/wp-json\/wp\/v2\/tags?post=32940"}],"curies":[{"name":"wp","href":"https:\/\/api.w.org\/{rel}","templated":true}]}}