{"id":32916,"date":"2016-09-06T16:02:30","date_gmt":"2016-09-06T13:02:30","guid":{"rendered":"http:\/\/gzone.com.tr\/?p=32916"},"modified":"2016-09-06T16:02:30","modified_gmt":"2016-09-06T13:02:30","slug":"izle-avusturyali-turk-yakisikli-kerim-illa-ask-ile-iddiali","status":"publish","type":"post","link":"http:\/\/www.gzone.com.tr\/index.php\/2016\/09\/06\/izle-avusturyali-turk-yakisikli-kerim-illa-ask-ile-iddiali\/","title":{"rendered":"\u0130ZLE: AVUSTURYALI T\u00dcRK YAKI\u015eIKLI, KER\u0130M &#8221;\u0130LLA A\u015eK&#8221; \u0130LE \u0130DD\u0130ALI"},"content":{"rendered":"<p><strong>Yeni nesil pop\u00e7u erkeklere neredeyse yeti\u015filemiyor. M\u00fczik d\u00fcnyam\u0131zdaki yak\u0131\u015f\u0131kl\u0131lar\u0131n sonuncusu ise Avusturya&#8217;dan geliyor. Posa Gazetesi&#8217;nden U\u011fur Alkapar&#8217;\u0131n ke\u015ffedip, konu\u015fturdu\u011fu yeni yak\u0131\u015f\u0131kl\u0131 pop y\u0131ld\u0131z\u0131 Kerim, &#8221;\u0130lla&#8221; \u015fark\u0131s\u0131yla olduk\u00e7a iddial\u0131, hem de Alkapar&#8217;da ge\u00e7er not alm\u0131\u015f. \u0130\u015fte e\u015fsiz foto\u011fraflar\u0131 ve U\u011fur Alkapar&#8217;\u0131n anlat\u0131m\u0131yla Kerim:\u00a0<\/strong><\/p>\n<p class=\"p1\"><span class=\"s1\">Son g\u00fcnlerde en \u00e7ok dinledi\u011fim \u015fark\u0131lar\u0131n ba\u015f\u0131nda d\u00fcnya yak\u0131\u015f\u0131kl\u0131s\u0131 Kerim\u2019in \u2018\u0130lla A\u015fk\u2019\u0131 geliyor. Kendisiyle bulu\u015fup \u2018posta.com.tr\u2019 i\u00e7in konu\u015ftum. Avusturya\u2019da do\u011fup b\u00fcy\u00fcyen, Viyana\u2019da konservatuar e\u011fitimi alan Kerim 3 y\u0131ll\u0131k bir haz\u0131rl\u0131k s\u00fcrecinin sonunda ilk single\u2019\u0131n\u0131 \u00e7\u0131karm\u0131\u015f. 24 ya\u015f\u0131ndaki Kerim sar\u0131\u015f\u0131n, renkli g\u00f6zl\u00fc ve \u00e7ok yak\u0131\u015f\u0131kl\u0131 olmas\u0131n\u0131n \u00f6tesinde; m\u00fctevaz\u0131, yetenekli ve kendinden \u00e7ok emin. Pozitif enerjisi ile yapamayaca\u011f\u0131 \u015fey yok gibi. Heyecan\u0131 ise etkileyici.<\/span><\/p>\n<p><iframe loading=\"lazy\" title=\"Kerim - \u0130lla A\u015fk (Official Video)\" width=\"618\" height=\"348\" src=\"https:\/\/www.youtube.com\/embed\/VAeQuRJIbAY?feature=oembed\" frameborder=\"0\" allow=\"accelerometer; autoplay; clipboard-write; encrypted-media; gyroscope; picture-in-picture; web-share\" referrerpolicy=\"strict-origin-when-cross-origin\" allowfullscreen><\/iframe><\/p>\n<p class=\"p1\"><span class=\"s1\">Kerim Avusturya\u2019da do\u011fmu\u015f. Oradaki 3. nesil T\u00fcrklerden. \u00d6nce dedesi gitmi\u015f, sonra Kerim\u2019in annesi. Annenin evlendi\u011fi Denizlili baba da oraya yerle\u015fmi\u015f. Kerim 4 \u00e7ocuklu bir ailenin en b\u00fcy\u00fc\u011f\u00fc. 2 erkek, bir k\u0131z karde\u015fi var. Erkek karde\u015fleri en az Kerim kadar yak\u0131\u015f\u0131kl\u0131. Toplasan\u0131z 3 sezon s\u00fcrecek aile dizisi \u00e7ekersiniz rahat! Kerim yaz tatillerinde d\u00fczenli olarak Denizli\u2019ye gelmi\u015f. Hatta bir yaz hayat\u0131 \u00f6\u011frenmelerini isteyen babas\u0131n\u0131n y\u00f6nlendirmesiyle, karde\u015fini de al\u0131p araba tamircisinde bile \u00e7al\u0131\u015fm\u0131\u015f.<\/span><\/p>\n<p class=\"p1\"><img loading=\"lazy\" decoding=\"async\" class=\"alignnone\" src=\"https:\/\/s11.postimg.org\/8hk2q2tnn\/KER_M_LLA_A_K_47.jpg\" width=\"1280\" height=\"1920\" \/><\/p>\n<p class=\"p1\"><span class=\"s1\">Avusturya\u2019n\u0131n Almanya s\u0131n\u0131r\u0131na yak\u0131n bir noktas\u0131nda b\u00fcy\u00fcd\u00fc\u011f\u00fc i\u00e7in s\u0131k s\u0131k \u00e7evre \u00fclkelere seyahat etme ve Avrupa\u2019y\u0131 tan\u0131ma f\u0131rsat\u0131n\u0131 da bulmu\u015f. Sanat a\u011fr\u0131l\u0131kl\u0131 bir ilk\u00f6\u011fretimden sonra Viyana\u2019da konservatuar\u0131n davul b\u00f6l\u00fcm\u00fcnde okumu\u015f. Ama onun g\u00f6nl\u00fc hep sahnede, \u015fark\u0131 s\u00f6ylemekteymi\u015f.<\/span><\/p>\n<p class=\"p1\">\n<p class=\"p1\"><span class=\"s1\">Kerim o y\u0131llar\u0131 \u015f\u00f6yle anlat\u0131yor: \u201cK\u00fc\u00e7\u00fckl\u00fc\u011f\u00fcmden beri v\u00fccuduyla ritm tutan, \u015fark\u0131 s\u00f6yleyen bir \u00e7ocuktum. \u0130lkokulda davul e\u011fitimlerine ba\u015flad\u0131m. 9 ya\u015f\u0131ndayd\u0131m. M\u00fczik a\u011f\u0131rl\u0131kl\u0131 ortaokula devam ettim. Piyano e\u011fitimi de almaya ba\u015flad\u0131m. 13 ya\u015f\u0131nda m\u00fczikallerde sahne almaya ba\u015flad\u0131m. Beni hep orkestradan sahneye yolluyorlard\u0131. \u2018Sen orada daha iyisin\u2019 diyorlard\u0131. Avusturya turnelerine \u00e7\u0131kt\u0131m. Lisede de hocalar\u0131m\u0131n y\u00f6nlendirmesiyle vokal a\u011f\u0131rl\u0131kl\u0131 \u00e7al\u0131\u015fmalara devam ettim.\u201d<\/span><\/p>\n<p class=\"p1\">\n<p class=\"p1\"><span class=\"s1\">Avusturya vatanda\u015flar\u0131 zorunlu askerlik yap\u0131yor. Kerim o g\u00f6revi de yerine getirmi\u015f. Asker \u00fcniformal\u0131 halini merak ediyorum ama o y\u0131llardan bir foto\u011fraf bulam\u0131yoruz. Askerli\u011fin ard\u0131ndan Viyana\u2019da konservatuar okuyup \u2018M\u00fczik Tarihi\u2019 ve \u2018Davul\u2019 b\u00f6l\u00fcmlerinden mezun oluyor. Avusturya gibi klasik m\u00fczi\u011fin be\u015fi\u011fi bir \u00fclkede bu e\u011fitimi almas\u0131 asl\u0131nda Kerim\u2019i m\u00fczikal anlamda da farkl\u0131 bir yere koyuyor. \u201cSahne \u015fovlar\u0131nda davul \u00e7alaca\u011f\u0131m. Beste yapmak i\u00e7in gitar \u00f6\u011frendim. \u0130\u00e7imde k\u00fc\u00e7\u00fck bir \u00e7ocuk var. Hep yeni \u015feyler \u00f6\u011frenmek istiyor. Payla\u015fmak istiyor. O y\u00fczden \u00fcretmeyi seviyorum\u201d diyor Kerim.<\/span><\/p>\n<p class=\"p1\"><img loading=\"lazy\" decoding=\"async\" class=\"alignnone\" src=\"https:\/\/s11.postimg.org\/4wo76up43\/KER_M_LLA_A_K_48.jpg\" width=\"1280\" height=\"1920\" \/><\/p>\n<p class=\"p1\"><span class=\"s1\">Popstarl\u0131k yolundaki maceras\u0131 ise 3 y\u0131l \u00f6nce ba\u015flam\u0131\u015f. Viyana\u2019da bir konser organizasyonu i\u00e7in bulunan \u015fimdiki yap\u0131mc\u0131s\u0131 Umut \u00d6zel ile ile tan\u0131\u015fmas\u0131, hayat\u0131n\u0131n geri kalan\u0131nda \u00e7izece\u011fi yolu belirlemi\u015f. Kerim, \u201cUmut Bey\u2019e hayallerimden bahsettim. Bu i\u015fi profesyonel olarak T\u00fcrkiye\u2019de yapmak istedi\u011fimi s\u00f6yledim. O da bana inand\u0131. 3 y\u0131l \u00f6nce T\u00fcrkiye\u2019ye geldim. Bu s\u00fcreyi alb\u00fcm haz\u0131rl\u0131klar\u0131n\u0131n yan\u0131 s\u0131ra t\u00fcrk\u00e7emi geli\u015ftirmek ve diksiyonumu d\u00fczeltmeye \u00e7al\u0131\u015fmakla ge\u00e7irdim. Edebiyat eserlerini okudum. \u0130\u015fim y\u00fcz\u00fcnden g\u00fczel bir dil kullanmam gerekti\u011fini d\u00fc\u015f\u00fcn\u00fcyorum. \u015eark\u0131y\u0131 yorumlarken de bu dinleyene \u00e7ok yans\u0131yor.\u201d diye anlat\u0131yor.<\/span><\/p>\n<p class=\"p1\">\n<p class=\"p1\"><span class=\"s1\">Kerim enteresan bir adaptasyon s\u00fcreci ge\u00e7irmi\u015f. Hem dilini geli\u015ftirmi\u015f, hem m\u00fczik piyasas\u0131n\u0131 tan\u0131m\u0131\u015f. S\u00f6z\u00fc Berksan ve G\u00fczide Seda Orcan\u2019a, m\u00fczi\u011fi Tura\u00e7 Berkay \u00d6zer\u2019e ait \u2018\u0130lla A\u015fk\u2019 i\u00e7in \u00e7ok u\u011fra\u015ft\u0131klar\u0131n\u0131 s\u00f6yl\u00fcyor Kerim. \u201cYetenekli bir m\u00fczisyen\u201d dedi\u011fi, ayn\u0131 zamanda orkestras\u0131n\u0131n da \u015fefi olan Emir Batkan yapm\u0131\u015f d\u00fczenlemeyi. \u015eark\u0131 ger\u00e7ekten de \u00e7ok dinamik. Orkestras\u0131 ile sahne haz\u0131rl\u0131klar\u0131 da yapan Kerim, \u201cRepertuar\u0131m\u0131zda nostaljik \u015fark\u0131lar da var, e\u011flenceli \u015fark\u0131lar da. Kenan Do\u011fulu ve Sezen Aksu\u2019dan da s\u00f6yl\u00fcyorum. \u0130ngilizce \u015fark\u0131lar\u0131m\u0131z da var. Hayalim kendi \u015fark\u0131lar\u0131m\u0131 muhte\u015fem sahnelerde s\u00f6ylemek.\u201d diyor.<\/span><\/p>\n<p class=\"p1\"><img loading=\"lazy\" decoding=\"async\" class=\"alignnone\" src=\"https:\/\/s11.postimg.org\/espa6huw3\/KER_M_LLA_A_K_55.jpg\" width=\"1280\" height=\"1920\" \/><\/p>\n<p class=\"p1\"><span class=\"s1\">Kerim\u2019e son olarak \u015f\u00f6hrete haz\u0131r olup olmad\u0131\u011f\u0131n\u0131, k\u0131zlar\u0131n sokakta \u00e7evirmeye ba\u015flay\u0131p ba\u015flamad\u0131\u011f\u0131n\u0131 soruyorum. \u015e\u00f6yle cevap veriyor \u201cSoka\u011fa pek \u00e7\u0131kma f\u0131rsat\u0131 bulam\u0131yorum o y\u00fczden hen\u00fcz kimse yolda \u00e7evirmedi! (g\u00fcl\u00fcyor) Ama sosyal medyada yo\u011fun bir ilgi var o beni \u00e7ok mutlu ediyor. Y\u00fczlerce mesaj geliyor. Tebrikler al\u0131yorum. Yeter ki ben \u00fcretmeye ve ba\u015far\u0131l\u0131 i\u015fler yapmaya devam edeyim. Dinleyenler beni hak etti\u011fim yere koyacakt\u0131r diye d\u00fc\u015f\u00fcn\u00fcyorum.\u201d <\/span><\/p>\n","protected":false},"excerpt":{"rendered":"<p>Yeni nesil pop\u00e7u erkeklere neredeyse yeti\u015filemiyor. M\u00fczik d\u00fcnyam\u0131zdaki yak\u0131\u015f\u0131kl\u0131lar\u0131n sonuncusu ise Avusturya&#8217;dan geliyor. Posa Gazetesi&#8217;nden U\u011fur Alkapar&#8217;\u0131n ke\u015ffedip, konu\u015fturdu\u011fu yeni yak\u0131\u015f\u0131kl\u0131 pop y\u0131ld\u0131z\u0131 Kerim, &#8221;\u0130lla&#8221; \u015fark\u0131s\u0131yla olduk\u00e7a iddial\u0131, hem de Alkapar&#8217;da ge\u00e7er not alm\u0131\u015f. \u0130\u015fte e\u015fsiz foto\u011fraflar\u0131 ve U\u011fur Alkapar&#8217;\u0131n anlat\u0131m\u0131yla Kerim:\u00a0 Son g\u00fcnlerde en \u00e7ok dinledi\u011fim \u015fark\u0131lar\u0131n ba\u015f\u0131nda d\u00fcnya yak\u0131\u015f\u0131kl\u0131s\u0131 Kerim\u2019in \u2018\u0130lla A\u015fk\u2019\u0131 geliyor. &hellip;<\/p>\n","protected":false},"author":1,"featured_media":32917,"comment_status":"closed","ping_status":"open","sticky":false,"template":"","format":"standard","meta":{"footnotes":""},"categories":[39,28],"tags":[5984,5982,275,5983],"class_list":["post-32916","post","type-post","status-publish","format-standard","has-post-thumbnail","","category-muzik","category-pop","tag-illa-ask","tag-kerim","tag-muzik-2","tag-ugur-alkapar"],"_links":{"self":[{"href":"http:\/\/www.gzone.com.tr\/index.php\/wp-json\/wp\/v2\/posts\/32916","targetHints":{"allow":["GET"]}}],"collection":[{"href":"http:\/\/www.gzone.com.tr\/index.php\/wp-json\/wp\/v2\/posts"}],"about":[{"href":"http:\/\/www.gzone.com.tr\/index.php\/wp-json\/wp\/v2\/types\/post"}],"author":[{"embeddable":true,"href":"http:\/\/www.gzone.com.tr\/index.php\/wp-json\/wp\/v2\/users\/1"}],"replies":[{"embeddable":true,"href":"http:\/\/www.gzone.com.tr\/index.php\/wp-json\/wp\/v2\/comments?post=32916"}],"version-history":[{"count":1,"href":"http:\/\/www.gzone.com.tr\/index.php\/wp-json\/wp\/v2\/posts\/32916\/revisions"}],"predecessor-version":[{"id":32918,"href":"http:\/\/www.gzone.com.tr\/index.php\/wp-json\/wp\/v2\/posts\/32916\/revisions\/32918"}],"wp:featuredmedia":[{"embeddable":true,"href":"http:\/\/www.gzone.com.tr\/index.php\/wp-json\/wp\/v2\/media\/32917"}],"wp:attachment":[{"href":"http:\/\/www.gzone.com.tr\/index.php\/wp-json\/wp\/v2\/media?parent=32916"}],"wp:term":[{"taxonomy":"category","embeddable":true,"href":"http:\/\/www.gzone.com.tr\/index.php\/wp-json\/wp\/v2\/categories?post=32916"},{"taxonomy":"post_tag","embeddable":true,"href":"http:\/\/www.gzone.com.tr\/index.php\/wp-json\/wp\/v2\/tags?post=32916"}],"curies":[{"name":"wp","href":"https:\/\/api.w.org\/{rel}","templated":true}]}}