{"id":32897,"date":"2016-09-06T11:10:22","date_gmt":"2016-09-06T08:10:22","guid":{"rendered":"http:\/\/gzone.com.tr\/?p=32897"},"modified":"2016-09-06T11:10:22","modified_gmt":"2016-09-06T08:10:22","slug":"almanyada-irkci-ve-homofobik-partiye-destek-buyuyor","status":"publish","type":"post","link":"http:\/\/www.gzone.com.tr\/index.php\/2016\/09\/06\/almanyada-irkci-ve-homofobik-partiye-destek-buyuyor\/","title":{"rendered":"ALMANYA&#8217;DA IRK\u00c7I VE HOMOFOB\u0130K PART\u0130YE DESTEK B\u00dcY\u00dcYOR"},"content":{"rendered":"<p class=\"p1\"><strong><span class=\"s1\">Almanya&#8217;n\u0131n Mecklenburg Vorpommern eyaletinde d\u00fcn yap\u0131lan parlamento se\u00e7imlerinin tek kazanan\u0131 \u0131rk\u00e7\u0131 s\u00f6ylemleriyle bilinen Almanya i\u00e7in Alternatif Partisi (AfD) oldu. Resmi olmayan sonu\u00e7lara g\u00f6re, di\u011fer b\u00fct\u00fcn partiler oy kaybederken AfD, ilk kez girdi\u011fi se\u00e7imde y\u00fczde 20.8 oy ald\u0131. 16 eyaletten dokuzunda temsil edilen AfD&#8217;nin 2017 sonbahar\u0131nda Federal Parlamento&#8217;ya girmesine kesin g\u00f6z\u00fcyle bak\u0131l\u0131yor.<\/span><\/strong><\/p>\n<p class=\"p1\"><span class=\"s1\">Almanya&#8217;da, Avrupa&#8217;da \u0131rk\u00e7\u0131 ve a\u015f\u0131r\u0131 sa\u011f partilerin y\u00fckseli\u015fte oldu\u011fu olgusunu besleyen bir geli\u015fme daha ya\u015fand\u0131. Mecklenburg Vorpommern&#8217;deki parlamento se\u00e7iminde di\u011fer partiler oy kaybederken A\u015f\u0131r\u0131 sa\u011fc\u0131 Almanya i\u00e7in Alternatif Partisi (AfD) ilk kez girdi\u011fi se\u00e7imden ikinci parti \u00e7\u0131kt\u0131.<\/span><\/p>\n<p class=\"p1\"><span class=\"s1\">Almanya&#8217;n\u0131n yakla\u015f\u0131k 1.3 milyon se\u00e7men n\u00fcfusu bulunan Mecklenburg Vorpommern eyaletinde d\u00fcn 71 sandalyeli parlamento i\u00e7in se\u00e7imler yap\u0131ld\u0131. 17 partinin yar\u0131\u015ft\u0131\u011f\u0131 se\u00e7imlere se\u00e7menlerin y\u00fczde 61.6&#8217;s\u0131 kat\u0131ld\u0131. Resmi olmayan sonu\u00e7lara g\u00f6re ise, d\u00f6rt parti meclise girmeyi ba\u015fard\u0131.<\/span><\/p>\n<p class=\"p1\"><span class=\"s1\">Bu sonu\u00e7lara g\u00f6re, SPD oylar\u0131n y\u00fczde 30.6&#8217;s\u0131n\u0131 alarak 26 milletvekili ile en g\u00fc\u00e7l\u00fc parti oldu. AfD ise y\u00fczde 20.8 ile SPD&#8217;nin ard\u0131ndan en y\u00fcksek oyu alan ikinci parti oldu. AfD ilk kez girdi\u011fi parlamentoda 18 milletvekilli\u011fi ald\u0131.<\/span><\/p>\n<p class=\"p1\"><span class=\"s1\">AfD&#8217;nin gerisinde kalan Ba\u015fbakan Angela Merkel&#8217;in partisi Hristiyan Demokrat CDU ise, Merkel&#8217;in kendi memleketinde y\u00fczde 19 oran\u0131nda oy alabildi. Merkel&#8217;in CDU&#8217;su 16 milletvekilli\u011fi elde etti.<\/span><\/p>\n<p class=\"p1\"><span class=\"s1\">Mecklenburg Vorpommern Eyalet Meclisine girmeyi ba\u015faran d\u00f6rd\u00fcnc\u00fc parti ise Sol Parti oldu. Y\u00fczde 13.2 oy alan Sol Parti 11 milletvekilli\u011fi elde etti.<\/span><\/p>\n<p class=\"p1\"><span class=\"s1\">Y\u00fczde 4.8 oy oran\u0131yla baraj\u0131 a\u015famayarak parlamento d\u0131\u015f\u0131n kalan Ye\u015filler Partisi gibi, y\u00fczde 3.0 oran\u0131nda oy elde eden \u0131rk\u00e7\u0131 parti NPD ve H\u00fcr Demokrat Parti FDP de parlamentoya giremedi.<\/span><\/p>\n<p class=\"p1\"><span class=\"s1\">Mecklenburg Vorpommern zaferinin ard\u0131ndan AfD, Almanya&#8217;n\u0131n 16 eyaletinden dokuzunda eyalet parlamentolar\u0131nda temsil edilmeye ba\u015fland\u0131. AfD&#8217;nin 2017 sonbahar\u0131nda yap\u0131lacak genel se\u00e7imlerde Federal Parlamento&#8217;ya girmesine de kesin g\u00f6z\u00fcyle bak\u0131l\u0131yor.<\/span><\/p>\n<p class=\"p1\"><span class=\"s1\">Irk\u00e7\u0131 bir \u00e7izgide, yabanc\u0131lar, Yahudiler ve LGBT\u0130 bireylerle ilgili nefret ve d\u00fc\u015fmanl\u0131k s\u00f6ylemine sahip olan parti, muhafazakar ve dindar bir toplum modelinin propagandas\u0131n\u0131 yap\u0131yor. Toplumsal a\u00e7\u0131dan son derece tutucu olan parti ekonomik a\u00e7\u0131dan ise liberal bir s\u00f6yleme sahip. Genel Ba\u015fkan\u0131 Bernd Lucke ve yard\u0131mc\u0131s\u0131 Frauke Petry, s\u0131k s\u0131k protestolara maruz kal\u0131yor.<\/span><\/p>\n","protected":false},"excerpt":{"rendered":"<p>Almanya&#8217;n\u0131n Mecklenburg Vorpommern eyaletinde d\u00fcn yap\u0131lan parlamento se\u00e7imlerinin tek kazanan\u0131 \u0131rk\u00e7\u0131 s\u00f6ylemleriyle bilinen Almanya i\u00e7in Alternatif Partisi (AfD) oldu. Resmi olmayan sonu\u00e7lara g\u00f6re, di\u011fer b\u00fct\u00fcn partiler oy kaybederken AfD, ilk kez girdi\u011fi se\u00e7imde y\u00fczde 20.8 oy ald\u0131. 16 eyaletten dokuzunda temsil edilen AfD&#8217;nin 2017 sonbahar\u0131nda Federal Parlamento&#8217;ya girmesine kesin g\u00f6z\u00fcyle bak\u0131l\u0131yor. Almanya&#8217;da, Avrupa&#8217;da \u0131rk\u00e7\u0131 ve &hellip;<\/p>\n","protected":false},"author":1,"featured_media":32898,"comment_status":"closed","ping_status":"open","sticky":false,"template":"","format":"standard","meta":{"footnotes":""},"categories":[92,91],"tags":[5978,641,113,112,465],"class_list":["post-32897","post","type-post","status-publish","format-standard","has-post-thumbnail","","category-dunya","category-haberler","tag-afd","tag-almanya","tag-dunya-2","tag-haberler-2","tag-homofobi"],"_links":{"self":[{"href":"http:\/\/www.gzone.com.tr\/index.php\/wp-json\/wp\/v2\/posts\/32897","targetHints":{"allow":["GET"]}}],"collection":[{"href":"http:\/\/www.gzone.com.tr\/index.php\/wp-json\/wp\/v2\/posts"}],"about":[{"href":"http:\/\/www.gzone.com.tr\/index.php\/wp-json\/wp\/v2\/types\/post"}],"author":[{"embeddable":true,"href":"http:\/\/www.gzone.com.tr\/index.php\/wp-json\/wp\/v2\/users\/1"}],"replies":[{"embeddable":true,"href":"http:\/\/www.gzone.com.tr\/index.php\/wp-json\/wp\/v2\/comments?post=32897"}],"version-history":[{"count":1,"href":"http:\/\/www.gzone.com.tr\/index.php\/wp-json\/wp\/v2\/posts\/32897\/revisions"}],"predecessor-version":[{"id":32899,"href":"http:\/\/www.gzone.com.tr\/index.php\/wp-json\/wp\/v2\/posts\/32897\/revisions\/32899"}],"wp:featuredmedia":[{"embeddable":true,"href":"http:\/\/www.gzone.com.tr\/index.php\/wp-json\/wp\/v2\/media\/32898"}],"wp:attachment":[{"href":"http:\/\/www.gzone.com.tr\/index.php\/wp-json\/wp\/v2\/media?parent=32897"}],"wp:term":[{"taxonomy":"category","embeddable":true,"href":"http:\/\/www.gzone.com.tr\/index.php\/wp-json\/wp\/v2\/categories?post=32897"},{"taxonomy":"post_tag","embeddable":true,"href":"http:\/\/www.gzone.com.tr\/index.php\/wp-json\/wp\/v2\/tags?post=32897"}],"curies":[{"name":"wp","href":"https:\/\/api.w.org\/{rel}","templated":true}]}}