{"id":32675,"date":"2016-08-29T22:33:26","date_gmt":"2016-08-29T19:33:26","guid":{"rendered":"http:\/\/gzone.com.tr\/?p=32675"},"modified":"2016-08-29T22:33:26","modified_gmt":"2016-08-29T19:33:26","slug":"kivanc-tatlitugnun-yeni-dizisinin-konusu-ortaya-cikti","status":"publish","type":"post","link":"http:\/\/www.gzone.com.tr\/index.php\/2016\/08\/29\/kivanc-tatlitugnun-yeni-dizisinin-konusu-ortaya-cikti\/","title":{"rendered":"KIVAN\u00c7 TATLITU\u011e&#8217;NUN YEN\u0130 D\u0130Z\u0130S\u0130N\u0130N KONUSU ORTAYA \u00c7IKTI"},"content":{"rendered":"<p class=\"spot\"><strong>K\u0131van\u00e7 Tatl\u0131tu\u011f ile Tuba B\u00fcy\u00fck\u00fcst\u00fcn&#8217;\u00fcn ba\u015frolleri payla\u015faca\u011f\u0131 &#8216;Cesur ve G\u00fczel&#8217; adl\u0131 dizinin konusu belli oldu.<\/strong><\/p>\n<p class=\"p1\"><span class=\"s1\">Ge\u00e7en hafta dizi d\u00fcnyas\u0131nda \u015fok bir geli\u015fme ya\u015fanm\u0131\u015f ve K\u0131van\u00e7 Tatl\u0131tu\u011f ile Tuba B\u00fcy\u00fck\u00fcst\u00fcn&#8217;\u00fcn ba\u015frollerini payla\u015faca\u011f\u0131, mekanlar\u0131na bak\u0131lan, oyuncu kadrosu bile tamamlanmak \u00fczere olan &#8216;Siyah Beyaz&#8217; dizisi aniden iptal edilmi\u015fti. Her iki oyuncunun da karakter yap\u0131lar\u0131n\u0131n kendilerine uygun olmad\u0131\u011f\u0131n\u0131 d\u00fc\u015f\u00fcnd\u00fckleri dizide rol almay\u0131 risk olarak g\u00f6rd\u00fckleri ortaya \u00e7\u0131km\u0131\u015ft\u0131. Bu durum, bir y\u0131ld\u0131r dizi \u00fczerinde \u00e7al\u0131\u015fan, hikayeyi defalarca tekrar kaleme almak zorunda kalan senaristler Sema Ergenekon ile Eylem Canpolat&#8217;\u0131n moralini fena halde bozmu\u015ftu.<\/span><\/p>\n<p class=\"p1\"><strong><span class=\"s1\">MAFYA D\u0130Z\u0130S\u0130NDE OLMAK \u0130STEMED\u0130<\/span><\/strong><\/p>\n<p class=\"p1\"><span class=\"s1\">\u00d6zellikle Tuba B\u00fcy\u00fck\u00fcst\u00fcn&#8217;\u00fcn erkek a\u011f\u0131rl\u0131kl\u0131 mafya projelerinde oynamay\u0131 istemedi\u011fi kulaktan kula\u011fa yay\u0131lm\u0131\u015ft\u0131. Yap\u0131m \u015firketi, bu soruna \u00e7\u00f6z\u00fcm buldu ve bir k\u00f6\u015fede bekletti\u011fi, Ece Y\u00f6ren\u00e7 imzal\u0131 &#8216;Cesur ve G\u00fczel&#8217; dizisini g\u00fcndemine ald\u0131. K\u0131van\u00e7 Tatl\u0131tu\u011f&#8217;un &#8216;Kurt Seyit&#8217; ve \u00c7a\u011fatay Ulusoy&#8217;un &#8216;Medcezir&#8217; dizilerini ayn\u0131 anda yazd\u0131\u011f\u0131 d\u00f6nemde \u00e7ok yorulan Ece Y\u00f6ren\u00e7, bir s\u00fcredir yazmaya ara vermi\u015f ve d\u00fcnyay\u0131 gezmeye ba\u015flam\u0131\u015ft\u0131. B\u00f6ylece Y\u00f6ren\u00e7 de, yeniden dizi piyasas\u0131na d\u00f6nm\u00fc\u015f oldu.<\/span><\/p>\n<p class=\"p1\"><strong><span class=\"s1\">&#8216;CESUR VE G\u00dcZEL&#8217;\u0130N KONUSU<\/span><\/strong><\/p>\n<p class=\"p1\"><span class=\"s1\">U\u00e7anku\u015f&#8217;un haberine g\u00f6re; Tuba B\u00fcy\u00fck\u00fcst\u00fcn ve K\u0131van\u00e7 Tatl\u0131tu\u011f, yeni dizilerinin hikayesini be\u011fendi. Ali Bilgin&#8217;in y\u00f6netmen koltu\u011funda oturaca\u011f\u0131 dizide; Tatl\u0131tu\u011f, &#8216;Cesur&#8217; adl\u0131 gizemli bir adam rol\u00fcne hayat verecek. <\/span><\/p>\n<p class=\"p1\"><span class=\"s1\">Dizinin konusu \u015f\u00f6yle:<\/span><\/p>\n<p class=\"p1\"><span class=\"s1\">&#8220;Bir g\u00fcn &#8216;Cesur&#8217; adl\u0131 yak\u0131\u015f\u0131kl\u0131 ve etkileyici bir adam b\u00fcy\u00fck \u015fehirden bir k\u0131rsal kasabaya gelip yerle\u015fir. Herkesi kendisine hayran b\u0131rakan bu gizemli yak\u0131\u015f\u0131kl\u0131 o b\u00f6lgenin toprak zengini olan, aile \u015firketlerinin i\u015flerine bakan g\u00fczelli\u011fi dillere destan &#8216;S\u00fcphan&#8217; ile yani Tuba B\u00fcy\u00fck\u00fcst\u00fcn&#8217;le tan\u0131\u015f\u0131r. \u0130ki gen\u00e7 aras\u0131nda tutkulu bir a\u015fk ba\u015flar. Ancak her 2 gencin de bilmedi\u011fi \u00e7ok \u015fey vard\u0131r. Asl\u0131nda aileleri ge\u00e7mi\u015ften beri d\u00fc\u015fmand\u0131r, babalar\u0131n\u0131n karanl\u0131k y\u00fczlerinden ve kapanmam\u0131\u015f hesaplar\u0131ndan her ikisi de habersizdir. B\u00fcy\u00fck a\u015fka bu y\u00fczden aile g\u00f6lgesi d\u00fc\u015fer, iki a\u015f\u0131\u011f\u0131n mutluluk hayali ailelerinin kar\u015f\u0131 \u00e7\u0131kmas\u0131yla imkans\u0131z bir a\u015fka d\u00f6n\u00fc\u015f\u00fcr. Araya aile b\u00fcy\u00fckleri girer. Bu arada &#8216;Cesur&#8217;un o k\u0131rsal b\u00f6lgeye neden geldi\u011fi, merak edilen esrarl\u0131 \u00f6yk\u00fcs\u00fc de zaman i\u00e7inde ortaya \u00e7\u0131kar.&#8217;<\/span><\/p>\n<p class=\"p1\"><strong><span class=\"s1\">\u00c7EK\u0130MLER 20 EYL\u00dcL&#8217;DE BA\u015eLIYOR<\/span><\/strong><\/p>\n<p class=\"p1\"><span class=\"s1\">&#8216;Cesur ve G\u00fczel&#8217;in \u00e7ekimleri Kurban Bayram\u0131 sonras\u0131 yani 20 Eyl\u00fcl itibariyle ba\u015fl\u0131yor. Ekim ay\u0131na yeti\u015ftirilmeye \u00e7al\u0131\u015f\u0131lan diziye \u0130stanbul yak\u0131nlar\u0131nda Durusu ve \u00c7atalca gibi b\u00f6lgelerde uygun \u00e7iftlik ve kasaba g\u00f6r\u00fcn\u00fcml\u00fc mekanlar bak\u0131l\u0131yor.<\/span><\/p>\n<p class=\"p1\"><span class=\"s1\">&#8216;Cesur ve G\u00fczel&#8217;in senaryosu teklif g\u00f6t\u00fcr\u00fclen oyunculara da h\u0131zl\u0131 bir \u015fekilde g\u00f6nderilmeye ba\u015fland\u0131. Bu isimlerden biri de &#8216;Siyah Beyaz&#8217; dizisinde K\u0131van\u00e7 Tatl\u0131tu\u011f&#8217;un annesi rol\u00fc i\u00e7in el s\u0131k\u0131\u015f\u0131lan Devrim Yakut&#8230; Sevilen oyuncu, \u015fu g\u00fcnlerde yeni senaryoyu okuyor ve b\u00fcy\u00fck bir ihtimalle yeni dizinin kadrosunda da yer alacak.<\/span><\/p>\n<p class=\"p1\">Kaynak: Milliyet<\/p>\n","protected":false},"excerpt":{"rendered":"<p>K\u0131van\u00e7 Tatl\u0131tu\u011f ile Tuba B\u00fcy\u00fck\u00fcst\u00fcn&#8217;\u00fcn ba\u015frolleri payla\u015faca\u011f\u0131 &#8216;Cesur ve G\u00fczel&#8217; adl\u0131 dizinin konusu belli oldu. Ge\u00e7en hafta dizi d\u00fcnyas\u0131nda \u015fok bir geli\u015fme ya\u015fanm\u0131\u015f ve K\u0131van\u00e7 Tatl\u0131tu\u011f ile Tuba B\u00fcy\u00fck\u00fcst\u00fcn&#8217;\u00fcn ba\u015frollerini payla\u015faca\u011f\u0131, mekanlar\u0131na bak\u0131lan, oyuncu kadrosu bile tamamlanmak \u00fczere olan &#8216;Siyah Beyaz&#8217; dizisi aniden iptal edilmi\u015fti. Her iki oyuncunun da karakter yap\u0131lar\u0131n\u0131n kendilerine uygun olmad\u0131\u011f\u0131n\u0131 d\u00fc\u015f\u00fcnd\u00fckleri &hellip;<\/p>\n","protected":false},"author":1,"featured_media":32676,"comment_status":"closed","ping_status":"open","sticky":false,"template":"","format":"standard","meta":{"footnotes":""},"categories":[28,61],"tags":[5938,592,841,922,2787],"class_list":["post-32675","post","type-post","status-publish","format-standard","has-post-thumbnail","","category-pop","category-sinematv","tag-cesur-ve-guzel","tag-dizi","tag-kivanc-tatlitug","tag-televizyon","tag-tuba-buyukustun"],"_links":{"self":[{"href":"http:\/\/www.gzone.com.tr\/index.php\/wp-json\/wp\/v2\/posts\/32675","targetHints":{"allow":["GET"]}}],"collection":[{"href":"http:\/\/www.gzone.com.tr\/index.php\/wp-json\/wp\/v2\/posts"}],"about":[{"href":"http:\/\/www.gzone.com.tr\/index.php\/wp-json\/wp\/v2\/types\/post"}],"author":[{"embeddable":true,"href":"http:\/\/www.gzone.com.tr\/index.php\/wp-json\/wp\/v2\/users\/1"}],"replies":[{"embeddable":true,"href":"http:\/\/www.gzone.com.tr\/index.php\/wp-json\/wp\/v2\/comments?post=32675"}],"version-history":[{"count":1,"href":"http:\/\/www.gzone.com.tr\/index.php\/wp-json\/wp\/v2\/posts\/32675\/revisions"}],"predecessor-version":[{"id":32677,"href":"http:\/\/www.gzone.com.tr\/index.php\/wp-json\/wp\/v2\/posts\/32675\/revisions\/32677"}],"wp:featuredmedia":[{"embeddable":true,"href":"http:\/\/www.gzone.com.tr\/index.php\/wp-json\/wp\/v2\/media\/32676"}],"wp:attachment":[{"href":"http:\/\/www.gzone.com.tr\/index.php\/wp-json\/wp\/v2\/media?parent=32675"}],"wp:term":[{"taxonomy":"category","embeddable":true,"href":"http:\/\/www.gzone.com.tr\/index.php\/wp-json\/wp\/v2\/categories?post=32675"},{"taxonomy":"post_tag","embeddable":true,"href":"http:\/\/www.gzone.com.tr\/index.php\/wp-json\/wp\/v2\/tags?post=32675"}],"curies":[{"name":"wp","href":"https:\/\/api.w.org\/{rel}","templated":true}]}}