{"id":32506,"date":"2016-08-23T17:19:12","date_gmt":"2016-08-23T14:19:12","guid":{"rendered":"http:\/\/gzone.com.tr\/?p=32506"},"modified":"2016-08-23T17:19:12","modified_gmt":"2016-08-23T14:19:12","slug":"galeri-berlinde-sadece-lezbiyenlere-ozel-mezarlik","status":"publish","type":"post","link":"http:\/\/www.gzone.com.tr\/index.php\/2016\/08\/23\/galeri-berlinde-sadece-lezbiyenlere-ozel-mezarlik\/","title":{"rendered":"GALER\u0130: BERL\u0130N&#8217;DE SADECE LEZB\u0130YENLERE \u00d6ZEL MEZARLIK"},"content":{"rendered":"<p><strong>Berlin&#8217;de bulunan\u00a0Georgen Parochial\u00a0Mezarl\u0131\u011f\u0131&#8217;n\u0131n i\u00e7erisinde bir alan sat\u0131n alan lezbiyen grup Safia, bu alan\u0131 sadece lezbiyenlere \u00f6zel bir mezar alan\u0131na \u00e7eviriyor.\u00a0<\/strong><\/p>\n<p>Yakla\u015f\u0131k iki y\u0131l \u00f6nce, Berlin&#8217;de bulunan\u00a0Georgen Parochial\u00a0Mezarl\u0131\u011f\u0131 i\u00e7erisinde yakla\u015f\u0131k 130.000 metrekarelik bir alan\u0131 sat\u0131n alan Safia isimli, orta ya\u015fl\u0131 ve ya\u015fl\u0131 lezbiyenlerden olu\u015fan grup, bu b\u00f6lgeyi kendilerine \u00f6zel bir mezarl\u0131\u011fa d\u00f6n\u00fc\u015ft\u00fcr\u00fcyor. Kendi aralar\u0131nda para biriktirerek bu alan\u0131 sat\u0131n ald\u0131klar\u0131n\u0131 s\u00f6yleyen, grup \u00fcyesi\u00a0Astrid Osterland, &#8221;Burada beraber ya\u015fayan, sava\u015fan, a\u015f\u0131k olan, yani hayatlar\u0131n\u0131 beraber s\u00fcrd\u00fcrm\u00fc\u015f bir grup insan olarak beraber g\u00f6m\u00fclme iste\u011fi s\u00f6z konusu&#8221; dedi.<\/p>\n<p>Grup \u00fcyelerinin her biri aras\u0131nda b\u00f6l\u00fc\u015ft\u00fcr\u00fclerek sat\u0131n al\u0131nan alanda, gruba dahil t\u00fcm kad\u0131nlara bir mezar alan\u0131 temin edildi\u011fi a\u00e7\u0131klan\u0131rken, Osterland s\u00fcreci \u015fu \u015fekilde dile getirdi: &#8221;Bir\u00e7ok mezarl\u0131\u011f\u0131 gezdik ve sonunda buraya karar k\u0131ld\u0131k. Hem dekorasyon a\u00e7\u0131s\u0131ndan \u00e7ok ho\u015fumuza gitti, hem de buran\u0131n huzurlu oldu\u011funun karar\u0131na vard\u0131k.&#8221;<\/p>\n<p>LGBT bireylere \u00f6zel mezar alanlar\u0131n\u0131n art\u0131k bir\u00e7ok \u00fclkede mevcut oldu\u011funu s\u00f6yleyen Osterland, bu gelene\u011fin ilk olarak 2008 y\u0131l\u0131nda Danimarka&#8217;da ba\u015flad\u0131\u011f\u0131n\u0131 s\u00f6yl\u00fcyor. &#8221;Buras\u0131 anti-erkek bir mezar alan\u0131 de\u011fil ama bizler burada erkek v\u00fccudu olmas\u0131n\u0131 tercih etmiyoruz&#8221; s\u00f6zleriyle konsepti \u00f6zetleyen Safia s\u00f6zc\u00fcs\u00fc, \u015fu anda 80 tane ceset i\u00e7in alanlar\u0131 oldu\u011funu s\u00f6yledi.<\/p>\n<p>&nbsp;<\/p>\n<p><img decoding=\"async\" src=\"http:\/\/s3.postimg.org\/ltvk9wetf\/Getty_Images_472571812_1471906333.jpg\" alt=\"Getty Images 472571812 1471906333\" border=\"0\" \/><\/p>\n<p><img decoding=\"async\" src=\"http:\/\/s3.postimg.org\/w6huvz8cj\/Getty_Images_597697385_1471906384.jpg\" alt=\"Getty Images 597697385 1471906384\" border=\"0\" \/><\/p>\n<p><img decoding=\"async\" src=\"http:\/\/s3.postimg.org\/g6z7cfcar\/lutheran_Georgen_Parochial_cemetery_in_Prenzlaue.jpg\" alt=\"lutheran Georgen Parochial cemetery in Prenzlaue\" border=\"0\" \/><\/p>\n","protected":false},"excerpt":{"rendered":"<p>Berlin&#8217;de bulunan\u00a0Georgen Parochial\u00a0Mezarl\u0131\u011f\u0131&#8217;n\u0131n i\u00e7erisinde bir alan sat\u0131n alan lezbiyen grup Safia, bu alan\u0131 sadece lezbiyenlere \u00f6zel bir mezar alan\u0131na \u00e7eviriyor.\u00a0 Yakla\u015f\u0131k iki y\u0131l \u00f6nce, Berlin&#8217;de bulunan\u00a0Georgen Parochial\u00a0Mezarl\u0131\u011f\u0131 i\u00e7erisinde yakla\u015f\u0131k 130.000 metrekarelik bir alan\u0131 sat\u0131n alan Safia isimli, orta ya\u015fl\u0131 ve ya\u015fl\u0131 lezbiyenlerden olu\u015fan grup, bu b\u00f6lgeyi kendilerine \u00f6zel bir mezarl\u0131\u011fa d\u00f6n\u00fc\u015ft\u00fcr\u00fcyor. Kendi aralar\u0131nda para biriktirerek &hellip;<\/p>\n","protected":false},"author":1,"featured_media":32507,"comment_status":"closed","ping_status":"open","sticky":false,"template":"","format":"standard","meta":{"footnotes":""},"categories":[720],"tags":[641,640,2409,119,5909,5908,5910,729],"class_list":["post-32506","post","type-post","status-publish","format-standard","has-post-thumbnail","","category-escinselyasam","tag-almanya","tag-berlin","tag-escinsel-yasam","tag-lezbiyen","tag-lezbiyen-mezarligi","tag-mezarlik","tag-safia","tag-yasam-2"],"_links":{"self":[{"href":"http:\/\/www.gzone.com.tr\/index.php\/wp-json\/wp\/v2\/posts\/32506","targetHints":{"allow":["GET"]}}],"collection":[{"href":"http:\/\/www.gzone.com.tr\/index.php\/wp-json\/wp\/v2\/posts"}],"about":[{"href":"http:\/\/www.gzone.com.tr\/index.php\/wp-json\/wp\/v2\/types\/post"}],"author":[{"embeddable":true,"href":"http:\/\/www.gzone.com.tr\/index.php\/wp-json\/wp\/v2\/users\/1"}],"replies":[{"embeddable":true,"href":"http:\/\/www.gzone.com.tr\/index.php\/wp-json\/wp\/v2\/comments?post=32506"}],"version-history":[{"count":1,"href":"http:\/\/www.gzone.com.tr\/index.php\/wp-json\/wp\/v2\/posts\/32506\/revisions"}],"predecessor-version":[{"id":32508,"href":"http:\/\/www.gzone.com.tr\/index.php\/wp-json\/wp\/v2\/posts\/32506\/revisions\/32508"}],"wp:featuredmedia":[{"embeddable":true,"href":"http:\/\/www.gzone.com.tr\/index.php\/wp-json\/wp\/v2\/media\/32507"}],"wp:attachment":[{"href":"http:\/\/www.gzone.com.tr\/index.php\/wp-json\/wp\/v2\/media?parent=32506"}],"wp:term":[{"taxonomy":"category","embeddable":true,"href":"http:\/\/www.gzone.com.tr\/index.php\/wp-json\/wp\/v2\/categories?post=32506"},{"taxonomy":"post_tag","embeddable":true,"href":"http:\/\/www.gzone.com.tr\/index.php\/wp-json\/wp\/v2\/tags?post=32506"}],"curies":[{"name":"wp","href":"https:\/\/api.w.org\/{rel}","templated":true}]}}