{"id":32113,"date":"2016-08-14T00:54:38","date_gmt":"2016-08-13T21:54:38","guid":{"rendered":"http:\/\/gzone.com.tr\/?p=32113"},"modified":"2016-08-14T00:54:38","modified_gmt":"2016-08-13T21:54:38","slug":"yeni-bir-osmanli-sehzadesi-dunyaya-geldi","status":"publish","type":"post","link":"http:\/\/www.gzone.com.tr\/index.php\/2016\/08\/14\/yeni-bir-osmanli-sehzadesi-dunyaya-geldi\/","title":{"rendered":"YEN\u0130 B\u0130R OSMANLI \u015eEHZADES\u0130 D\u00dcNYAYA GELD\u0130"},"content":{"rendered":"<p class=\"p1\"><strong><span class=\"s1\">Osmanl\u0131 hanedan ailesine yeni bir \u015fehzade daha eklendi. Sultan \u0130kinci Abd\u00fclhamid Han\u2019\u0131n 5&#8217;inci ku\u015fak torunu Abd\u00fclaziz Osmano\u011flu d\u00fcnyaya geldi. Bu do\u011fumun ard\u0131ndan hayattaki Osmanl\u0131 \u015fehzadesi say\u0131s\u0131 26 oldu.<\/span><\/strong><\/p>\n<p class=\"p1\"><span class=\"s1\">Osmanl\u0131 hanedan\u0131 \u00fcyesi \u015eehzade Harun Osmano\u011flu, dokuzuncu torununa kavu\u015ftu. Abd\u00fclhamid Kay\u0131han ve Walaa Osmano\u011flu \u00e7iftinin ikinci \u00e7ocu\u011fu olan ve Muhammed Abd\u00fclaziz ismi verilen k\u00fc\u00e7\u00fck \u015fehzade, 11 A\u011fustos 2016 g\u00fcn\u00fc Bah\u00e7elievler&#8217;deki \u00f6zel bir hastanede saat 10.00\u2019da ger\u00e7ekle\u015ftirilen ba\u015far\u0131l\u0131 bir operasyonla d\u00fcnyaya geldi. Hastanede Abd\u00fclhamid Kay\u0131han ve Walaa Osmano\u011flu \u00e7iftinin ailesi, k\u00fc\u00e7\u00fck \u015fehzadenin dedesi Harun Osmano\u011flu, babaannesi Farizet Osmano\u011flu, halas\u0131 Nurhan Osmano\u011flu, anneannesi Najwa Ghuniem ve abisi Harun Osmano\u011flu 26&#8217;nc\u0131 \u015fehzadenin hayata gelmesini bekledi.<\/span><\/p>\n<p class=\"p1\"><strong><span class=\"s1\">\u0130stanbul\u2019da do\u011fan ilk \u015fehzade unvan\u0131n\u0131 ta\u015f\u0131yor<\/span><\/strong><\/p>\n<p class=\"p1\"><span class=\"s1\">K\u00fc\u00e7\u00fck \u015fehzadenin dedesi, 34. Osmanl\u0131 Padi\u015fah\u0131 Sultan \u0130kinci Abd\u00fclhamid Han\u2019\u0131n 3&#8217;\u00fcnc\u00fc ku\u015fak torunu Harun Osmano\u011flu, ikisi erkek, biri k\u0131z \u00fc\u00e7 \u00e7ocu\u011fu, 9 torunu ve iki de torun \u00e7ocu\u011fu ile \u0130stanbul\u2019da ya\u015f\u0131yor. Minik \u015fehzadenin babas\u0131 Abd\u00fclhamid Kay\u0131han Osmano\u011flu ise Hanedan ailesine uygulanan 50 y\u0131ll\u0131k s\u00fcrg\u00fcn\u00fcn 1974\u2019te bitmesinden sonra \u0130stanbul\u2019da do\u011fan ilk \u015fehzade unvan\u0131n\u0131 ta\u015f\u0131yor.<\/span><\/p>\n<p class=\"p1\"><strong><span class=\"s1\">Hayattaki Osmanl\u0131 \u015fehzadesi say\u0131s\u0131 26<\/span><\/strong><\/p>\n<p class=\"p1\"><span class=\"s1\">Osmanl\u0131 hanedan\u0131na mensup, halen hayatta olan 26 \u015fehzadeden en ya\u015fl\u0131s\u0131, Sultan Abd\u00fclmecid Han\u2019\u0131n 3&#8217;\u00fcnc\u00fc ku\u015fak torunu olan 1924 do\u011fumlu Osman Bayezid Efendi. Yeni do\u011fan Abd\u00fclaziz Efendi ise Sultan \u0130kinci Abd\u00fclhamid Han\u2019\u0131n 5&#8217;inci ku\u015fak torunu. En ya\u015fl\u0131 ile en gen\u00e7 \u015fehzade aras\u0131ndaki ya\u015f fark\u0131 92.<\/span><\/p>\n<p class=\"p1\">Kaynak: CnnTurk<\/p>\n","protected":false},"excerpt":{"rendered":"<p>Osmanl\u0131 hanedan ailesine yeni bir \u015fehzade daha eklendi. Sultan \u0130kinci Abd\u00fclhamid Han\u2019\u0131n 5&#8217;inci ku\u015fak torunu Abd\u00fclaziz Osmano\u011flu d\u00fcnyaya geldi. Bu do\u011fumun ard\u0131ndan hayattaki Osmanl\u0131 \u015fehzadesi say\u0131s\u0131 26 oldu. Osmanl\u0131 hanedan\u0131 \u00fcyesi \u015eehzade Harun Osmano\u011flu, dokuzuncu torununa kavu\u015ftu. Abd\u00fclhamid Kay\u0131han ve Walaa Osmano\u011flu \u00e7iftinin ikinci \u00e7ocu\u011fu olan ve Muhammed Abd\u00fclaziz ismi verilen k\u00fc\u00e7\u00fck \u015fehzade, 11 A\u011fustos &hellip;<\/p>\n","protected":false},"author":1,"featured_media":32114,"comment_status":"closed","ping_status":"open","sticky":false,"template":"","format":"standard","meta":{"footnotes":""},"categories":[91,96],"tags":[112,5832,5833,529],"class_list":["post-32113","post","type-post","status-publish","format-standard","has-post-thumbnail","","category-haberler","category-turkiye","tag-haberler-2","tag-osmanogullari","tag-sehzade","tag-turkiye-2"],"_links":{"self":[{"href":"http:\/\/www.gzone.com.tr\/index.php\/wp-json\/wp\/v2\/posts\/32113","targetHints":{"allow":["GET"]}}],"collection":[{"href":"http:\/\/www.gzone.com.tr\/index.php\/wp-json\/wp\/v2\/posts"}],"about":[{"href":"http:\/\/www.gzone.com.tr\/index.php\/wp-json\/wp\/v2\/types\/post"}],"author":[{"embeddable":true,"href":"http:\/\/www.gzone.com.tr\/index.php\/wp-json\/wp\/v2\/users\/1"}],"replies":[{"embeddable":true,"href":"http:\/\/www.gzone.com.tr\/index.php\/wp-json\/wp\/v2\/comments?post=32113"}],"version-history":[{"count":1,"href":"http:\/\/www.gzone.com.tr\/index.php\/wp-json\/wp\/v2\/posts\/32113\/revisions"}],"predecessor-version":[{"id":32115,"href":"http:\/\/www.gzone.com.tr\/index.php\/wp-json\/wp\/v2\/posts\/32113\/revisions\/32115"}],"wp:featuredmedia":[{"embeddable":true,"href":"http:\/\/www.gzone.com.tr\/index.php\/wp-json\/wp\/v2\/media\/32114"}],"wp:attachment":[{"href":"http:\/\/www.gzone.com.tr\/index.php\/wp-json\/wp\/v2\/media?parent=32113"}],"wp:term":[{"taxonomy":"category","embeddable":true,"href":"http:\/\/www.gzone.com.tr\/index.php\/wp-json\/wp\/v2\/categories?post=32113"},{"taxonomy":"post_tag","embeddable":true,"href":"http:\/\/www.gzone.com.tr\/index.php\/wp-json\/wp\/v2\/tags?post=32113"}],"curies":[{"name":"wp","href":"https:\/\/api.w.org\/{rel}","templated":true}]}}