{"id":32069,"date":"2016-08-13T05:20:43","date_gmt":"2016-08-13T02:20:43","guid":{"rendered":"http:\/\/gzone.com.tr\/?p=32069"},"modified":"2016-08-13T12:23:24","modified_gmt":"2016-08-13T09:23:24","slug":"meksikali-sarkici-escinsel-gece-kulubunde-goruntulendi-olay-oldu","status":"publish","type":"post","link":"http:\/\/www.gzone.com.tr\/index.php\/2016\/08\/13\/meksikali-sarkici-escinsel-gece-kulubunde-goruntulendi-olay-oldu\/","title":{"rendered":"MEKS\u0130KALI \u015eARKICI E\u015eC\u0130NSEL GECE KUL\u00dcB\u00dcNDE G\u00d6R\u00dcNT\u00dcLEND\u0130, OLAY OLDU"},"content":{"rendered":"<p><strong>Meksika&#8217;n\u0131n \u00fcnl\u00fc pop y\u0131ld\u0131z\u0131\u00a0Alejandro Fern\u00e1ndez, Las Vegas&#8217;ta bulunan bir e\u015fcinsel temal\u0131 gece kul\u00fcb\u00fcnde g\u00f6r\u00fcnt\u00fclenince olay oldu.<\/strong><\/p>\n<p>ABD&#8217;nin parti merkezi olarak an\u0131lan Las Vegas&#8217;ta, e\u015fcinsel temal\u0131 bir gece kul\u00fcb\u00fcnde d\u00fczenlenen bir partiye kat\u0131lan\u00a0Alejandro Fern\u00e1ndez, iki hayran\u0131n\u0131n yan\u0131na gelerek bir selfie \u00e7ektirmek istemesi \u00fczerine ti\u015f\u00f6rt\u00fcn\u00fc \u00e7\u0131kar\u0131p, \u00fcsts\u00fcz bir foto\u011frafla onlar\u0131 mutlu etti. Foto\u011fraf\u0131n sosyal medya \u00fczerinde yay\u0131nlanmas\u0131 \u00fczerine, hayranlar\u0131n\u0131n mekan etiketi yapmas\u0131 sebebiyle magazin g\u00fcndemine d\u00fc\u015fen foto\u011fraf sonras\u0131nda &#8221;E\u015fcinsel olup olmad\u0131\u011f\u0131&#8221; tart\u0131\u015fma konusu olan Fern\u00e1ndez, konu hakk\u0131nda bir a\u00e7\u0131klama yapmak zorunda kald\u0131.<\/p>\n<p><img loading=\"lazy\" decoding=\"async\" class=\"alignnone\" src=\"http:\/\/s9.postimg.org\/vnjura6v3\/gay_alejandro_1471019946.jpg\" width=\"1279\" height=\"853\" \/><\/p>\n<p>Resmi bas\u0131n dan\u0131\u015fman\u0131 taraf\u0131ndan yap\u0131lan a\u00e7\u0131klamaya g\u00f6re\u00a0Alejandro Fern\u00e1ndez, Vegas&#8217;ta d\u00fczenlenen partiye uzun y\u0131llard\u0131r arkada\u015f\u0131 olan\u00a0Alejandro Valladares&#8217;in 33. ya\u015f g\u00fcn\u00fcn\u00fc kutlamak amac\u0131yla kat\u0131lm\u0131\u015f, alkol dozunu ka\u00e7\u0131r\u0131p hayranlar\u0131n\u0131 k\u0131rmamak ad\u0131na foto\u011fraf \u00e7ektirmi\u015f. \u00d6zellikle Meksika bas\u0131n\u0131 yap\u0131lan a\u00e7\u0131klamay\u0131 &#8221;Bahane&#8221; olarak kabul edip, Fernandez&#8217;in iki yak\u0131\u015f\u0131kl\u0131 erke\u011fin aras\u0131nda, \u00e7\u0131plak g\u00f6r\u00fcnt\u00fclenmesini imal\u0131 bir dille &#8221;e\u015fcinsellik&#8221; olarak yay\u0131nlamas\u0131, \u00fcnl\u00fc \u015fark\u0131c\u0131n\u0131n sosyal medyadan konuyu tiye almas\u0131na sebep oldu.<\/p>\n<p>Instagram \u00fczerinde, fotomontaj ara\u00e7lar\u0131 ile kendisine smokin giydiren Fernandez, &#8221;Giyinik olunca da gey duruyor mu?, demek ki Vegas&#8217;ta ya\u015fananlar Google&#8217;da bulunuyormu\u015f&#8221; yorumunu yaparak, &#8221;Vegas&#8217;ta ya\u015fananlar Vegas&#8217;ta kal\u0131r&#8221; deyimine esprili bir g\u00f6ndermede bulundu.<\/p>\n<p><a href=\"https:\/\/www.instagram.com\/p\/BI8VHH4hxpy\/\">https:\/\/www.instagram.com\/p\/BI8VHH4hxpy\/<\/a><\/p>\n","protected":false},"excerpt":{"rendered":"<p>Meksika&#8217;n\u0131n \u00fcnl\u00fc pop y\u0131ld\u0131z\u0131\u00a0Alejandro Fern\u00e1ndez, Las Vegas&#8217;ta bulunan bir e\u015fcinsel temal\u0131 gece kul\u00fcb\u00fcnde g\u00f6r\u00fcnt\u00fclenince olay oldu. ABD&#8217;nin parti merkezi olarak an\u0131lan Las Vegas&#8217;ta, e\u015fcinsel temal\u0131 bir gece kul\u00fcb\u00fcnde d\u00fczenlenen bir partiye kat\u0131lan\u00a0Alejandro Fern\u00e1ndez, iki hayran\u0131n\u0131n yan\u0131na gelerek bir selfie \u00e7ektirmek istemesi \u00fczerine ti\u015f\u00f6rt\u00fcn\u00fc \u00e7\u0131kar\u0131p, \u00fcsts\u00fcz bir foto\u011frafla onlar\u0131 mutlu etti. Foto\u011fraf\u0131n sosyal medya \u00fczerinde yay\u0131nlanmas\u0131 &hellip;<\/p>\n","protected":false},"author":1,"featured_media":32077,"comment_status":"closed","ping_status":"open","sticky":false,"template":"","format":"standard","meta":{"footnotes":""},"categories":[39,28],"tags":[5822,2409,261,680,275],"class_list":["post-32069","post","type-post","status-publish","format-standard","has-post-thumbnail","","category-muzik","category-pop","tag-alejandro-fernandez","tag-escinsel-yasam","tag-instagram","tag-magazin","tag-muzik-2"],"_links":{"self":[{"href":"http:\/\/www.gzone.com.tr\/index.php\/wp-json\/wp\/v2\/posts\/32069","targetHints":{"allow":["GET"]}}],"collection":[{"href":"http:\/\/www.gzone.com.tr\/index.php\/wp-json\/wp\/v2\/posts"}],"about":[{"href":"http:\/\/www.gzone.com.tr\/index.php\/wp-json\/wp\/v2\/types\/post"}],"author":[{"embeddable":true,"href":"http:\/\/www.gzone.com.tr\/index.php\/wp-json\/wp\/v2\/users\/1"}],"replies":[{"embeddable":true,"href":"http:\/\/www.gzone.com.tr\/index.php\/wp-json\/wp\/v2\/comments?post=32069"}],"version-history":[{"count":1,"href":"http:\/\/www.gzone.com.tr\/index.php\/wp-json\/wp\/v2\/posts\/32069\/revisions"}],"predecessor-version":[{"id":32071,"href":"http:\/\/www.gzone.com.tr\/index.php\/wp-json\/wp\/v2\/posts\/32069\/revisions\/32071"}],"wp:featuredmedia":[{"embeddable":true,"href":"http:\/\/www.gzone.com.tr\/index.php\/wp-json\/wp\/v2\/media\/32077"}],"wp:attachment":[{"href":"http:\/\/www.gzone.com.tr\/index.php\/wp-json\/wp\/v2\/media?parent=32069"}],"wp:term":[{"taxonomy":"category","embeddable":true,"href":"http:\/\/www.gzone.com.tr\/index.php\/wp-json\/wp\/v2\/categories?post=32069"},{"taxonomy":"post_tag","embeddable":true,"href":"http:\/\/www.gzone.com.tr\/index.php\/wp-json\/wp\/v2\/tags?post=32069"}],"curies":[{"name":"wp","href":"https:\/\/api.w.org\/{rel}","templated":true}]}}