{"id":31933,"date":"2016-08-11T13:17:26","date_gmt":"2016-08-11T10:17:26","guid":{"rendered":"http:\/\/gzone.com.tr\/?p=31933"},"modified":"2016-08-11T13:24:36","modified_gmt":"2016-08-11T10:24:36","slug":"reddden-ohal-gerekcesiyle-iptal-edilen-festival-ve-konserlerle-ilgili-sert-cikis","status":"publish","type":"post","link":"http:\/\/www.gzone.com.tr\/index.php\/2016\/08\/11\/reddden-ohal-gerekcesiyle-iptal-edilen-festival-ve-konserlerle-ilgili-sert-cikis\/","title":{"rendered":"REDD&#8217;DEN OHAL GEREK\u00c7ES\u0130YLE \u0130PTAL ED\u0130LEN KONSERLERLE \u0130LG\u0130L\u0130 SERT \u00c7IKI\u015e"},"content":{"rendered":"<p>Rock grubu Redd, \u00a0T\u00fcrkiye&#8217;deki Ola\u011fan\u00fcst\u00fc Hal gerek\u00e7e g\u00f6sterilerek iptal edilen konser ve festivaller hakk\u0131nda bir payla\u015f\u0131m yapt\u0131. Grubun resmi hesab\u0131ndan yap\u0131lan\u00a0payla\u015f\u0131m\u0131nda &#8220;OHAL m\u00fczik ve m\u00fczisyenleri sadece iktidar\u0131n g\u00f6vde g\u00f6sterisi ayg\u0131tlar\u0131 olarak g\u00f6ren zihniyetin bahanesidir&#8221; denildi.<\/p>\n<p>\u0130\u015fte bu payla\u015f\u0131m\u0131n tamam\u0131:<\/p>\n<p><em><span class=\"s1\">15 temmuz sonras\u0131 meydanlar ve kalabal\u0131klarla \u00f6v\u00fcnenlerin OHAL&#8217;i gerek\u00e7e g\u00f6stererek konser ve festivallerin iptali kabul edilemez.<\/span><\/em><\/p>\n<p class=\"p1\"><em><span class=\"s1\">Hayat\u0131n normale d\u00f6nmesi, ya\u015fanan toplumsal travman\u0131n atlat\u0131lmas\u0131 i\u00e7in bu t\u00fcr festivaller g\u00f6vde g\u00f6sterili mitinglerden \u00e7ok daha \u00f6nemlidir. OHAL m\u00fczik ve m\u00fczisyenleri sadece iktidar\u0131n g\u00f6vde g\u00f6sterisi ayg\u0131tlar\u0131 olarak g\u00f6ren zihniyetin bahanesidir. <\/span><\/em><\/p>\n<p class=\"p1\"><em><span class=\"s1\">Demokrasi sorumlulu\u011fu diyerek YeniKap\u0131&#8217;ya ko\u015fturarak, miting alanlar\u0131n\u0131 Yeni T\u00fcrkiye&#8217;nin boy aynas\u0131 gibi g\u00f6ren, selfilerle yoklamadaki yerlerini peki\u015ftiren, ya da gitmeyene ayar vermeye \u00e7al\u0131\u015fan m\u00fczisyenler, organizat\u00f6rler ve m\u00fczik yap\u0131mc\u0131lar\u0131 demokrasiye sevgilerini biat etmek yerine bu t\u00fcr festivallerin iptal edilmemesi i\u00e7in \u00e7abalamakla, m\u00fccadele etmekle, s\u00f6z s\u00f6ylemekle g\u00f6stermelidir. <\/span><\/em><\/p>\n<p class=\"p1\"><em><span class=\"s1\">Ger\u00e7i daha \u00f6nce de defalarca g\u00f6r\u00fcld\u00fc\u011f\u00fc \u00fczere, bu isimler yar\u0131n bu festivallerde bug\u00fcn besledikleri yasak\u00e7\u0131 zihniyetin ma\u011fdur assolistleri edas\u0131nda sahne al\u0131rlar. Unutulur, gider&#8230;<\/span><\/em><\/p>\n<p>https:\/\/www.instagram.com\/p\/BI9lChxBrQm\/?taken-by=reddseyirdefter<\/p>\n<p>&nbsp;<\/p>\n","protected":false},"excerpt":{"rendered":"<p>Rock grubu Redd, \u00a0T\u00fcrkiye&#8217;deki Ola\u011fan\u00fcst\u00fc Hal gerek\u00e7e g\u00f6sterilerek iptal edilen konser ve festivaller hakk\u0131nda bir payla\u015f\u0131m yapt\u0131. Grubun resmi hesab\u0131ndan yap\u0131lan\u00a0payla\u015f\u0131m\u0131nda &#8220;OHAL m\u00fczik ve m\u00fczisyenleri sadece iktidar\u0131n g\u00f6vde g\u00f6sterisi ayg\u0131tlar\u0131 olarak g\u00f6ren zihniyetin bahanesidir&#8221; denildi. \u0130\u015fte bu payla\u015f\u0131m\u0131n tamam\u0131: 15 temmuz sonras\u0131 meydanlar ve kalabal\u0131klarla \u00f6v\u00fcnenlerin OHAL&#8217;i gerek\u00e7e g\u00f6stererek konser ve festivallerin iptali kabul edilemez. &hellip;<\/p>\n","protected":false},"author":1,"featured_media":27604,"comment_status":"closed","ping_status":"open","sticky":false,"template":"","format":"standard","meta":{"footnotes":""},"categories":[39,28],"tags":[192,5570,415,5797],"class_list":["post-31933","post","type-post","status-publish","format-standard","has-post-thumbnail","","category-muzik","category-pop","tag-konser","tag-ohal","tag-pop-2","tag-redd-muzik"],"_links":{"self":[{"href":"http:\/\/www.gzone.com.tr\/index.php\/wp-json\/wp\/v2\/posts\/31933","targetHints":{"allow":["GET"]}}],"collection":[{"href":"http:\/\/www.gzone.com.tr\/index.php\/wp-json\/wp\/v2\/posts"}],"about":[{"href":"http:\/\/www.gzone.com.tr\/index.php\/wp-json\/wp\/v2\/types\/post"}],"author":[{"embeddable":true,"href":"http:\/\/www.gzone.com.tr\/index.php\/wp-json\/wp\/v2\/users\/1"}],"replies":[{"embeddable":true,"href":"http:\/\/www.gzone.com.tr\/index.php\/wp-json\/wp\/v2\/comments?post=31933"}],"version-history":[{"count":2,"href":"http:\/\/www.gzone.com.tr\/index.php\/wp-json\/wp\/v2\/posts\/31933\/revisions"}],"predecessor-version":[{"id":31937,"href":"http:\/\/www.gzone.com.tr\/index.php\/wp-json\/wp\/v2\/posts\/31933\/revisions\/31937"}],"wp:featuredmedia":[{"embeddable":true,"href":"http:\/\/www.gzone.com.tr\/index.php\/wp-json\/wp\/v2\/media\/27604"}],"wp:attachment":[{"href":"http:\/\/www.gzone.com.tr\/index.php\/wp-json\/wp\/v2\/media?parent=31933"}],"wp:term":[{"taxonomy":"category","embeddable":true,"href":"http:\/\/www.gzone.com.tr\/index.php\/wp-json\/wp\/v2\/categories?post=31933"},{"taxonomy":"post_tag","embeddable":true,"href":"http:\/\/www.gzone.com.tr\/index.php\/wp-json\/wp\/v2\/tags?post=31933"}],"curies":[{"name":"wp","href":"https:\/\/api.w.org\/{rel}","templated":true}]}}