{"id":31865,"date":"2016-08-09T17:56:34","date_gmt":"2016-08-09T14:56:34","guid":{"rendered":"http:\/\/gzone.com.tr\/?p=31865"},"modified":"2016-08-09T17:59:50","modified_gmt":"2016-08-09T14:59:50","slug":"kimligini-kaybeden-trans-kadin-tedavi-goremiyor","status":"publish","type":"post","link":"http:\/\/www.gzone.com.tr\/index.php\/2016\/08\/09\/kimligini-kaybeden-trans-kadin-tedavi-goremiyor\/","title":{"rendered":"K\u0130ML\u0130\u011e\u0130N\u0130 KAYBEDEN TRANS KADIN, TEDAV\u0130 G\u00d6REM\u0130YOR"},"content":{"rendered":"<p><strong>Hastal\u0131\u011f\u0131 y\u00fcz\u00fcnden \u0130stanbul&#8217;daki evinden \u00e7\u0131kamayan trans kad\u0131na &#8220;Samsun&#8217;a git&#8221; denildi.<\/strong><\/p>\n<p class=\"p1\"><span class=\"s1\">Kanser te\u015fhisi konan 52 ya\u015f\u0131ndaki trans kad\u0131n T.\u00dc. kimli\u011fini kaybetti\u011fi i\u00e7in tedavi g\u00f6remiyor. T.\u00dc\u2019n\u00fcn acil hastaneye yat\u0131r\u0131lmas\u0131 gerekti\u011fini s\u00f6yl\u00fcyor ancak kimli\u011fini \u00e7\u0131kartam\u0131yor.<span class=\"Apple-converted-space\">\u00a0 <\/span>Kimlik \u00e7\u0131karma i\u015flemlerinde emniyet ve n\u00fcfus m\u00fcd\u00fcrl\u00fc\u011f\u00fc aras\u0131nda s\u0131k\u0131\u015ft\u0131, evinden \u00e7\u0131kamayan kad\u0131na \u201cSamsun\u2019a git\u201d denildi.<\/span><\/p>\n<p class=\"p1\"><span class=\"s1\">Bianet\u2019ten Simay G\u00f6khan\u2019\u0131n haberine g\u00f6re, 15 y\u0131ld\u0131r Tarlaba\u015f\u0131\u2019ndaki evinden hi\u00e7 \u00e7\u0131kmadan ya\u015fam\u0131n\u0131 s\u00fcrd\u00fcren T.\u00dc., arkada\u015flar\u0131 ve birlikte ya\u015fad\u0131\u011f\u0131 S.T.\u2019nin deste\u011fiyle ge\u00e7imini sa\u011fl\u0131yor.<\/span><\/p>\n<p class=\"p1\"><span class=\"s1\">Kimli\u011fini \u00e7\u0131karmas\u0131 i\u00e7in do\u011fum k\u00fct\u00fc\u011f\u00fcn\u00fcn oldu\u011fu Samsun&#8217;a gitmesi gerekti\u011fi s\u00f6yleniyor. Avukat F\u0131rat S\u00f6yle, ki\u015finin n\u00fcfus c\u00fczdan\u0131 kaybetti\u011fi yerde yeniden \u00e7\u0131karabilece\u011fini s\u00f6yl\u00fcyor. T.\u00dc.&#8217;n\u00fcn birlikte ya\u015fad\u0131 S.T. ise &#8220;Bir an \u00f6nce hastaneye yats\u0131n biz kimlik i\u00e7in yine u\u011fra\u015f\u0131r\u0131z&#8221; diyor.<\/span><\/p>\n<p class=\"p1\"><strong><span class=\"s1\">Hastaneden evine g\u00f6nderildi<\/span><\/strong><\/p>\n<p class=\"p1\"><span class=\"s1\">N\u00fcfus c\u00fczdan\u0131 bir s\u00fcredir kay\u0131p olan T.\u00dc. haziran ay\u0131nda hastal\u0131\u011f\u0131n\u0131 fark edince bir ka\u00e7 kez acile kald\u0131r\u0131ld\u0131 ancak sanc\u0131lar\u0131n\u0131n ve kanamalar\u0131n\u0131n sebebine dair detayl\u0131 bir muayene yap\u0131lmad\u0131.<\/span><\/p>\n<p class=\"p1\"><span class=\"s1\">T.\u00dc. daha sonra arkada\u015flar\u0131n\u0131n vas\u0131tas\u0131yla Be\u015fikta\u015f Belediye\u2019sinde \u00e7al\u0131\u015fan bir hekime ula\u015ft\u0131. Belediye\u2019de \u00e7al\u0131\u015fan hekimin evde yapt\u0131\u011f\u0131 muayene sonras\u0131 T.\u00dc. hastal\u0131\u011f\u0131n\u0131n \u00e7ok ilerledi\u011fini ve acil ameliyat olmas\u0131 gerekti\u011fini \u00f6\u011frendi.<\/span><\/p>\n<p class=\"p1\"><span class=\"s1\">Haziran ay\u0131nda evinden ambulansla Okmeydan\u0131 E\u011fitim ve Ara\u015ft\u0131rma Hastanesi\u2019ne kald\u0131r\u0131ld\u0131. Onkoloji B\u00f6l\u00fcm\u00fc\u2019nde T.\u00dc.\u2019ye kanser tan\u0131s\u0131 kondu. \u0130la\u00e7 yaz\u0131ld\u0131 ancak n\u00fcfus c\u00fczdan\u0131 ve Sosyal G\u00fcvenlik Kurumu (SGK) kayd\u0131 olmad\u0131\u011f\u0131 i\u00e7in hastaneye yat\u0131\u015f i\u015flemleri yap\u0131lamad\u0131, evine g\u00f6nderildi.<\/span><\/p>\n<p class=\"p1\"><strong><span class=\"s1\">N\u00fcfus memuru evine geldi<\/span><\/strong><\/p>\n<p class=\"p1\"><span class=\"s1\">N\u00fcfus c\u00fczdan\u0131 \u00e7\u0131kar\u0131lmas\u0131 i\u015flemleri i\u00e7in, T.\u00dc.\u2019n\u00fcn 15 y\u0131ld\u0131r birlikte ya\u015fad\u0131\u011f\u0131 S.T. ve arkada\u015f\u0131 trans aktivist Cansel Derya Beyo\u011flu N\u00fcfus M\u00fcd\u00fcrl\u00fc\u011f\u00fc\u2019ne gitti, durumu detayl\u0131ca anlatan bir dilek\u00e7e yaz\u0131ld\u0131. N\u00fcfus M\u00fcd\u00fcrl\u00fc\u011f\u00fc\u2019nden bir memur<span class=\"Apple-converted-space\">\u00a0 <\/span>T.\u00dc.\u2019n\u00fcn Tarlaba\u015f\u0131\u2019ndaki evine geldi, T.\u00dc. dilek\u00e7eye parmak past\u0131.<\/span><\/p>\n<p class=\"p1\"><span class=\"s1\">T.\u00dc.\u2019n\u00fcn dilek\u00e7esi \u00fczerine Beyo\u011flu N\u00fcfus M\u00fcd\u00fcrl\u00fc\u011f\u00fc, Beyo\u011flu \u0130l\u00e7e Emniyet M\u00fcd\u00fcrl\u00fc\u011f\u00fc\u2019nden 28 Haziran 2016 tarihinde T.\u00dc.\u2019n\u00fcn adres tespitinin yap\u0131lmas\u0131n\u0131 ve sonucun rapor halinde N\u00fcfus M\u00fcd\u00fcrl\u00fc\u011f\u00fc\u2019ne sunulmas\u0131n\u0131 istedi.<\/span><\/p>\n<p class=\"p1\"><strong><span class=\"s1\">Polis 1 ay sonra olumsuz karar verdi<\/span><\/strong><\/p>\n<p class=\"p1\"><span class=\"s1\">Kas\u0131mpa\u015fa Polis Merkezi Amirli\u011fi 29 Temmuz 2016\u2019da, \u201cyap\u0131lan ara\u015ft\u0131rma sonucu T.\u00dc.\u2019n\u00fcn birinci derece yak\u0131n\u0131n\u0131n T.\u00dc.\u2019n\u00fcn ikamet etti\u011fi adres veya \u00e7evresinde bulunamamas\u0131\u201d sebebiyle olumsuz karar verildi\u011fini Beyo\u011flu N\u00fcfus M\u00fcd\u00fcrl\u00fc\u011f\u00fc\u2019ne bildirdi.<\/span><\/p>\n<p class=\"p1\"><span class=\"s1\">Arkada\u015flar\u0131 taraf\u0131ndan Serpil anne olarak tan\u0131nan T.\u00dc.\u2019n\u00fcn ikametgah\u0131 do\u011fdu\u011fu \u015fehir olan Samsun\u2019da bulunuyor. Anne ve babas\u0131 vefat etmi\u015f. Bir ablas\u0131 var, o da ABD\u2019de ya\u015f\u0131yor. Dolay\u0131s\u0131yla T.\u00dc\u2019n\u00fcn birinci derece yak\u0131nlar\u0131na ula\u015f\u0131lmas\u0131 ve n\u00fcfus c\u00fczdan\u0131n\u0131n bu yolla \u00e7\u0131kar\u0131lmas\u0131 imkans\u0131z.<\/span><\/p>\n<p class=\"p1\"><span class=\"s1\">Beyo\u011flu N\u00fcfus M\u00fcd\u00fcrl\u00fc\u011f\u00fc\u2019nde d\u00fcn yap\u0131lan son g\u00f6r\u00fc\u015fme sonras\u0131 n\u00fcfus c\u00fczdan\u0131n\u0131n \u00e7\u0131kar\u0131lmas\u0131n\u0131n tek yolunun, T.\u00dc.\u2019n\u00fcn Samsun\u2019a gidip muhtarl\u0131ktan alaca\u011f\u0131 belgeyle oradaki N\u00fcfus M\u00fcd\u00fcrl\u00fc\u011f\u00fc\u2019ne tekrar ba\u015fvurmas\u0131 oldu\u011fu s\u00f6ylendi.<\/span><\/p>\n<p class=\"p1\"><strong><span class=\"s1\">&#8220;Emniyet i\u015fi savsakl\u0131yor&#8221;<\/span><\/strong><\/p>\n<p class=\"p1\"><span class=\"s1\">Avukat F\u0131rat S\u00f6yle T.\u00dc.\u2019n\u00fcn durumuna ili\u015fkin \u015f\u00f6yle konu\u015ftu:<\/span><\/p>\n<p class=\"p1\"><span class=\"s1\">\u201cEmniyet i\u015fi savsaklam\u0131\u015f durumda. Bu insan\u0131n ikamet etti\u011fi yer varsa polis orada oldu\u011funa dair bir yaz\u0131 g\u00f6nderir ve n\u00fcfus c\u00fczdan\u0131 verilir. Ki\u015finin birinci derece akrabas\u0131n\u0131n olmamas\u0131 sorun de\u011fil, T.\u00dc.\u2019n\u00fcn TC Kimlik numaras\u0131, anne baba ad\u0131 hepsi n\u00fcfus memurlar\u0131n\u0131n \u00f6n\u00fcnde. Bir ki\u015finin TC vatanda\u015f\u0131 olup da n\u00fcfus c\u00fczdan\u0131 verilmemesi kabul edilemez.\u201d<\/span><\/p>\n<p class=\"p1\"><span class=\"s1\">&#8220;15 y\u0131ld\u0131r bu insan \u0130stanbul\u2019da ayn\u0131 evde ya\u015f\u0131yor. Samsun\u2019daki n\u00fcfus memurunun yapabilece\u011fi bir \u015fey yok. Do\u011fum k\u00fct\u00fc\u011f\u00fc Samsun\u2019da diye oraya y\u00f6nlendirilmesi kabul edilemez. Ba\u015ftan savma bug\u00fcn git yar\u0131n gel fikridir bu. Ki\u015fi e\u011fer n\u00fcfus c\u00fczdan\u0131 kaybolursa bulundu\u011fu yerde n\u00fcfus c\u00fczdan\u0131n\u0131 \u00e7\u0131karabilir.<\/span><\/p>\n<p class=\"p1\"><span class=\"s1\">\u201cT.\u00dc. n\u00fcfus c\u00fczdan\u0131 olmadan dava a\u00e7amaz, avukat\u0131yla \u00e7al\u0131\u015famaz, hastaneye gidemez, n\u00fcfus memuru bu i\u015fi yapmazsa kim yapacak. Daha toleransl\u0131 davran\u0131lmal\u0131, bu insan n\u00fcfus c\u00fczdan\u0131 olmadan u\u00e7a\u011fa binemez, Samsun\u2019a gidebilmesi i\u00e7in 15 saatlik yolculu\u011fa mahkum etmek i\u015fkenceden ba\u015fka bir \u015fey de\u011fildir.<\/span><\/p>\n<p class=\"p1\"><span class=\"s1\">&#8220;N\u00fcfus memurlu\u011fu \u0130stanbul\u2019da bu i\u015fi \u00e7\u00f6zmeli, bu ma\u011fduriyet giderilmelidir.\u201d<\/span><\/p>\n<p class=\"p1\"><strong><span class=\"s1\">\u201cKimsenin umurunda de\u011fil\u201d<\/span><\/strong><\/p>\n<p class=\"p1\"><span class=\"s1\">bianet\u2019in T.\u00dc.\u2019n\u00fcn evinde g\u00f6r\u00fc\u015ft\u00fc\u011f\u00fc T.\u00dc.\u2019n\u00fcn arkada\u015f\u0131 Cansel Derya ma\u011fduriyetlerini \u015fu s\u00f6zlerle aktard\u0131:<\/span><\/p>\n<p class=\"p1\"><span class=\"s1\">\u201cDaha \u00f6nce polisler mahalleye gelip herkese kimlik veriyorlard\u0131. 15 senedir bu kad\u0131n burada oturuyor. Sahtecilik yapacak hali yok, \u015fahitler var beraber ya\u015fad\u0131\u011f\u0131 insan var. \u0130la\u00e7lar\u0131 kar\u015f\u0131layam\u0131yoruz, n\u00fcfus m\u00fcd\u00fcrl\u00fc\u011f\u00fc karakolun bu i\u015fi yapabilece\u011fini s\u00f6yl\u00fcyor. Biri oradan oraya g\u00f6nderiyorlar ama burada bir ma\u011fdur insan var. Kimsenin umurunda de\u011fil, hastaneye yatmas\u0131 gerekiyor bir t\u00fcrl\u00fc kimlik alam\u0131yor.\u201d<\/span><\/p>\n<p class=\"p1\"><strong><span class=\"s1\">\u201cKan kaybediyor yemek yiyemiyor\u201d<\/span><\/strong><\/p>\n<p class=\"p1\"><span class=\"s1\">T.\u00dc.\u2019n\u00fcn 15 y\u0131ld\u0131r birlikte ya\u015fad\u0131\u011f\u0131 S.T. ise \u201cHastanede yatmas\u0131 gerekiyor, kan kaybediyor, yemek yiyemiyor. Sadece \u00e7orba i\u00e7iyor. Bir tek ben ilgileniyorum, 24 saat ba\u015f\u0131nday\u0131m. Doktoruyla konu\u015ftum 2-3 g\u00fcne kadar hastaneye yat\u0131r\u0131lmas\u0131 laz\u0131m. Kimlik \u00e7\u0131kmas\u0131n\u0131 beklemeden hastaneye yat\u0131rmak zorunday\u0131z b\u00f6yle devam ettiremeyece\u011fiz. Hastanede yats\u0131n biz kimlik i\u00e7in yine u\u011fra\u015f\u0131r\u0131z.\u201d dedi.<\/span><\/p>\n<p class=\"p1\">Kaynak: T24<\/p>\n","protected":false},"excerpt":{"rendered":"<p>Hastal\u0131\u011f\u0131 y\u00fcz\u00fcnden \u0130stanbul&#8217;daki evinden \u00e7\u0131kamayan trans kad\u0131na &#8220;Samsun&#8217;a git&#8221; denildi. Kanser te\u015fhisi konan 52 ya\u015f\u0131ndaki trans kad\u0131n T.\u00dc. kimli\u011fini kaybetti\u011fi i\u00e7in tedavi g\u00f6remiyor. T.\u00dc\u2019n\u00fcn acil hastaneye yat\u0131r\u0131lmas\u0131 gerekti\u011fini s\u00f6yl\u00fcyor ancak kimli\u011fini \u00e7\u0131kartam\u0131yor.\u00a0 Kimlik \u00e7\u0131karma i\u015flemlerinde emniyet ve n\u00fcfus m\u00fcd\u00fcrl\u00fc\u011f\u00fc aras\u0131nda s\u0131k\u0131\u015ft\u0131, evinden \u00e7\u0131kamayan kad\u0131na \u201cSamsun\u2019a git\u201d denildi. Bianet\u2019ten Simay G\u00f6khan\u2019\u0131n haberine g\u00f6re, 15 y\u0131ld\u0131r Tarlaba\u015f\u0131\u2019ndaki &hellip;<\/p>\n","protected":false},"author":1,"featured_media":31866,"comment_status":"closed","ping_status":"open","sticky":false,"template":"","format":"standard","meta":{"footnotes":""},"categories":[720],"tags":[2409,112,599,529,729],"class_list":["post-31865","post","type-post","status-publish","format-standard","has-post-thumbnail","","category-escinselyasam","tag-escinsel-yasam","tag-haberler-2","tag-trans","tag-turkiye-2","tag-yasam-2"],"_links":{"self":[{"href":"http:\/\/www.gzone.com.tr\/index.php\/wp-json\/wp\/v2\/posts\/31865","targetHints":{"allow":["GET"]}}],"collection":[{"href":"http:\/\/www.gzone.com.tr\/index.php\/wp-json\/wp\/v2\/posts"}],"about":[{"href":"http:\/\/www.gzone.com.tr\/index.php\/wp-json\/wp\/v2\/types\/post"}],"author":[{"embeddable":true,"href":"http:\/\/www.gzone.com.tr\/index.php\/wp-json\/wp\/v2\/users\/1"}],"replies":[{"embeddable":true,"href":"http:\/\/www.gzone.com.tr\/index.php\/wp-json\/wp\/v2\/comments?post=31865"}],"version-history":[{"count":2,"href":"http:\/\/www.gzone.com.tr\/index.php\/wp-json\/wp\/v2\/posts\/31865\/revisions"}],"predecessor-version":[{"id":31868,"href":"http:\/\/www.gzone.com.tr\/index.php\/wp-json\/wp\/v2\/posts\/31865\/revisions\/31868"}],"wp:featuredmedia":[{"embeddable":true,"href":"http:\/\/www.gzone.com.tr\/index.php\/wp-json\/wp\/v2\/media\/31866"}],"wp:attachment":[{"href":"http:\/\/www.gzone.com.tr\/index.php\/wp-json\/wp\/v2\/media?parent=31865"}],"wp:term":[{"taxonomy":"category","embeddable":true,"href":"http:\/\/www.gzone.com.tr\/index.php\/wp-json\/wp\/v2\/categories?post=31865"},{"taxonomy":"post_tag","embeddable":true,"href":"http:\/\/www.gzone.com.tr\/index.php\/wp-json\/wp\/v2\/tags?post=31865"}],"curies":[{"name":"wp","href":"https:\/\/api.w.org\/{rel}","templated":true}]}}