{"id":31734,"date":"2016-08-05T15:55:15","date_gmt":"2016-08-05T12:55:15","guid":{"rendered":"http:\/\/gzone.com.tr\/?p=31734"},"modified":"2016-08-07T23:48:36","modified_gmt":"2016-08-07T20:48:36","slug":"sanatcilar-da-demokrasi-mitingi-icin-yenikapida-olacak","status":"publish","type":"post","link":"http:\/\/www.gzone.com.tr\/index.php\/2016\/08\/05\/sanatcilar-da-demokrasi-mitingi-icin-yenikapida-olacak\/","title":{"rendered":"SANAT\u00c7ILAR DA DEMOKRAS\u0130 M\u0130T\u0130NG\u0130 \u0130\u00c7\u0130N YEN\u0130KAPI&#8217;DA OLACAK"},"content":{"rendered":"<p class=\"p1\"><strong><span class=\"s1\">7 A\u011fustos\u2019ta Yenikap\u0131\u2019da d\u00fczenlenecek Demokrasi ve \u015eehitler Mitingi\u2019ne \u00fcnl\u00fc \u015fark\u0131c\u0131lar \u00e7\u0131karma yapacak. DMC, Avrupa M\u00fczik ve Emre M\u00fczik\u2019e ba\u011fl\u0131 sanat\u00e7\u0131lar, alana 200 ki\u015filik tekneyle mar\u015flar s\u00f6yleyerek gelecek.<\/span><\/strong><\/p>\n<p class=\"p1\"><span class=\"s1\">15 Temmuz darbe giri\u015fimi sonras\u0131 ba\u015flat\u0131lan demokrasi n\u00f6betlerine m\u00fczik d\u00fcnyas\u0131n\u0131n patronlar\u0131ndan b\u00fcy\u00fck destek geldi. DMC Genel M\u00fcd\u00fcr\u00fc Samsun Demir, Avrupa M\u00fczik\u2019in ortaklar\u0131 Cengiz Erdem ve Deniz Erdem ile Emre M\u00fczik\u2019in sahibi H\u00fcseyin Emre, rekabeti bir yana b\u0131rakarak el ele verdi, sanat\u00e7\u0131lar\u0131n\u0131 7 A\u011fustos\u2019ta \u0130stanbul-Yenikap\u0131\u2019da d\u00fczenlenecek Demokrasi ve \u015eehitler Mitingi\u2019ne kat\u0131lmaya davet etti.<\/span><\/p>\n<p class=\"p1\"><span class=\"s1\">\u00dc\u00e7 m\u00fczik \u015firketinin \u00e7a\u011fr\u0131s\u0131 hemen kar\u015f\u0131l\u0131k buldu. Bir\u00e7ok \u00fcnl\u00fc isim, pazar g\u00fcn\u00fc tekneye binerek mitinge kat\u0131lacaklar\u0131n\u0131 duyurdu. Sanat ve \u015fov d\u00fcnyas\u0131n\u0131n tan\u0131nm\u0131\u015f y\u00fczleri o g\u00fcn 200 ki\u015filik bir tekneye binecek, mar\u015flar e\u015fli\u011finde Yenikap\u0131\u2019ya gelecek. \u0130\u015fte Demokrasi ve \u015eehitler Mitingi\u2019nde sahneye \u00e7\u0131kacak o isimlerden baz\u0131lar\u0131: T\u00fcrkan \u015eoray, Ferhat G\u00f6\u00e7er, Ahmet \u00d6zhan, Kibariye, \u00dcmit Besen, Mustafa Sandal, Rafet El Roman, Ziynet Sali, \u00d6zg\u00fcn, ENBE Orkestras\u0131, Garo Mafyan, Burcu G\u00fcne\u015f, \u0130rem Derici, \u0130pek A\u00e7ar, Hayko Cepkin.<\/span><\/p>\n<p class=\"p1\"><span class=\"s1\">DMC Genel M\u00fcd\u00fcr\u00fc Samsun Demir, m\u00fczik meslek birliklerine de destek \u00e7a\u011fr\u0131s\u0131nda bulunduklar\u0131n\u0131 s\u00f6yledi: \u201c7 A\u011fustos\u2019ta t\u00fcm sanat\u00e7\u0131lar\u0131m\u0131z rekabeti b\u0131rakacak, teknemize binecek. O g\u00fcn Yenikap\u0131\u2019ya mar\u015flarla gelece\u011fiz. Ayr\u0131ca meslek birliklerimizin ba\u015fkanlar\u0131na da \u015f\u00f6lene kat\u0131l\u0131m i\u00e7in \u00e7a\u011fr\u0131da bulunuyoruz.\u201d<\/span><\/p>\n","protected":false},"excerpt":{"rendered":"<p>7 A\u011fustos\u2019ta Yenikap\u0131\u2019da d\u00fczenlenecek Demokrasi ve \u015eehitler Mitingi\u2019ne \u00fcnl\u00fc \u015fark\u0131c\u0131lar \u00e7\u0131karma yapacak. DMC, Avrupa M\u00fczik ve Emre M\u00fczik\u2019e ba\u011fl\u0131 sanat\u00e7\u0131lar, alana 200 ki\u015filik tekneyle mar\u015flar s\u00f6yleyerek gelecek. 15 Temmuz darbe giri\u015fimi sonras\u0131 ba\u015flat\u0131lan demokrasi n\u00f6betlerine m\u00fczik d\u00fcnyas\u0131n\u0131n patronlar\u0131ndan b\u00fcy\u00fck destek geldi. DMC Genel M\u00fcd\u00fcr\u00fc Samsun Demir, Avrupa M\u00fczik\u2019in ortaklar\u0131 Cengiz Erdem ve Deniz Erdem ile &hellip;<\/p>\n","protected":false},"author":1,"featured_media":31738,"comment_status":"closed","ping_status":"open","sticky":false,"template":"","format":"standard","meta":{"footnotes":""},"categories":[39,28],"tags":[5761,5762,5760,5759,422,275,5758,5763],"class_list":["post-31734","post","type-post","status-publish","format-standard","has-post-thumbnail","","category-muzik","category-pop","tag-avrupa-muzik","tag-demokrasi-mitingi","tag-dmc","tag-emre-muzik","tag-etkinlik-2","tag-muzik-2","tag-samsun-demir","tag-yenikapi"],"_links":{"self":[{"href":"http:\/\/www.gzone.com.tr\/index.php\/wp-json\/wp\/v2\/posts\/31734","targetHints":{"allow":["GET"]}}],"collection":[{"href":"http:\/\/www.gzone.com.tr\/index.php\/wp-json\/wp\/v2\/posts"}],"about":[{"href":"http:\/\/www.gzone.com.tr\/index.php\/wp-json\/wp\/v2\/types\/post"}],"author":[{"embeddable":true,"href":"http:\/\/www.gzone.com.tr\/index.php\/wp-json\/wp\/v2\/users\/1"}],"replies":[{"embeddable":true,"href":"http:\/\/www.gzone.com.tr\/index.php\/wp-json\/wp\/v2\/comments?post=31734"}],"version-history":[{"count":1,"href":"http:\/\/www.gzone.com.tr\/index.php\/wp-json\/wp\/v2\/posts\/31734\/revisions"}],"predecessor-version":[{"id":31739,"href":"http:\/\/www.gzone.com.tr\/index.php\/wp-json\/wp\/v2\/posts\/31734\/revisions\/31739"}],"wp:featuredmedia":[{"embeddable":true,"href":"http:\/\/www.gzone.com.tr\/index.php\/wp-json\/wp\/v2\/media\/31738"}],"wp:attachment":[{"href":"http:\/\/www.gzone.com.tr\/index.php\/wp-json\/wp\/v2\/media?parent=31734"}],"wp:term":[{"taxonomy":"category","embeddable":true,"href":"http:\/\/www.gzone.com.tr\/index.php\/wp-json\/wp\/v2\/categories?post=31734"},{"taxonomy":"post_tag","embeddable":true,"href":"http:\/\/www.gzone.com.tr\/index.php\/wp-json\/wp\/v2\/tags?post=31734"}],"curies":[{"name":"wp","href":"https:\/\/api.w.org\/{rel}","templated":true}]}}