{"id":31573,"date":"2016-08-03T15:56:25","date_gmt":"2016-08-03T12:56:25","guid":{"rendered":"http:\/\/gzone.com.tr\/?p=31573"},"modified":"2016-08-03T15:56:25","modified_gmt":"2016-08-03T12:56:25","slug":"papa-francis-cocuklarin-cinsiyetlerini-secebilmesi-korkunc-bir-sey","status":"publish","type":"post","link":"http:\/\/www.gzone.com.tr\/index.php\/2016\/08\/03\/papa-francis-cocuklarin-cinsiyetlerini-secebilmesi-korkunc-bir-sey\/","title":{"rendered":"PAPA FRANCIS: \u00c7OCUKLARIN C\u0130NS\u0130YETLER\u0130N\u0130 SE\u00c7EB\u0130LMES\u0130 KORKUN\u00c7 B\u0130R \u015eEY"},"content":{"rendered":"<p><strong>Katolik aleminin lideri Papa Francis, transseks\u00fcel haklar\u0131na ate\u015f p\u00fcsk\u00fcrd\u00fc.<\/strong><\/p>\n<p>&#8221;\u00c7ocuklara cinsiyetin se\u00e7ilebilir bir \u015fey oldu\u011funu \u00f6\u011fretmeye \u00e7al\u0131\u015fmak korkun\u00e7 bir hata&#8221; s\u00f6zleriyle trans haklar\u0131n\u0131 ele\u015ftiren Papa, &#8221;Bu insan\u0131n kendini Tanr\u0131 sanmas\u0131d\u0131r, durdurulmal\u0131d\u0131r&#8221; dedi.<\/p>\n<p>Polonya&#8217;da verdi\u011fi bas\u0131n toplant\u0131s\u0131nda transseks\u00fcel haklar\u0131 hakk\u0131nda konu\u015fan Papa, &#8221;Okullarda \u00e7ocuklara cinsiyetin se\u00e7ilebilir bir \u015fey oldu\u011funu \u00f6\u011fretiyorlar. Cinsiyet ancak Tanr\u0131 taraf\u0131ndan verilen bir \u00f6d\u00fcld\u00fcr, bunu se\u00e7ebilece\u011fini d\u00fc\u015f\u00fcnmek ise ona kar\u015f\u0131 gelmektir.&#8221; dedi. Papa daha \u00f6nce de 2015 y\u0131l\u0131nda da transseks\u00fcel haklar\u0131n\u0131 hi\u00e7e sayarak a\u00e7\u0131klamalar yapm\u0131\u015ft\u0131.<\/p>\n<p>&nbsp;<\/p>\n","protected":false},"excerpt":{"rendered":"<p>Katolik aleminin lideri Papa Francis, transseks\u00fcel haklar\u0131na ate\u015f p\u00fcsk\u00fcrd\u00fc. &#8221;\u00c7ocuklara cinsiyetin se\u00e7ilebilir bir \u015fey oldu\u011funu \u00f6\u011fretmeye \u00e7al\u0131\u015fmak korkun\u00e7 bir hata&#8221; s\u00f6zleriyle trans haklar\u0131n\u0131 ele\u015ftiren Papa, &#8221;Bu insan\u0131n kendini Tanr\u0131 sanmas\u0131d\u0131r, durdurulmal\u0131d\u0131r&#8221; dedi. Polonya&#8217;da verdi\u011fi bas\u0131n toplant\u0131s\u0131nda transseks\u00fcel haklar\u0131 hakk\u0131nda konu\u015fan Papa, &#8221;Okullarda \u00e7ocuklara cinsiyetin se\u00e7ilebilir bir \u015fey oldu\u011funu \u00f6\u011fretiyorlar. Cinsiyet ancak Tanr\u0131 taraf\u0131ndan verilen bir &hellip;<\/p>\n","protected":false},"author":1,"featured_media":31574,"comment_status":"closed","ping_status":"open","sticky":false,"template":"","format":"standard","meta":{"footnotes":""},"categories":[92,91],"tags":[113,5728,112,465,1325,954,746],"class_list":["post-31573","post","type-post","status-publish","format-standard","has-post-thumbnail","","category-dunya","category-haberler","tag-dunya-2","tag-francis","tag-haberler-2","tag-homofobi","tag-papa","tag-transfobi","tag-vatikan"],"_links":{"self":[{"href":"http:\/\/www.gzone.com.tr\/index.php\/wp-json\/wp\/v2\/posts\/31573","targetHints":{"allow":["GET"]}}],"collection":[{"href":"http:\/\/www.gzone.com.tr\/index.php\/wp-json\/wp\/v2\/posts"}],"about":[{"href":"http:\/\/www.gzone.com.tr\/index.php\/wp-json\/wp\/v2\/types\/post"}],"author":[{"embeddable":true,"href":"http:\/\/www.gzone.com.tr\/index.php\/wp-json\/wp\/v2\/users\/1"}],"replies":[{"embeddable":true,"href":"http:\/\/www.gzone.com.tr\/index.php\/wp-json\/wp\/v2\/comments?post=31573"}],"version-history":[{"count":1,"href":"http:\/\/www.gzone.com.tr\/index.php\/wp-json\/wp\/v2\/posts\/31573\/revisions"}],"predecessor-version":[{"id":31575,"href":"http:\/\/www.gzone.com.tr\/index.php\/wp-json\/wp\/v2\/posts\/31573\/revisions\/31575"}],"wp:featuredmedia":[{"embeddable":true,"href":"http:\/\/www.gzone.com.tr\/index.php\/wp-json\/wp\/v2\/media\/31574"}],"wp:attachment":[{"href":"http:\/\/www.gzone.com.tr\/index.php\/wp-json\/wp\/v2\/media?parent=31573"}],"wp:term":[{"taxonomy":"category","embeddable":true,"href":"http:\/\/www.gzone.com.tr\/index.php\/wp-json\/wp\/v2\/categories?post=31573"},{"taxonomy":"post_tag","embeddable":true,"href":"http:\/\/www.gzone.com.tr\/index.php\/wp-json\/wp\/v2\/tags?post=31573"}],"curies":[{"name":"wp","href":"https:\/\/api.w.org\/{rel}","templated":true}]}}