{"id":31555,"date":"2016-08-04T01:46:08","date_gmt":"2016-08-03T22:46:08","guid":{"rendered":"http:\/\/gzone.com.tr\/?p=31555"},"modified":"2016-08-04T01:46:08","modified_gmt":"2016-08-03T22:46:08","slug":"slovakya-lgbt-bayragi-sebebiyle-diplomat-avinda","status":"publish","type":"post","link":"http:\/\/www.gzone.com.tr\/index.php\/2016\/08\/04\/slovakya-lgbt-bayragi-sebebiyle-diplomat-avinda\/","title":{"rendered":"SLOVAKYA LGBT BAYRA\u011eI SEBEB\u0130YLE D\u0130PLOMAT AVINDA"},"content":{"rendered":"<p><strong>Slovakya ba\u015fbakan\u0131 Robert Fico, Macaristan\u2019daki b\u00fcy\u00fckel\u00e7iliklerinde g\u00f6kku\u015fa\u011f\u0131 bayra\u011f\u0131 as\u0131lmas\u0131n\u0131n ard\u0131ndan sert konu\u015ftu.<\/strong><\/p>\n<p><img loading=\"lazy\" decoding=\"async\" class=\"aligncenter size-full wp-image-31557\" src=\"http:\/\/gzone.com.tr\/wp-content\/uploads\/2016\/08\/robert-fico.jpg\" alt=\"robert-fico\" width=\"660\" height=\"330\" srcset=\"http:\/\/www.gzone.com.tr\/wp-content\/uploads\/2016\/08\/robert-fico.jpg 660w, http:\/\/www.gzone.com.tr\/wp-content\/uploads\/2016\/08\/robert-fico-300x150.jpg 300w\" sizes=\"auto, (max-width: 660px) 100vw, 660px\" \/><\/p>\n<p>&nbsp;<\/p>\n<p>Slovakya\u2019n\u0131n ba\u015fbakan\u0131 Robet Fico, Budape\u015fte Onur Y\u00fcr\u00fcy\u00fc\u015f\u00fc s\u0131ras\u0131nda b\u00fcy\u00fckel\u00e7ilikte g\u00f6kku\u015fa\u011f\u0131 bayra\u011f\u0131n\u0131n as\u0131lmas\u0131ndan son derece rahats\u0131zl\u0131k duydu\u011funu ve kabul edilemez bir fazlal\u0131k oldu\u011funu ifade etti. Slovakya ve AB bayraklar\u0131 d\u0131\u015f\u0131nda hi\u00e7bir bayra\u011f\u0131n as\u0131lmas\u0131na m\u00fcsade etmediklerini belirten Fico,\u00a0bayra\u011f\u0131n as\u0131lmas\u0131yla ilgili soru\u015fturma ba\u015flat\u0131ld\u0131\u011f\u0131n\u0131, gerekli cezalar\u0131n verilece\u011fini a\u00e7\u0131klad\u0131.<\/p>\n<p>Ba\u015fbakan\u0131n homofobik a\u00e7\u0131klamas\u0131 \u00fczerine konu\u015fan Slovakya Milli Partisi\u2019nin ba\u015fkan\u0131 Andrej Danko ise soru\u015fturma sonucunda bayra\u011f\u0131n as\u0131lmas\u0131ndan sorumlu ki\u015fi bulunmad\u0131\u011f\u0131 taktirde, Macaristan&#8217;da bulunan diplomatlar\u0131n tamam\u0131n\u0131n g\u00f6revden al\u0131nabilece\u011fini a\u00e7\u0131klad\u0131.<\/p>\n<p>Haber: Serkan G\u00f6k\u00e7e<\/p>\n","protected":false},"excerpt":{"rendered":"<p>Slovakya ba\u015fbakan\u0131 Robert Fico, Macaristan\u2019daki b\u00fcy\u00fckel\u00e7iliklerinde g\u00f6kku\u015fa\u011f\u0131 bayra\u011f\u0131 as\u0131lmas\u0131n\u0131n ard\u0131ndan sert konu\u015ftu. &nbsp; Slovakya\u2019n\u0131n ba\u015fbakan\u0131 Robet Fico, Budape\u015fte Onur Y\u00fcr\u00fcy\u00fc\u015f\u00fc s\u0131ras\u0131nda b\u00fcy\u00fckel\u00e7ilikte g\u00f6kku\u015fa\u011f\u0131 bayra\u011f\u0131n\u0131n as\u0131lmas\u0131ndan son derece rahats\u0131zl\u0131k duydu\u011funu ve kabul edilemez bir fazlal\u0131k oldu\u011funu ifade etti. Slovakya ve AB bayraklar\u0131 d\u0131\u015f\u0131nda hi\u00e7bir bayra\u011f\u0131n as\u0131lmas\u0131na m\u00fcsade etmediklerini belirten Fico,\u00a0bayra\u011f\u0131n as\u0131lmas\u0131yla ilgili soru\u015fturma ba\u015flat\u0131ld\u0131\u011f\u0131n\u0131, gerekli cezalar\u0131n &hellip;<\/p>\n","protected":false},"author":1,"featured_media":31608,"comment_status":"closed","ping_status":"open","sticky":false,"template":"","format":"standard","meta":{"footnotes":""},"categories":[92,91],"tags":[4571,113,112,465,5734,114,5723,5722],"class_list":["post-31555","post","type-post","status-publish","format-standard","has-post-thumbnail","","category-dunya","category-haberler","tag-budapeste","tag-dunya-2","tag-haberler-2","tag-homofobi","tag-macaristan","tag-onur-yuruyusu","tag-robert-fico","tag-slovakya"],"_links":{"self":[{"href":"http:\/\/www.gzone.com.tr\/index.php\/wp-json\/wp\/v2\/posts\/31555","targetHints":{"allow":["GET"]}}],"collection":[{"href":"http:\/\/www.gzone.com.tr\/index.php\/wp-json\/wp\/v2\/posts"}],"about":[{"href":"http:\/\/www.gzone.com.tr\/index.php\/wp-json\/wp\/v2\/types\/post"}],"author":[{"embeddable":true,"href":"http:\/\/www.gzone.com.tr\/index.php\/wp-json\/wp\/v2\/users\/1"}],"replies":[{"embeddable":true,"href":"http:\/\/www.gzone.com.tr\/index.php\/wp-json\/wp\/v2\/comments?post=31555"}],"version-history":[{"count":3,"href":"http:\/\/www.gzone.com.tr\/index.php\/wp-json\/wp\/v2\/posts\/31555\/revisions"}],"predecessor-version":[{"id":31609,"href":"http:\/\/www.gzone.com.tr\/index.php\/wp-json\/wp\/v2\/posts\/31555\/revisions\/31609"}],"wp:featuredmedia":[{"embeddable":true,"href":"http:\/\/www.gzone.com.tr\/index.php\/wp-json\/wp\/v2\/media\/31608"}],"wp:attachment":[{"href":"http:\/\/www.gzone.com.tr\/index.php\/wp-json\/wp\/v2\/media?parent=31555"}],"wp:term":[{"taxonomy":"category","embeddable":true,"href":"http:\/\/www.gzone.com.tr\/index.php\/wp-json\/wp\/v2\/categories?post=31555"},{"taxonomy":"post_tag","embeddable":true,"href":"http:\/\/www.gzone.com.tr\/index.php\/wp-json\/wp\/v2\/tags?post=31555"}],"curies":[{"name":"wp","href":"https:\/\/api.w.org\/{rel}","templated":true}]}}