{"id":31391,"date":"2016-07-31T10:21:47","date_gmt":"2016-07-31T07:21:47","guid":{"rendered":"http:\/\/gzone.com.tr\/?p=31391"},"modified":"2016-07-31T10:21:47","modified_gmt":"2016-07-31T07:21:47","slug":"galeri-mariah-careyden-sasirtan-itiraflar","status":"publish","type":"post","link":"http:\/\/www.gzone.com.tr\/index.php\/2016\/07\/31\/galeri-mariah-careyden-sasirtan-itiraflar\/","title":{"rendered":"GALER\u0130: MARIAH CAREY&#8217;DEN \u015eA\u015eIRTAN \u0130T\u0130RAFLAR"},"content":{"rendered":"<p><strong>Complex dergisine kapak olan Mariah Carey, ni\u015fanl\u0131s\u0131 James Packer\u2019la sade bir d\u00fc\u011f\u00fcn istediklerini s\u00f6yledi. Diva, \u00f6zel hayat\u0131yla ilgili samimi itiraflarda bulundu.<\/strong><\/p>\n<p>Pop m\u00fczi\u011fin g\u00fc\u00e7l\u00fc isimlerinden Mariah Carey, Complex dergisinin A\u011fustos \/ Eyl\u00fcl say\u0131s\u0131na kapak oldu. Birbirinden iddial\u0131 pozlar veren Carey, kariyeri ve \u00f6zel ya\u015fam\u0131 hakk\u0131nda dergiye samimi a\u00e7\u0131klamalar yapt\u0131.<\/p>\n<p><img loading=\"lazy\" decoding=\"async\" class=\"alignnone\" src=\"http:\/\/s31.postimg.org\/e616ysm3v\/augsep16_l_mariah_carrey_cover_vn3.jpg\" width=\"648\" height=\"855\" \/><\/p>\n<p><strong>&#8220;EN \u0130Y\u0130S\u0130 DO\u011eA\u00c7LAMA&#8221;<\/strong><\/p>\n<p>\u015eu s\u0131ralar hayat\u0131n\u0131 konu alan belgesel filmi \u2018Mariah\u2019s World\u2019le (Mariah\u2019n\u0131n D\u00fcnyas\u0131) ilgilenen ABD\u2019li \u015fark\u0131c\u0131, \u201cBa\u015flarda \u2018Turnemizi, sahne arkalar\u0131n\u0131, dans\u00e7\u0131lar\u0131 ve konu\u015fmalar\u0131m\u0131 \u00e7ekeriz\u2019 diyordum fakat en iyi anlar\u0131n do\u011fa\u00e7lamalar oldu\u011funu fark ettim\u201d dedi.<\/p>\n<p><strong>&#8220;BUNU YAPACA\u011eIMI ASLA D\u00dc\u015e\u00dcNMEZD\u0130M&#8221;<\/strong><\/p>\n<p>Sony Music\u2019in ba\u015fkan\u0131 Tommy Mottola ile 4 y\u0131l evli kalan daha sonra iki \u00e7ocu\u011funun babas\u0131 \u015fark\u0131c\u0131 Nick Cannon ile evlenen\u00a0ve\u00a0son olarak\u00a0ge\u00e7ti\u011fimiz aylarda i\u015f adam\u0131 James Packer\u2019la ni\u015fanlanan Carey, \u00f6zel hayat\u0131 hakk\u0131nda da itiraflarda bulundu. 46 ya\u015f\u0131ndaki sanat\u00e7\u0131, \u201cBirisinden bebek sahibi olduktan sonra ondan ayr\u0131laca\u011f\u0131m\u0131 asla d\u00fc\u015f\u00fcnmezdim.<\/p>\n<p>Ama hayat bu. \u00c7ocuklar\u0131m i\u00e7in b\u00f6yle olsun istemezdim\u201d dedi ve ekledi: \u201cJames\u2019le kar\u015f\u0131l\u0131kl\u0131 bir anlay\u0131\u015f s\u00f6z konusu. B\u00fcy\u00fck bir d\u00fc\u011f\u00fcn istemiyoruz ama ger\u00e7ek \u015fu ki \u00f6yle olacak.\u201d<\/p>\n<p>Evlilik karar\u0131 sonras\u0131 Avustralya\u2019n\u0131n en zengin d\u00f6rd\u00fcnc\u00fc ki\u015fisi olan 48 ya\u015f\u0131ndaki Packer\u2019\u0131n Carey\u2019e verdi\u011fi 35 k\u0131ratl\u0131k ni\u015fan y\u00fcz\u00fc\u011f\u00fcn\u00fcn de\u011ferinin yakla\u015f\u0131k 7.5 milyon dolar (22.5 milyon TL) oldu\u011fu ortaya \u00e7\u0131km\u0131\u015f ve bu durum \u00e7ok konu\u015fulmu\u015ftu.\u00a0Servet de\u011ferindeki bu y\u00fcz\u00fc\u011f\u00fcn Mariah Carey\u2019nin yak\u0131n arkada\u015f\u0131 Wilfredo Rosado taraf\u0131ndan bizzat tasarland\u0131.<\/p>\n<p><img loading=\"lazy\" decoding=\"async\" class=\"alignnone\" src=\"http:\/\/s32.postimg.org\/q1htjro11\/g_Mariah_1_r1_WM.jpg\" width=\"1279\" height=\"852\" \/><\/p>\n<p><strong>\u0130TALYA&#8217;DA KAPR\u0130S \u00dcST\u00dc KAPR\u0130S<\/strong><\/p>\n<p>Ge\u00e7ti\u011fimiz haftalarda ni\u015fanl\u0131s\u0131 James Packer ile \u0130talya seyahatine \u00e7\u0131kan Carey&#8217;nin, bir restorana girerken kendi \u015fark\u0131s\u0131n\u0131n \u00e7al\u0131nmas\u0131n\u0131 istedi\u011fi ortaya \u00e7\u0131kt\u0131.<\/p>\n<p>Restoranda Aurora adl\u0131 mekana giden Carey&#8217;nin iste\u011fi \u00fczerine, \u00fcnl\u00fc \u015fark\u0131c\u0131 i\u00e7eri girdi\u011fi s\u0131rada kendisine ait par\u00e7alardan biri \u00e7al\u0131nmaya ba\u015flad\u0131. \u00c7evredekiler, y\u00fcksek sesle \u00e7alan m\u00fczik e\u015fli\u011finde \u00fcnl\u00fc y\u0131ld\u0131z ve ni\u015fanl\u0131s\u0131n\u0131n i\u00e7eriye giri\u015fini izledi.<\/p>\n<p>Restoranda t\u00fcm gece Carey&#8217;nin hit \u015fark\u0131lar\u0131 \u00e7al\u0131n\u0131rken, m\u00fc\u015fterilerden birinin bu duruma isyan edip <em><strong>&#8220;Daha hareketli bir \u015feyler \u00e7alamaz m\u0131s\u0131n\u0131z?&#8221;<\/strong><\/em> diye ba\u011f\u0131rd\u0131\u011f\u0131 \u00f6\u011frenildi. Bunun \u00fczerine mekan g\u00f6revlileri, yine Carey&#8217;e ait olan<strong> &#8216;Fantasy&#8217; <\/strong>isimli \u015fark\u0131y\u0131 \u00e7al\u0131nca, restorandakiler adeta \u00e7\u0131ld\u0131rd\u0131.<\/p>\n<p>44 ya\u015f\u0131ndaki y\u0131ld\u0131z, daha \u00f6nce do\u011fum g\u00fcn\u00fc partisinde t\u00fcm davetlileri kendisi gibi giyinmeye zorlamas\u0131yla g\u00fcndeme gelmi\u015fti.<\/p>\n","protected":false},"excerpt":{"rendered":"<p>Complex dergisine kapak olan Mariah Carey, ni\u015fanl\u0131s\u0131 James Packer\u2019la sade bir d\u00fc\u011f\u00fcn istediklerini s\u00f6yledi. Diva, \u00f6zel hayat\u0131yla ilgili samimi itiraflarda bulundu. Pop m\u00fczi\u011fin g\u00fc\u00e7l\u00fc isimlerinden Mariah Carey, Complex dergisinin A\u011fustos \/ Eyl\u00fcl say\u0131s\u0131na kapak oldu. Birbirinden iddial\u0131 pozlar veren Carey, kariyeri ve \u00f6zel ya\u015fam\u0131 hakk\u0131nda dergiye samimi a\u00e7\u0131klamalar yapt\u0131. &#8220;EN \u0130Y\u0130S\u0130 DO\u011eA\u00c7LAMA&#8221; \u015eu s\u0131ralar hayat\u0131n\u0131 &hellip;<\/p>\n","protected":false},"author":1,"featured_media":31393,"comment_status":"closed","ping_status":"open","sticky":false,"template":"","format":"standard","meta":{"footnotes":""},"categories":[39,28],"tags":[5693,1933,275,5694],"class_list":["post-31391","post","type-post","status-publish","format-standard","has-post-thumbnail","","category-muzik","category-pop","tag-complex","tag-mariah-carey","tag-muzik-2","tag-tommy-mottola"],"_links":{"self":[{"href":"http:\/\/www.gzone.com.tr\/index.php\/wp-json\/wp\/v2\/posts\/31391","targetHints":{"allow":["GET"]}}],"collection":[{"href":"http:\/\/www.gzone.com.tr\/index.php\/wp-json\/wp\/v2\/posts"}],"about":[{"href":"http:\/\/www.gzone.com.tr\/index.php\/wp-json\/wp\/v2\/types\/post"}],"author":[{"embeddable":true,"href":"http:\/\/www.gzone.com.tr\/index.php\/wp-json\/wp\/v2\/users\/1"}],"replies":[{"embeddable":true,"href":"http:\/\/www.gzone.com.tr\/index.php\/wp-json\/wp\/v2\/comments?post=31391"}],"version-history":[{"count":1,"href":"http:\/\/www.gzone.com.tr\/index.php\/wp-json\/wp\/v2\/posts\/31391\/revisions"}],"predecessor-version":[{"id":31394,"href":"http:\/\/www.gzone.com.tr\/index.php\/wp-json\/wp\/v2\/posts\/31391\/revisions\/31394"}],"wp:featuredmedia":[{"embeddable":true,"href":"http:\/\/www.gzone.com.tr\/index.php\/wp-json\/wp\/v2\/media\/31393"}],"wp:attachment":[{"href":"http:\/\/www.gzone.com.tr\/index.php\/wp-json\/wp\/v2\/media?parent=31391"}],"wp:term":[{"taxonomy":"category","embeddable":true,"href":"http:\/\/www.gzone.com.tr\/index.php\/wp-json\/wp\/v2\/categories?post=31391"},{"taxonomy":"post_tag","embeddable":true,"href":"http:\/\/www.gzone.com.tr\/index.php\/wp-json\/wp\/v2\/tags?post=31391"}],"curies":[{"name":"wp","href":"https:\/\/api.w.org\/{rel}","templated":true}]}}