{"id":31336,"date":"2016-07-29T15:21:29","date_gmt":"2016-07-29T12:21:29","guid":{"rendered":"http:\/\/gzone.com.tr\/?p=31336"},"modified":"2016-07-29T15:21:29","modified_gmt":"2016-07-29T12:21:29","slug":"joan-baez-turk-hayranlarindan-ozur-diledi","status":"publish","type":"post","link":"http:\/\/www.gzone.com.tr\/index.php\/2016\/07\/29\/joan-baez-turk-hayranlarindan-ozur-diledi\/","title":{"rendered":"JOAN BAEZ T\u00dcRK HAYRANLARINDAN \u00d6Z\u00dcR D\u0130LED\u0130"},"content":{"rendered":"<p class=\"p1\"><strong><span class=\"s1\">Darbe giri\u015fimi sonras\u0131 &#8220;Daha tehlikeli bir \u00fclke g\u00f6rmemi\u015ftim&#8221; diyerek T\u00fcrkiye&#8217;deki konser takvimini iptal eden d\u00fcnyaca \u00fcnl\u00fc sanat\u00e7\u0131 Joan Baez, gelen tepkiler \u00fczerine bir a\u00e7\u0131klama yapt\u0131.<\/span><\/strong><\/p>\n<p class=\"p1\"><span class=\"s1\">12 A\u011fustos\u2019ta \u0130zmir K\u00fclt\u00fcrpark A\u00e7\u0131k Hava Tiyatrosu\u2019nda verece\u011fi konseri iptal eden Joan Baez, gelen tepkiler \u00fczerine \u00f6z\u00fcr diledi. <\/span><\/p>\n<p class=\"p1\"><span class=\"s1\">A\u00e7\u0131klamas\u0131na &#8220;Kamuoyuna ve T\u00fcrkiye\u2019de \u00e7ok sevdi\u011fim arkada\u015flar\u0131ma,&#8221; diye ba\u015flayan Baez, &#8220;T\u00fcrkiye\u2019deki konserlerimi iptal etti\u011fim a\u00e7\u0131klamaya gelen tepkileri g\u00f6rd\u00fckten sonra, s\u00f6zlerim nedeniyle \u00fcz\u00fclen, sinirlenen, hakarete u\u011fram\u0131\u015f hisseden veya kafas\u0131 kar\u0131\u015fan herkesten \u00f6z\u00fcr dilerim&#8221; ifadelerini kulland\u0131.<\/span><\/p>\n<p class=\"p1\"><span class=\"s1\">Baez&#8217;in a\u00e7\u0131klamas\u0131 \u015f\u00f6yle devam etti: &#8220;Bu ifadeler, T\u00fcrkiye\u2019de olan bitenleri televizyondan takip ederkenki hislerimi yans\u0131t\u0131yor. S\u00f6zlerim \u00e7ok d\u00fc\u015f\u00fcn\u00fclm\u00fc\u015f, diplomatik ifadeler de\u011fildi. A\u00e7\u0131k\u00e7a anlad\u0131m ki, baz\u0131 g\u00f6zlemlerimi kendime saklayabilirmi\u015fim. Konserlerimi iptal etme karar\u0131, almas\u0131 \u00e7ok zor ve ac\u0131 bir karard\u0131, bu y\u00fczden ge\u00e7 karar verebildim. Orada olmay\u0131 \u00e7ok istiyordum ve m\u00fczisyenlerim olmadan konser verebilsem kesinlikle gelirdim. Ama ekibimden kimseye benimle gelmesi i\u00e7in \u0131srar edemezdim. Dayan\u0131\u015fma amac\u0131yla yazd\u0131\u011f\u0131m mektubun destek olmaktansa yaralay\u0131c\u0131 oldu\u011funu g\u00f6rd\u00fcm. Bu y\u00fczden tekrar \u00f6z\u00fcr diliyorum. Sevgiyle, Joan Baez&#8221;<\/span><\/p>\n","protected":false},"excerpt":{"rendered":"<p>Darbe giri\u015fimi sonras\u0131 &#8220;Daha tehlikeli bir \u00fclke g\u00f6rmemi\u015ftim&#8221; diyerek T\u00fcrkiye&#8217;deki konser takvimini iptal eden d\u00fcnyaca \u00fcnl\u00fc sanat\u00e7\u0131 Joan Baez, gelen tepkiler \u00fczerine bir a\u00e7\u0131klama yapt\u0131. 12 A\u011fustos\u2019ta \u0130zmir K\u00fclt\u00fcrpark A\u00e7\u0131k Hava Tiyatrosu\u2019nda verece\u011fi konseri iptal eden Joan Baez, gelen tepkiler \u00fczerine \u00f6z\u00fcr diledi. A\u00e7\u0131klamas\u0131na &#8220;Kamuoyuna ve T\u00fcrkiye\u2019de \u00e7ok sevdi\u011fim arkada\u015flar\u0131ma,&#8221; diye ba\u015flayan Baez, &#8220;T\u00fcrkiye\u2019deki konserlerimi &hellip;<\/p>\n","protected":false},"author":1,"featured_media":31337,"comment_status":"closed","ping_status":"open","sticky":false,"template":"","format":"standard","meta":{"footnotes":""},"categories":[39,28],"tags":[112,5582,275,529],"class_list":["post-31336","post","type-post","status-publish","format-standard","has-post-thumbnail","","category-muzik","category-pop","tag-haberler-2","tag-joan-baez","tag-muzik-2","tag-turkiye-2"],"_links":{"self":[{"href":"http:\/\/www.gzone.com.tr\/index.php\/wp-json\/wp\/v2\/posts\/31336","targetHints":{"allow":["GET"]}}],"collection":[{"href":"http:\/\/www.gzone.com.tr\/index.php\/wp-json\/wp\/v2\/posts"}],"about":[{"href":"http:\/\/www.gzone.com.tr\/index.php\/wp-json\/wp\/v2\/types\/post"}],"author":[{"embeddable":true,"href":"http:\/\/www.gzone.com.tr\/index.php\/wp-json\/wp\/v2\/users\/1"}],"replies":[{"embeddable":true,"href":"http:\/\/www.gzone.com.tr\/index.php\/wp-json\/wp\/v2\/comments?post=31336"}],"version-history":[{"count":1,"href":"http:\/\/www.gzone.com.tr\/index.php\/wp-json\/wp\/v2\/posts\/31336\/revisions"}],"predecessor-version":[{"id":31338,"href":"http:\/\/www.gzone.com.tr\/index.php\/wp-json\/wp\/v2\/posts\/31336\/revisions\/31338"}],"wp:featuredmedia":[{"embeddable":true,"href":"http:\/\/www.gzone.com.tr\/index.php\/wp-json\/wp\/v2\/media\/31337"}],"wp:attachment":[{"href":"http:\/\/www.gzone.com.tr\/index.php\/wp-json\/wp\/v2\/media?parent=31336"}],"wp:term":[{"taxonomy":"category","embeddable":true,"href":"http:\/\/www.gzone.com.tr\/index.php\/wp-json\/wp\/v2\/categories?post=31336"},{"taxonomy":"post_tag","embeddable":true,"href":"http:\/\/www.gzone.com.tr\/index.php\/wp-json\/wp\/v2\/tags?post=31336"}],"curies":[{"name":"wp","href":"https:\/\/api.w.org\/{rel}","templated":true}]}}