{"id":31330,"date":"2016-07-29T15:08:06","date_gmt":"2016-07-29T12:08:06","guid":{"rendered":"http:\/\/gzone.com.tr\/?p=31330"},"modified":"2016-07-29T17:14:12","modified_gmt":"2016-07-29T14:14:12","slug":"ayta-sozerinin-oynadigi-reha-erdem-filmi-koca-dunya-venedik-film-festivalinde","status":"publish","type":"post","link":"http:\/\/www.gzone.com.tr\/index.php\/2016\/07\/29\/ayta-sozerinin-oynadigi-reha-erdem-filmi-koca-dunya-venedik-film-festivalinde\/","title":{"rendered":"AYTA S\u00d6ZER\u0130&#8217;N\u0130N OYNADI\u011eI &#8220;KOCA D\u00dcNYA&#8221; VENED\u0130K F\u0130LM FEST\u0130VAL\u0130&#8217;NDE"},"content":{"rendered":"<p class=\"story-body__introduction\">\u0130talya&#8217;n\u0131n Venedik kentinde 31 A\u011fustos-10 Eyl\u00fcl tarihleri aras\u0131nda yap\u0131lacak olan festivalin program\u0131 d\u00fczenlenen bas\u0131n toplant\u0131s\u0131yla a\u00e7\u0131kland\u0131.<\/p>\n<p>Festival program\u0131nda g\u00f6re T\u00fcrkiye&#8217;den Reha Erdem&#8217;in &#8220;Koca D\u00fcnya&#8221; filmi &#8220;Ufuklar&#8221; kategorisinde yar\u0131\u015facak. Ufuklar kategorisinde, &#8220;yeni estetik ve ifade bi\u00e7imi e\u011filimlerini temsil eden uluslararas\u0131 filmler&#8221; yer al\u0131yor.<\/p>\n<p><img loading=\"lazy\" decoding=\"async\" class=\"alignnone\" src=\"https:\/\/s32.postimg.org\/72suzhf2t\/locandina.jpg\" width=\"420\" height=\"594\" \/><\/p>\n<p><strong>AYTA S\u00d6ZER\u0130 DE VAR<\/strong><\/p>\n<p>&#8220;Kay\u0131p \u015eehir&#8221; ve &#8220;Parampar\u00e7a&#8221; gibi TV dizilerinde \u00f6nemli rollerde yer alan trans kad\u0131n oyuncu Ayta S\u00f6zeri de Reha Erdem&#8217;in &#8220;Koca D\u00fcnya&#8221; isimli filminde rol al\u0131yor.<\/p>\n<p>.<img loading=\"lazy\" decoding=\"async\" class=\"alignnone\" src=\"https:\/\/s31.postimg.org\/zd6rs8pcb\/venedik.jpg\" width=\"624\" height=\"351\" \/><\/p>\n<p><strong>ANA YARI\u015eMA J\u00dcR\u0130 BA\u015eKANI SAM MENDES\u00a0<\/strong><\/p>\n<p>Alt\u0131n Aslan \u00f6d\u00fcll\u00fc ana yar\u0131\u015fmada ise Tom Ford&#8217;un &#8220;Nocturnal Animals&#8221;, Emir Kusturica&#8217;n\u0131n &#8220;On the Milky Road&#8221;, Fran\u00e7ois Ozon&#8217;\u0131n &#8220;Frantz&#8221;, Wim Wenders&#8217;\u0131n &#8220;Les Beaux Jours D&#8217;Aranjuez&#8221;, Damien Chazelle&#8217;in &#8220;La La Land&#8221; ve Terrence Malick&#8217;in &#8220;Voyage of Time&#8221; isimli filmlerinin de aralar\u0131nda yer ald\u0131\u011f\u0131 19 film yar\u0131\u015facak.<\/p>\n<p>Ana yar\u0131\u015fma j\u00fcrisinin ba\u015fkanl\u0131\u011f\u0131n\u0131 \u0130ngiliz y\u00f6netmen Sam Mendes yapacak. J\u00fcride ayr\u0131ca ABD&#8217;li yazar, y\u00f6netmen ve \u015fark\u0131c\u0131 Laurie Anderson; \u0130ngiliz aktris Gemma Arterton; \u0130talyan senarist, yazar Giancarlo De Cataldo; Alman aktris Nina Hoss; Catherine Deneuve ve Marcello Mastroianni&#8217;nin k\u0131z\u0131 aktris Chiara Mastroianni, ABD&#8217;li y\u00f6netmen Joshua Oppenheimer, Venezuelal\u0131 y\u00f6netmen Lorenzo Vigas ve \u00c7inli aktris, y\u00f6netmen Zhao Wei yer alacak.<\/p>\n<p>Ya\u015fam boyu ba\u015far\u0131 \u00f6d\u00fcl\u00fc olan &#8220;Kariyer Alt\u0131n Aslan\u0131&#8221;, Frans\u0131z akt\u00f6r Jean-Paul Belmondo ile Polonyal\u0131 y\u00f6netmen Jerzy Skolimowski&#8217;ye verilecek.<\/p>\n<p>Her ikisi de bu ay ba\u015f\u0131nda hayatlar\u0131n\u0131 kaybeden \u0130ranl\u0131 y\u00f6netmen Abbas Kiarostami ve ABD&#8217;li y\u00f6netmen Michael Cimino i\u00e7in de \u00f6zel bir program d\u00fczenlenecek.<\/p>\n<p><img loading=\"lazy\" decoding=\"async\" class=\"alignnone size-large wp-image-7011\" src=\"http:\/\/gzone.com.tr\/wp-content\/uploads\/2015\/02\/ferzan-ozpetek-660x330.jpg\" alt=\"ferzan-ozpetek\" width=\"618\" height=\"309\" srcset=\"http:\/\/www.gzone.com.tr\/wp-content\/uploads\/2015\/02\/ferzan-ozpetek.jpg 660w, http:\/\/www.gzone.com.tr\/wp-content\/uploads\/2015\/02\/ferzan-ozpetek-300x150.jpg 300w\" sizes=\"auto, (max-width: 618px) 100vw, 618px\" \/><\/p>\n<p><strong>&#8220;G\u00d6\u00c7MEN F\u0130LMLER\u0130&#8221; J\u00dcR\u0130S\u0130 BA\u015eKANI FERZAN \u00d6ZPETEK<\/strong><\/p>\n<p>Venedik Film Festivali kapsam\u0131nda bu y\u0131l ilk kez d\u00fczenlenecek olan &#8220;MigrArti&#8221; b\u00f6l\u00fcm\u00fcn\u00fcn j\u00fcri ba\u015fkanl\u0131\u011f\u0131n\u0131 ise Ferzan \u00d6zpetek yapacak. Bu se\u00e7kide, \u0130talya&#8217;da ya\u015fayan yabanc\u0131 k\u00f6kenli y\u00f6netmenlere ait 16 film yar\u0131\u015facak.<\/p>\n<p>&#8220;G\u00f6\u00e7men&#8221; ve &#8220;sanat&#8221; kelimelerinin birle\u015fiminden olu\u015fan MigrArti projesi ge\u00e7en y\u0131l\u0131n sonunda \u0130talyan K\u00fclt\u00fcr Bakanl\u0131\u011f\u0131&#8217;nca olu\u015fturulmu\u015f ve projenin amac\u0131 &#8220;\u00dclkemizin sosyal dokusunun ayr\u0131lmaz bir par\u00e7as\u0131 haline gelmi\u015f g\u00f6\u00e7men halklar\u0131n kar\u015f\u0131 kar\u015f\u0131ya oldu\u011fu ger\u00e7ekleri tan\u0131tmak&#8221; olarak a\u00e7\u0131klanm\u0131\u015ft\u0131<\/p>\n<p>Kaynak: BBC T\u00dcRK\u00c7E<\/p>\n","protected":false},"excerpt":{"rendered":"<p>\u0130talya&#8217;n\u0131n Venedik kentinde 31 A\u011fustos-10 Eyl\u00fcl tarihleri aras\u0131nda yap\u0131lacak olan festivalin program\u0131 d\u00fczenlenen bas\u0131n toplant\u0131s\u0131yla a\u00e7\u0131kland\u0131. Festival program\u0131nda g\u00f6re T\u00fcrkiye&#8217;den Reha Erdem&#8217;in &#8220;Koca D\u00fcnya&#8221; filmi &#8220;Ufuklar&#8221; kategorisinde yar\u0131\u015facak. Ufuklar kategorisinde, &#8220;yeni estetik ve ifade bi\u00e7imi e\u011filimlerini temsil eden uluslararas\u0131 filmler&#8221; yer al\u0131yor. AYTA S\u00d6ZER\u0130 DE VAR &#8220;Kay\u0131p \u015eehir&#8221; ve &#8220;Parampar\u00e7a&#8221; gibi TV dizilerinde \u00f6nemli rollerde &hellip;<\/p>\n","protected":false},"author":1,"featured_media":31339,"comment_status":"closed","ping_status":"open","sticky":false,"template":"","format":"standard","meta":{"footnotes":""},"categories":[28,61],"tags":[506,415,509],"class_list":["post-31330","post","type-post","status-publish","format-standard","has-post-thumbnail","","category-pop","category-sinematv","tag-ayta-sozeri","tag-pop-2","tag-sinema-tv"],"_links":{"self":[{"href":"http:\/\/www.gzone.com.tr\/index.php\/wp-json\/wp\/v2\/posts\/31330","targetHints":{"allow":["GET"]}}],"collection":[{"href":"http:\/\/www.gzone.com.tr\/index.php\/wp-json\/wp\/v2\/posts"}],"about":[{"href":"http:\/\/www.gzone.com.tr\/index.php\/wp-json\/wp\/v2\/types\/post"}],"author":[{"embeddable":true,"href":"http:\/\/www.gzone.com.tr\/index.php\/wp-json\/wp\/v2\/users\/1"}],"replies":[{"embeddable":true,"href":"http:\/\/www.gzone.com.tr\/index.php\/wp-json\/wp\/v2\/comments?post=31330"}],"version-history":[{"count":5,"href":"http:\/\/www.gzone.com.tr\/index.php\/wp-json\/wp\/v2\/posts\/31330\/revisions"}],"predecessor-version":[{"id":31344,"href":"http:\/\/www.gzone.com.tr\/index.php\/wp-json\/wp\/v2\/posts\/31330\/revisions\/31344"}],"wp:featuredmedia":[{"embeddable":true,"href":"http:\/\/www.gzone.com.tr\/index.php\/wp-json\/wp\/v2\/media\/31339"}],"wp:attachment":[{"href":"http:\/\/www.gzone.com.tr\/index.php\/wp-json\/wp\/v2\/media?parent=31330"}],"wp:term":[{"taxonomy":"category","embeddable":true,"href":"http:\/\/www.gzone.com.tr\/index.php\/wp-json\/wp\/v2\/categories?post=31330"},{"taxonomy":"post_tag","embeddable":true,"href":"http:\/\/www.gzone.com.tr\/index.php\/wp-json\/wp\/v2\/tags?post=31330"}],"curies":[{"name":"wp","href":"https:\/\/api.w.org\/{rel}","templated":true}]}}