{"id":30619,"date":"2016-07-17T00:00:44","date_gmt":"2016-07-16T21:00:44","guid":{"rendered":"http:\/\/gzone.com.tr\/?p=30619"},"modified":"2016-07-17T12:01:29","modified_gmt":"2016-07-17T09:01:29","slug":"galeri-kanada-gercekten-de-hayalleri-susleyen-ulke-mi","status":"publish","type":"post","link":"http:\/\/www.gzone.com.tr\/index.php\/2016\/07\/17\/galeri-kanada-gercekten-de-hayalleri-susleyen-ulke-mi\/","title":{"rendered":"GALER\u0130: KANADA GER\u00c7EKTEN DE HAYALLER\u0130 S\u00dcSLEYEN \u00dcLKE M\u0130?"},"content":{"rendered":"<p>&nbsp;<\/p>\n<p>Kimine g\u00f6re cennet \u00fclke, kimine g\u00f6re ise kurtulu\u015f yolu. Google raporlar\u0131na g\u00f6re, ya\u015fam\u0131 en \u00e7ok ara\u015ft\u0131r\u0131lan \u00fclkeler aras\u0131nda en ba\u015fa oturan Kanada asl\u0131nda \u00f6zg\u00fcrl\u00fckleri bak\u0131m\u0131ndan belki de en imrenilen \u00fclkeler aras\u0131nda ba\u015f\u0131 \u00e7ekiyor. Gerek do\u011fa harikas\u0131 olarak tan\u0131t\u0131lmas\u0131ndan, gerek ABD&#8217;ye yak\u0131nl\u0131\u011f\u0131ndan dolay\u0131 bir\u00e7ok ABD ve \u0130ngiltere vatanda\u015f\u0131n\u0131n da ba\u015fl\u0131ca tercihi Kanada. Avrupa&#8217;da s\u00fcregelen kaos ve \u00f6nyarg\u0131lardan s\u0131k\u0131ld\u0131ysan\u0131z, Kanada tam da sizin i\u00e7in bi\u00e7ilmi\u015f kaftan olabilir. <strong>Peki ger\u00e7ekten de ya\u015fam Kanada&#8217;da san\u0131ld\u0131\u011f\u0131 kadar kolay m\u0131?<\/strong><\/p>\n<p><img loading=\"lazy\" decoding=\"async\" class=\"alignnone\" src=\"https:\/\/s32.postimg.org\/4vvx4f6xx\/justin_trudeau_411_855x1200.jpg\" alt=\"\" width=\"570\" height=\"800\" \/><\/p>\n<p>Ayr\u0131ca bir de Kanada Ba\u015fbakan\u0131 Justin Trudeau var.\u00a0\u00c7ekti\u011fi \u015f\u0131navlarla, pandalarla \u00e7ektirdi\u011fi foto\u011fraflarla ve kuantum hesaplama bilgisiyle d\u00fcnya \u00e7ap\u0131nda sempati kazanan bir lider.\u00a0Ama tabi ki Kanada&#8217;yla ilgili baz\u0131 zorluklar da var. \u0130\u015fte kar\u015f\u0131n\u0131zda,\u00a0<strong>BBC News<\/strong>&#8216;ten Jasmine Taylor-Coleman&#8217;\u0131n haz\u0131rlad\u0131\u011f\u0131, Kanada&#8217;n\u0131n belli ba\u015fl\u0131 zorluklar\u0131 listesi\u2026<\/p>\n<h2><strong>Sinekler<\/strong><\/h2>\n<p><img loading=\"lazy\" decoding=\"async\" class=\"alignnone\" src=\"http:\/\/s31.postimg.org\/troxvz1zf\/sivri_sinek_go_rmek.jpg\" alt=\"\" width=\"1279\" height=\"853\" \/><\/p>\n<p>Kanada k\u0131\u015f aylar\u0131nda \u00e7ok so\u011fuk bir \u00fclke ve \u015fiddetli r\u00fczgar\u0131n etkisiyle baz\u0131 yerlerde s\u0131cakl\u0131k -40 dereceye kadar d\u00fc\u015febiliyor. \u00a0Ancak havalar \u0131s\u0131nd\u0131\u011f\u0131nda bile kapal\u0131 bir yerde kalmak i\u00e7in bir neden var.\u00a0Kanada topraklar\u0131, \u00fclkenin sert iklimine adapte olmu\u015f onlarca t\u00fcr sivrisine\u011fi bar\u0131nd\u0131r\u0131yor.<\/p>\n<p>2014 y\u0131l\u0131nda Kanada Kuzeybat\u0131 Topraklar\u0131&#8217;na yerle\u015fen BBC Spor muhabiri Ollie Williams, &#8220;Buraya ta\u015f\u0131nd\u0131\u011f\u0131mda kimse bana bu sineklerden bahsetmemi\u015fti&#8221; diyor ve ekliyor:\u00a0&#8220;Hi\u00e7bir fikrim yoktu. Her nedense kafamdaki, y\u0131l\u0131n yar\u0131s\u0131ndan fazlas\u0131 bir d\u00f6nemde donmu\u015f olan bir yerin, ba\u015fparma\u011f\u0131n\u0131z b\u00fcy\u00fckl\u00fc\u011f\u00fcndeki kana susam\u0131\u015f b\u00f6ceklerin evi olamayaca\u011f\u0131 d\u00fc\u015f\u00fcncesiydi. Bu konuda \u00e7ok yan\u0131lm\u0131\u015f\u0131m.&#8221;<\/p>\n<h2><strong>Ge\u00e7im Maliyetleri<\/strong><\/h2>\n<p><img loading=\"lazy\" decoding=\"async\" class=\"alignnone\" src=\"http:\/\/s31.postimg.org\/d1i5kdsy3\/7408848_Canadian_money_Stock_Photo_canada.jpg\" alt=\"\" width=\"1278\" height=\"705\" \/><\/p>\n<p>Olli Williams, sat\u0131\u015f vergisi ya da faturalara eklenen bah\u015fi\u015f gibi ek \u00fccretlere Amerikal\u0131lar\u0131n al\u0131\u015f\u0131k olaca\u011f\u0131n\u0131 ancak bunun \u0130ngilizler i\u00e7in \u00e7ok \u015fa\u015f\u0131rt\u0131c\u0131 oldu\u011funu belirtiyor.\u00a0&#8220;Ka\u011f\u0131t \u00fczerinde g\u00f6rd\u00fc\u011f\u00fcn\u00fcz masraf her neyse bu, sonunda kasada \u00f6deyece\u011finizden daha azd\u0131r. Neden bize \u0130ngiltere&#8217;de yap\u0131ld\u0131\u011f\u0131 gibi son fiyat\u0131 yaz\u0131l\u0131 olarak s\u00f6ylemiyorlar?&#8221; diyor Williams.<\/p>\n<p>Bu arada g\u00fcnl\u00fck market fiyatlar\u0131 Kanada dolar\u0131n\u0131n ABD dolar\u0131 kar\u015f\u0131s\u0131ndaki performans\u0131na ba\u011fl\u0131 olarak de\u011fi\u015fiyor. Kanada&#8217;da t\u00fcketilen meyve sebzelerin b\u00fcy\u00fck \u00e7o\u011funlu\u011funun ithal ediliyor olmas\u0131 nedeniyle bunlar kur dalgalanmalar\u0131 kar\u015f\u0131s\u0131nda korunmas\u0131zlar.\u00a0ABD&#8217;den gelenler, Kanada&#8217;n\u0131n b\u00fcy\u00fck bir petrol \u00fcretici olmas\u0131na ra\u011fmen, bu \u00fclkedeki benzin fiyatlar\u0131n\u0131 daha pahal\u0131 bulacakt\u0131r.<\/p>\n<p>\u0130ngiltere&#8217;den gelenler ise muhtemelen daha \u00e7ok, bira, \u015farap ve sert i\u00e7kilerin (t\u0131pk\u0131 benzin gibi) ne kadar \u00e7ok vergilenmi\u015f ve bu nedenle pahal\u0131 oldu\u011funa \u015fa\u015f\u0131racakt\u0131r.\u00a0Kanada&#8217;da nerede ya\u015fand\u0131\u011f\u0131na ba\u011fl\u0131 olarak alkoll\u00fc i\u00e7kilerle ilgili yasal d\u00fczenlemeler, bu i\u00e7kilerin nerede sat\u0131laca\u011f\u0131n\u0131 ve t\u00fcketilece\u011fini de k\u0131s\u0131tlamakta.<\/p>\n<h2><strong>Y\u00fcksek Ev Maliyetleri<\/strong><\/h2>\n<p><img loading=\"lazy\" decoding=\"async\" class=\"alignnone\" src=\"http:\/\/s32.postimg.org\/99euxd3hh\/Vancouver.jpg\" alt=\"\" width=\"1278\" height=\"832\" \/><\/p>\n<p>Vancouver ve Toronto kentlerinde artan konut fiyatlar\u0131, git gide daha fazla insan i\u00e7in ev sahibi olmay\u0131 zorla\u015ft\u0131r\u0131yor.\u00a0Bu konut k\u00f6p\u00fc\u011f\u00fcn\u00fcn \u00e7\u00f6k\u00fc\u015fe gidebilece\u011fine dair endi\u015feler dahi var.\u00a0Vancouver&#8217;daki ortalama konut fiyatlar\u0131 ge\u00e7en y\u0131la oranla y\u00fczde 32&#8217;den fazla artarak 917 bin 800 Kanada dolar\u0131na ula\u015ft\u0131.<\/p>\n<p>Toronto&#8217;da da bir evin Haziran ay\u0131ndaki ortalama fiyat\u0131 bir y\u0131l i\u00e7inde yakla\u015f\u0131k y\u00fczde 17 artarak 775 bin 400 dolar oldu.\u00a0Globe and Mail gazetesinin finans sayfas\u0131 k\u00f6\u015fe yazarlar\u0131ndan Rob Carrick, &#8220;Ya\u015fanacak en ilgin\u00e7 kentlerden ikisi ola\u011fan\u00fcst\u00fc pahal\u0131 konut piyasalar\u0131na sahip&#8221; diyor.\u00a0Carrick, bu konutlar\u0131 sat\u0131n alabilecek yeteri kadar varl\u0131kl\u0131 insan\u0131n var oldu\u011funu, ancak fiyatlar\u0131n orta ve alt s\u0131n\u0131flar i\u00e7in \u00e7ok y\u00fcksek oldu\u011funu s\u00f6yl\u00fcyor.<\/p>\n<p>Baz\u0131 uzmanlar \u0130ngiltere&#8217;deki Brexit nedeniyle daha fazla yabanc\u0131 al\u0131c\u0131n\u0131n Kanada&#8217;ya gelebilece\u011fini ve bunun b\u00fcy\u00fcmeyi s\u00fcrd\u00fcrmeye yard\u0131mc\u0131 olaca\u011f\u0131n\u0131 belirtiyor.\u00a0Ancak \u00fclkedeki bir\u00e7ok insan i\u00e7in bir ev sahibi olma ihtimali git gide azal\u0131yor.<\/p>\n<h2><strong>Gelir E\u015fitsizli\u011fi<\/strong><\/h2>\n<p><img loading=\"lazy\" decoding=\"async\" class=\"alignnone\" src=\"http:\/\/s32.postimg.org\/ts62rfpwl\/things_tim_hortons_could_do_to_help_the_homeless.jpg\" alt=\"\" width=\"1280\" height=\"720\" \/><\/p>\n<p>Bir\u00e7ok \u00fclkede oldu\u011fu gibi Kanada&#8217;da da servet git gide daha fazla s\u00fcper zenginlerin elinde toplan\u0131yor.\u00a0Ba\u015fbakan Justin Trudeau da se\u00e7im kampanyas\u0131 s\u0131ras\u0131nda, gelir e\u015fitsizli\u011fiyle m\u00fccadele etmeye s\u00f6z vermi\u015fti.\u00a0H\u00fck\u00fcmetin haz\u0131rlad\u0131\u011f\u0131 ilk b\u00fct\u00e7ede 45 bin dolar ila 90 bin dolar aras\u0131nda gelir elde edenlerden kesilen vergiler de art\u0131r\u0131lm\u0131\u015ft\u0131.\u00a0Ancak Trudeau&#8217;yu ele\u015ftirenler daha fazlas\u0131n\u0131 bekliyor.<\/p>\n<p>Bu arada Nisan ay\u0131nda Attawapiskat kabilesinden gelen toplu intihar haberleri, Kanada&#8217;n\u0131n 1,4 milyonluk K\u0131z\u0131lderili toplumundaki y\u00fcksek yoksulluk ve tecrite de dikkat \u00e7ekti.<\/p>\n<h2><strong>Ba\u015fbakan Yak\u0131\u015f\u0131kl\u0131 Ama&#8230;<\/strong><\/h2>\n<p><img loading=\"lazy\" decoding=\"async\" class=\"alignnone\" src=\"http:\/\/s31.postimg.org\/4ihloyv2j\/trudeau_canada_speech.jpg\" alt=\"\" width=\"1279\" height=\"853\" \/><\/p>\n<p>Justin Trudeau, b\u00fcy\u00fck bir pop\u00fcler dalgayla se\u00e7ildi ve se\u00e7ilmesinden bu yanaki dokuz ay i\u00e7erisinde uluslararas\u0131 \u00fcn\u00fc iyice artt\u0131.\u00a0Medyan\u0131n ilgisi, 44 ya\u015f\u0131ndaki ba\u015fbakan\u0131n atletik yap\u0131s\u0131 ve fotojenik g\u00f6r\u00fcnt\u00fcs\u00fc \u00fczerinde yo\u011funla\u015ft\u0131.\u00a0Trudeau&#8217;nun bir milletvekilini &#8216;itip kakmas\u0131&#8217; ve de ba\u015fka bir milletvekilineyse yanl\u0131\u015fl\u0131kla dirsek atmas\u0131 gibi olaylara ra\u011fmen pop\u00fclaritesi y\u00fcksek kalmaya devam ediyor.<\/p>\n<p>Ancak uzmanlar, Trudeau&#8217;nun \u00fclkeyi y\u00f6netmede ne kadar ba\u015far\u0131l\u0131 olaca\u011f\u0131n\u0131 s\u00f6ylemek i\u00e7in erken oldu\u011fu g\u00f6r\u00fc\u015f\u00fcnde.\u00a0Kanadal\u0131 yazar ve blogger Lauren Messervey, &#8220;Trudeau&#8217;nun, kurtulmas\u0131 gereken bir &#8216;parlak \u00e7ocuk&#8217; imaj\u0131 var. Bana g\u00f6re bu, yarardan \u00e7ok zarar\u0131na&#8221; diyor.\u00a0Messervey; Trudeau&#8217;n\u0131n h\u00fck\u00fcmet yetkililerine, kamuoyuna ve uluslararas\u0131 liderlere, kendisinin sadece bir parlak \u00e7ocuktan daha fazlas\u0131 oldu\u011funu kan\u0131tlamas\u0131 gerekti\u011fini s\u00f6yl\u00fcyor.<\/p>\n<p>Kaynak: BBC<\/p>\n<p>&nbsp;<\/p>\n","protected":false},"excerpt":{"rendered":"<p>&nbsp; Kimine g\u00f6re cennet \u00fclke, kimine g\u00f6re ise kurtulu\u015f yolu. Google raporlar\u0131na g\u00f6re, ya\u015fam\u0131 en \u00e7ok ara\u015ft\u0131r\u0131lan \u00fclkeler aras\u0131nda en ba\u015fa oturan Kanada asl\u0131nda \u00f6zg\u00fcrl\u00fckleri bak\u0131m\u0131ndan belki de en imrenilen \u00fclkeler aras\u0131nda ba\u015f\u0131 \u00e7ekiyor. Gerek do\u011fa harikas\u0131 olarak tan\u0131t\u0131lmas\u0131ndan, gerek ABD&#8217;ye yak\u0131nl\u0131\u011f\u0131ndan dolay\u0131 bir\u00e7ok ABD ve \u0130ngiltere vatanda\u015f\u0131n\u0131n da ba\u015fl\u0131ca tercihi Kanada. Avrupa&#8217;da s\u00fcregelen kaos &hellip;<\/p>\n","protected":false},"author":1,"featured_media":14041,"comment_status":"closed","ping_status":"open","sticky":false,"template":"","format":"standard","meta":{"footnotes":""},"categories":[89],"tags":[5531,4116,2922,1631,2647,157,729],"class_list":["post-30619","post","type-post","status-publish","format-standard","has-post-thumbnail","","category-seyahat","tag-goc","tag-iltica","tag-justin-trudeau","tag-kanada","tag-multeci","tag-seyahat-2","tag-yasam-2"],"_links":{"self":[{"href":"http:\/\/www.gzone.com.tr\/index.php\/wp-json\/wp\/v2\/posts\/30619","targetHints":{"allow":["GET"]}}],"collection":[{"href":"http:\/\/www.gzone.com.tr\/index.php\/wp-json\/wp\/v2\/posts"}],"about":[{"href":"http:\/\/www.gzone.com.tr\/index.php\/wp-json\/wp\/v2\/types\/post"}],"author":[{"embeddable":true,"href":"http:\/\/www.gzone.com.tr\/index.php\/wp-json\/wp\/v2\/users\/1"}],"replies":[{"embeddable":true,"href":"http:\/\/www.gzone.com.tr\/index.php\/wp-json\/wp\/v2\/comments?post=30619"}],"version-history":[{"count":2,"href":"http:\/\/www.gzone.com.tr\/index.php\/wp-json\/wp\/v2\/posts\/30619\/revisions"}],"predecessor-version":[{"id":30647,"href":"http:\/\/www.gzone.com.tr\/index.php\/wp-json\/wp\/v2\/posts\/30619\/revisions\/30647"}],"wp:featuredmedia":[{"embeddable":true,"href":"http:\/\/www.gzone.com.tr\/index.php\/wp-json\/wp\/v2\/media\/14041"}],"wp:attachment":[{"href":"http:\/\/www.gzone.com.tr\/index.php\/wp-json\/wp\/v2\/media?parent=30619"}],"wp:term":[{"taxonomy":"category","embeddable":true,"href":"http:\/\/www.gzone.com.tr\/index.php\/wp-json\/wp\/v2\/categories?post=30619"},{"taxonomy":"post_tag","embeddable":true,"href":"http:\/\/www.gzone.com.tr\/index.php\/wp-json\/wp\/v2\/tags?post=30619"}],"curies":[{"name":"wp","href":"https:\/\/api.w.org\/{rel}","templated":true}]}}